{"id":459413,"date":"2025-10-13T08:39:16","date_gmt":"2025-10-13T08:39:16","guid":{"rendered":"https:\/\/www.europesays.com\/fr\/459413\/"},"modified":"2025-10-13T08:39:16","modified_gmt":"2025-10-13T08:39:16","slug":"geoffrey-soupe-raccroche-sur-un-podium-actualite","status":"publish","type":"post","link":"https:\/\/www.europesays.com\/fr\/459413\/","title":{"rendered":"Geoffrey Soupe raccroche sur un podium &#8211; Actualit\u00e9"},"content":{"rendered":"<p style=\"text-align: justify;\">C\u2019est avec une 3e place sur la troisi\u00e8me et derni\u00e8re \u00e9tape du Tour de Kyushu (2.1) que\u00a0<strong><a href=\"https:\/\/www.directvelo.com\/coureur\/50\/geoffrey-soupe\" target=\"_blank\" rel=\"noopener\">Geoffrey Soupe<\/a><\/strong> en a termin\u00e9 avec sa carri\u00e8re ce lundi au Japon. Non conserv\u00e9 par l\u2019\u00e9quipe TotalEnergies, l\u2019Aindinois de 37 ans ne sera en effet plus dans les pelotons en 2026.<\/p>\n<p>Form\u00e9 \u00e0 l\u2019EC Bourg-en-Bresse, au VC Bressan, au VC Lyon-Vaulx-en-Velin et au CC \u00c9tupes, Geoffrey Soupe est pass\u00e9 professionnel en 2011 \u00e0 la FDJ. Comme Nacer Bouhanni, dont il est devenu le poisson-pilote, il a rejoint l\u2019\u00e9quipe Cofidis en 2015. Il y est rest\u00e9 cinq ann\u00e9es avant de s\u2019engager en 2020 avec la formation TotalEnergies.<\/p>\n<p>Geoffrey Soupe a obtenu la plus belle victoire de sa carri\u00e8re en 2023 en s\u2019offrant au sprint la 7e \u00e9tape du Tour d\u2019Espagne, \u00e0 Oliva. Cette ann\u00e9e-l\u00e0, il avait \u00e9galement remport\u00e9 une \u00e9tape et le classement g\u00e9n\u00e9ral de la Tropicale Amissa Bongo, douze ans apr\u00e8s son premier succ\u00e8s professionnel sur une \u00e9tape de l\u2019\u00e9preuve gabonaise. Chez les Espoirs en 2010, sous les couleurs de la Franche-Comt\u00e9, il avait \u00e9t\u00e9 sacr\u00e9 Champion de France sur le circuit de Br\u00e9cey (Manche), devant Thomas Damuseau et Adrien Petit.<\/p>\n","protected":false},"excerpt":{"rendered":"C\u2019est avec une 3e place sur la troisi\u00e8me et derni\u00e8re \u00e9tape du Tour de Kyushu (2.1) que\u00a0Geoffrey Soupe&hellip;\n","protected":false},"author":2,"featured_media":459414,"comment_status":"","ping_status":"","sticky":false,"template":"","format":"standard","meta":{"footnotes":""},"categories":[1411],"tags":[834,828,836,829,837,827,83,826,824,823,1154,207,814,817,815,816,822,821,832,211,839,1011,27,820,818,819,835,831,830,833,838,60,212,208,825],"class_list":{"0":"post-459413","1":"post","2":"type-post","3":"status-publish","4":"format-standard","5":"has-post-thumbnail","7":"category-cyclisme","8":"tag-attaque","9":"tag-belgique","10":"tag-braquet","11":"tag-bretagne","12":"tag-chute","13":"tag-competition","14":"tag-coupe-de-france","15":"tag-coureur","16":"tag-course-cyclisme","17":"tag-course-cycliste","18":"tag-cycling","19":"tag-cyclisme","20":"tag-direct","21":"tag-direct-velo","22":"tag-directvelo","23":"tag-directvelo-com","24":"tag-epreuve","25":"tag-epreuve-cycliste","26":"tag-federation-francaise-de-cyclisme","27":"tag-ffc","28":"tag-flandres","29":"tag-fr","30":"tag-france","31":"tag-live","32":"tag-live-course","33":"tag-live-epreuve","34":"tag-peloton","35":"tag-radio-peloton","36":"tag-radio-tour","37":"tag-ravitaillement","38":"tag-relance","39":"tag-sports","40":"tag-uci","41":"tag-velo","42":"tag-velos"},"share_on_mastodon":{"url":"https:\/\/pubeurope.com\/@fr\/115365961020907361","error":""},"_links":{"self":[{"href":"https:\/\/www.europesays.com\/fr\/wp-json\/wp\/v2\/posts\/459413","targetHints":{"allow":["GET"]}}],"collection":[{"href":"https:\/\/www.europesays.com\/fr\/wp-json\/wp\/v2\/posts"}],"about":[{"href":"https:\/\/www.europesays.com\/fr\/wp-json\/wp\/v2\/types\/post"}],"author":[{"embeddable":true,"href":"https:\/\/www.europesays.com\/fr\/wp-json\/wp\/v2\/users\/2"}],"replies":[{"embeddable":true,"href":"https:\/\/www.europesays.com\/fr\/wp-json\/wp\/v2\/comments?post=459413"}],"version-history":[{"count":0,"href":"https:\/\/www.europesays.com\/fr\/wp-json\/wp\/v2\/posts\/459413\/revisions"}],"wp:featuredmedia":[{"embeddable":true,"href":"https:\/\/www.europesays.com\/fr\/wp-json\/wp\/v2\/media\/459414"}],"wp:attachment":[{"href":"https:\/\/www.europesays.com\/fr\/wp-json\/wp\/v2\/media?parent=459413"}],"wp:term":[{"taxonomy":"category","embeddable":true,"href":"https:\/\/www.europesays.com\/fr\/wp-json\/wp\/v2\/categories?post=459413"},{"taxonomy":"post_tag","embeddable":true,"href":"https:\/\/www.europesays.com\/fr\/wp-json\/wp\/v2\/tags?post=459413"}],"curies":[{"name":"wp","href":"https:\/\/api.w.org\/{rel}","templated":true}]}}