{"id":459417,"date":"2025-10-13T08:41:18","date_gmt":"2025-10-13T08:41:18","guid":{"rendered":"https:\/\/www.europesays.com\/fr\/459417\/"},"modified":"2025-10-13T08:41:18","modified_gmt":"2025-10-13T08:41:18","slug":"andre-manoukian-revient-sur-son-histoire-damour-avec-une-celebre-chanteuse-dans-un-dimanche-a-la-campagne","status":"publish","type":"post","link":"https:\/\/www.europesays.com\/fr\/459417\/","title":{"rendered":"Andr\u00e9 Manoukian revient sur son histoire d&rsquo;amour avec une c\u00e9l\u00e8bre chanteuse dans Un dimanche \u00e0 la campagne"},"content":{"rendered":"<p>Dans un num\u00e9ro in\u00e9dit d&rsquo;Un dimanche \u00e0 la campagne diffus\u00e9 sur France 2 ce 12 octobre, Fr\u00e9d\u00e9ric Lopez accueillait Rapha\u00eblle Giordano, Ary Abittan et Andr\u00e9 Manoukian dans la maison qui lui sert de lieu de tournage. Lors de ce dernier, le musicien a \u00e9voqu\u00e9 sa relation avec une c\u00e9l\u00e8bre chanteuse.<\/p>\n<p>Trois nouveaux invit\u00e9s se sont pr\u00e9sent\u00e9s face \u00e0 Fr\u00e9d\u00e9ric Lopez dans un \u00e9pisode in\u00e9dit d&rsquo;<a href=\"https:\/\/www.programme-tv.net\/news\/tv\/389085-un-dimanche-a-la-campagne-qui-sont-les-invites-de-frederic-lopez-ce-12-octobre\/\" data-api-deeplink=\"teleloisirs:\/\/news\/389085\" target=\"_blank\" rel=\"noopener\">Un dimanche \u00e0 la campagne<\/a> ce 12\u00a0octobre sur France 2. La romanci\u00e8re Rapha\u00eblle Giordano, le com\u00e9dien <a href=\"https:\/\/www.programme-tv.net\/biographie\/120234-abittan-ary\/\" data-link-people=\"427329e1-26f4-4910-adaf-f4fb6b61617d\" target=\"_blank\" rel=\"noopener\">Ary Abittan<\/a> et le musicien Andr\u00e9 Manoukian ont ainsi pass\u00e9 un week-end ensemble pour tourner les habituelles s\u00e9quences du grenier, du d\u00eener et du brunch le lendemain. Andr\u00e9 Manoukian a trac\u00e9 le fil de son parcours, de ce petit gar\u00e7on lyonnais ayant d\u00e9couvert le piano \u00e0 l&rsquo;\u00e2ge de six ans, ayant fait plus tard des \u00e9tudes de m\u00e9decine pour rassurer ses parents. Il se rend compte qu&rsquo;il n&rsquo;arrive pas \u00e0 travailler sur des choses qui ne l&rsquo;int\u00e9ressent pas et abandonne alors m\u00e9decine pour une carri\u00e8re de musicien le soir dans les bars. Quand \u00e7a commence \u00e0 marcher, il part aux \u00c9tats-Unis pour apprendre l&rsquo;improvisation. \u00ab\u00a0<b>Ma petite copine de l&rsquo;\u00e9poque m&rsquo;avait largu\u00e9<\/b>. Je sortais dans Lyon, je la voyais avec son petit copain\u00a0\u00bb, dit-il pour justifier son d\u00e9part.<\/p>\n<p>                        Andr\u00e9 Manoukian se souvient de sa rencontre avec Liane Foly dans Un dimanche \u00e0 la campagne\u00a0: \u00ab\u00a0J&rsquo;ai fait 500 bornes aller-retour pour l&rsquo;\u00e9couter\u00a0\u00bb<\/p>\n<p>Lorsque sa petite amie lui demande de revenir, Andr\u00e9 Manoukian rentre en France. Il cr\u00e9e un premier groupe avec un saxophoniste. \u00ab\u00a0Tout le monde nous prenait pour un groupe d&rsquo;Am\u00e9ricains\u00a0\u00bb, se souvient-il. Juste apr\u00e8s, <a href=\"https:\/\/www.programme-tv.net\/news\/people\/381653-on-pouvait-s-engueuler-avec-le-public-andre-manoukian-evoque-un-souvenir-marquant-de-son-role-de-jure-dans-la-nouvelle-star\/\" data-api-deeplink=\"teleloisirs:\/\/news\/381653\" target=\"_blank\" rel=\"noopener\">le jur\u00e9 phare de Nouvelle Star<\/a> \u00e9voque ses relations amoureuses. \u00ab\u00a0C&rsquo;est mon premier groupe et c&rsquo;est mortel, \u00e7a sonne de la folie. Et apr\u00e8s, gal\u00e8re avec les chanteuses. <b>La premi\u00e8re, je suis tomb\u00e9 amoureux d&rsquo;elle<\/b>. Je pensais que pour \u00e9crire comme il faut pour une chanteuse, il fallait tomber amoureux fou d&rsquo;elle, tout quitter pour elle, tout lui donner. Et c&rsquo;est comme \u00e7a que j&rsquo;ai fonctionn\u00e9 pendant longtemps jusqu&rsquo;\u00e0 la cinqui\u00e8me chanteuse\u00a0\u00bb, explique-t-il. Puis il se rem\u00e9more ce jour o\u00f9 il est tomb\u00e9 sur une chanteuse dans un bal\u00a0: Liane Foly. \u00ab\u00a0J&rsquo;ai fait 500 bornes aller-retour pour l&rsquo;\u00e9couter. Liane arrive et l\u00e0, bam. Une voix mezzo incroyable. J&rsquo;ai quitt\u00e9 femme et enfant pour elle\u00a0\u00bb, t\u00e9moigne-t-il.<\/p>\n<p>            \u00ab\u00a0\u00c7a devenait pesant\u00a0\u00bb\u00a0: Andr\u00e9 Manoukian se confie sur sa relation avec Liane Foly face \u00e0 Fr\u00e9d\u00e9ric Lopez sur France 2<\/p>\n<p>Quand tout se passe bien, tout va bien. Mais \u00ab\u00a0tu payes cher quand \u00e7a se finit parce que tout d&rsquo;un coup, une seule personne incarne ton amour, ta musique et ta r\u00e9ussite professionnelle. Pour elle, au bout d&rsquo;un moment, \u00e7a devenait pesant\u00a0\u00bb, souligne celui \u00e0 qui l&rsquo;on doit <a href=\"https:\/\/www.programme-tv.net\/news\/tv\/389397-j-aurais-ete-plus-que-legitime-dans-ce-role-liane-foly-explique-pourquoi-elle-a-refuse-de-devenir-coach-dans-the-voice\/\" data-api-deeplink=\"teleloisirs:\/\/news\/389397\" target=\"_blank\" rel=\"noopener\">les premiers tubes de Liane Foly<\/a>. \u00ab\u00a0On ne faisait que des pubs pour gagner notre vie. Le soir et les week-ends, on faisait nos chansons. Comme \u00e7a pendant trois ans\u00a0\u00bb, conclut celui qui a \u00e9galement <a href=\"https:\/\/www.programme-tv.net\/news\/tv\/389498-c-est-pas-comme-la-star-ac-andre-manoukian-raconte-ses-annees-nouvelle-star-dans-un-dimanche-a-la-campagne\/\" data-api-deeplink=\"teleloisirs:\/\/news\/389498\" target=\"_blank\" rel=\"noopener\">\u00e9voqu\u00e9 ses ann\u00e9es Nouvelle Star<\/a>.<\/p>\n","protected":false},"excerpt":{"rendered":"Dans un num\u00e9ro in\u00e9dit d&rsquo;Un dimanche \u00e0 la campagne diffus\u00e9 sur France 2 ce 12 octobre, Fr\u00e9d\u00e9ric Lopez&hellip;\n","protected":false},"author":2,"featured_media":459418,"comment_status":"","ping_status":"","sticky":false,"template":"","format":"standard","meta":{"footnotes":""},"categories":[1359],"tags":[58421,244,58,59,1011,27,594,12294,7252,973,12295,1421],"class_list":{"0":"post-459417","1":"post","2":"type-post","3":"status-publish","4":"format-standard","5":"has-post-thumbnail","7":"category-people","8":"tag-andru00e9-manoukian","9":"tag-commentaire","10":"tag-divertissement","11":"tag-entertainment","12":"tag-fr","13":"tag-france","14":"tag-france-2","15":"tag-fru00e9du00e9ric-lopez","16":"tag-liane-foly","17":"tag-people","18":"tag-un-dimanche-u00e0-la-campagne","19":"tag-zap"},"share_on_mastodon":{"url":"https:\/\/pubeurope.com\/@fr\/115365969099589914","error":""},"_links":{"self":[{"href":"https:\/\/www.europesays.com\/fr\/wp-json\/wp\/v2\/posts\/459417","targetHints":{"allow":["GET"]}}],"collection":[{"href":"https:\/\/www.europesays.com\/fr\/wp-json\/wp\/v2\/posts"}],"about":[{"href":"https:\/\/www.europesays.com\/fr\/wp-json\/wp\/v2\/types\/post"}],"author":[{"embeddable":true,"href":"https:\/\/www.europesays.com\/fr\/wp-json\/wp\/v2\/users\/2"}],"replies":[{"embeddable":true,"href":"https:\/\/www.europesays.com\/fr\/wp-json\/wp\/v2\/comments?post=459417"}],"version-history":[{"count":0,"href":"https:\/\/www.europesays.com\/fr\/wp-json\/wp\/v2\/posts\/459417\/revisions"}],"wp:featuredmedia":[{"embeddable":true,"href":"https:\/\/www.europesays.com\/fr\/wp-json\/wp\/v2\/media\/459418"}],"wp:attachment":[{"href":"https:\/\/www.europesays.com\/fr\/wp-json\/wp\/v2\/media?parent=459417"}],"wp:term":[{"taxonomy":"category","embeddable":true,"href":"https:\/\/www.europesays.com\/fr\/wp-json\/wp\/v2\/categories?post=459417"},{"taxonomy":"post_tag","embeddable":true,"href":"https:\/\/www.europesays.com\/fr\/wp-json\/wp\/v2\/tags?post=459417"}],"curies":[{"name":"wp","href":"https:\/\/api.w.org\/{rel}","templated":true}]}}