{"id":459419,"date":"2025-10-13T08:42:11","date_gmt":"2025-10-13T08:42:11","guid":{"rendered":"https:\/\/www.europesays.com\/fr\/459419\/"},"modified":"2025-10-13T08:42:11","modified_gmt":"2025-10-13T08:42:11","slug":"jai-relu-trois-fois-le-mail-pour-etre-bien-sur-un-francais-finaliste-du-wildlife-photographer-of-the-year","status":"publish","type":"post","link":"https:\/\/www.europesays.com\/fr\/459419\/","title":{"rendered":"\u00ab\u00a0J\u2019ai relu trois fois le mail pour \u00eatre bien s\u00fbr\u00a0\u00bb\u2026 Un Fran\u00e7ais finaliste du Wildlife Photographer of the Year"},"content":{"rendered":"<p>C\u2019est la s\u00e9lection dont r\u00eave tout <a href=\"https:\/\/www.20minutes.fr\/dossier\/photo\" class=\"c-link c-link--is-underlined\" target=\"_blank\" rel=\"noopener\">photographe <\/a>naturaliste. En attendant de savoir s\u2019il fera partie des grands gagnants le 14\u00a0octobre, Emmanuel Tardy, 57 ans, a d\u00e9j\u00e0 le privil\u00e8ge d\u2019avoir \u00e9t\u00e9 s\u00e9lectionn\u00e9 comme finaliste du <a href=\"https:\/\/www.nhm.ac.uk\/wpy\" rel=\"nofollow noopener\" target=\"_blank\" class=\"c-link c-link--is-underlined\">Wildlife Photographer of the Year<\/a> parmi les 60.636 photographies envoy\u00e9es depuis les quatre coins du monde. C\u2019est une photo de paresseux, accroch\u00e9 \u00e0 un piquet de fil barbel\u00e9, au <a href=\"https:\/\/www.20minutes.fr\/dossier\/costa_rica\" class=\"c-link c-link--is-underlined\" target=\"_blank\" rel=\"noopener\">Costa Rica<\/a> qui a retenu l\u2019attention du jury de ce prix organis\u00e9 par le Natural History Museum de Londres<\/p>\n<p>Que peut-on voir sur la photo s\u00e9lectionn\u00e9e\u00a0?<\/p>\n<p>C\u2019est un <a href=\"https:\/\/www.20minutes.fr\/loisirs\/4059272-20231025-quoi-ressemble-vie-paresseux\" target=\"_blank\" class=\"c-link c-link--is-underlined\" rel=\"noopener\">paresseux<\/a> qui est accroch\u00e9 \u00e0 un poteau en ciment avec du fil de fer barbel\u00e9. Cette image repr\u00e9sente le contraste entre le monde sauvage et le monde domestique cr\u00e9\u00e9 par les hommes. Et on voit dans le prolongement de cette image, dans la profondeur de champ, un chemin qui m\u00e8ne vers la civilisation. Donc c\u2019est un animal sauvage perdu au milieu de la civilisation et il n\u2019a rien \u00e0 faire l\u00e0 en fait.<\/p>\n<\/p>\n<p>Quelles sont les circonstances de la prise de vue\u00a0?<\/p>\n<p>C\u2019est une photo d\u2019opportunit\u00e9, je n\u2019ai pas cherch\u00e9 \u00e0 faire ce type d\u2019image. J\u2019\u00e9tais en vacances au Costa Rica avec mon \u00e9pouse et, sur la route, on est arriv\u00e9 dans un embouteillage pas tr\u00e8s loin de la Fortuna, l\u00e0 o\u00f9 on allait. On \u00e9tait coinc\u00e9 parmi d\u2019autres v\u00e9hicules et le bouche-\u00e0-oreille disait qu\u2019un paresseux \u00e9tait en train de traverser la route. Et effectivement quand on est arriv\u00e9 \u00e0 sa hauteur, on a vu pas mal d\u2019agitations, pas mal de monde qui \u00e9tait sorti de son v\u00e9hicule pour pouvoir le photographier. L\u2019animal \u00e9tait en stress et s\u2019est fig\u00e9 sur ce poteau. Nous, on a pr\u00e9f\u00e9r\u00e9 ne pas ajouter de stress. On est all\u00e9 se garer un petit peu plus loin et on a attendu que tout le monde parte. De loin, je regardais ce qui se passait. Ce qui fait que j\u2019ai eu le temps de programmer un peu ma photo mentalement et de la construire pour passer le moins de temps possible aux c\u00f4t\u00e9s du paresseux. Quand tout le monde s\u2019est \u00e9loign\u00e9, je me suis mis vraiment \u00e0 sa hauteur, \u00e0 quatre pattes pour le rejoindre sans avoir une posture imposante \u00e0 ses c\u00f4t\u00e9s. Je pense que je suis rest\u00e9 une minute pour faire trois ou quatre photos et apr\u00e8s je suis reparti comme j\u2019\u00e9tais venu, \u00e0 quatre pattes pour ne pas lui ajouter de stress.<\/p>\n<p>Est-ce compliqu\u00e9 de photographier un animal comme le paresseux\u00a0?<\/p>\n<p>C\u2019est difficile parce que c\u2019est un animal qui descend rarement de son arbre. On le voit g\u00e9n\u00e9ralement de loin et entour\u00e9 d\u2019une v\u00e9g\u00e9tation assez dense. Il ne descend de son arbre que pour faire ses besoins, environ une fois par semaine. Donc, il faut \u00eatre l\u00e0 au bon moment. Et quand \u00e7a arrive, c\u2019est le r\u00eave\u00a0! Pour cette photo, ce n\u2019\u00e9tait pas le cas, il n\u2019est pas l\u00e0 o\u00f9 j\u2019aurais voulu le photographier. Ce n\u2019est pas le style de photo que je m\u2019attendais \u00e0 faire.<\/p>\n<p>Pourquoi cette photo ne vous convient-elle pas totalement\u00a0?<\/p>\n<p>C\u2019est une photo triste qui d\u00e9montre la scission qui est en train de se cr\u00e9er entre l\u2019homme et la nature. Je pense qu\u2019on est en train de prendre le pas d\u00e9finitivement sur la nature et \u00e7a me touche particuli\u00e8rement. Donc cette image bien s\u00fbr c\u2019est un t\u00e9moignage de ce qu\u2019il ne faut pas faire ou des erreurs que nous sommes en train de commettre. Ce n\u2019est pas le style de photo que j\u2019ai envie de mettre en avant parce que j\u2019essaie de privil\u00e9gier des portraits d\u2019animaux dans leur milieu naturel, tr\u00e8s \u00e9pur\u00e9s. C\u2019est plut\u00f4t comme \u00e7a que j\u2019aime les valoriser.<\/p>\n<p>Comment \u00eates-vous arriv\u00e9 dans cette s\u00e9lection du Wildlife Photographer of the Year\u00a0?<\/p>\n<p>Un peu par hasard m\u00eame si c\u2019est un concours photo que je suis depuis des ann\u00e9es. Tout photographe r\u00eave un peu en secret de faire partie de la s\u00e9lection des 100 photos chaque ann\u00e9e. J\u2019avais fait ce concours en\u00a02015, il y a dix ans et j\u2019avais pass\u00e9 les pr\u00e9s\u00e9lections mais sans aller plus loin, avec une image plus classique qui ressemble davantage \u00e0 ce que je fais d\u2019habitude. Mais depuis dix ans, je n\u2019avais pas d\u2019image qui me permettait d\u2019aller plus loin selon moi. Et l\u00e0, d\u00e8s que je suis revenue \u00e0 la voiture avec mon \u00e9pouse apr\u00e8s avoir pris la photo, je lui ai dit que je pensais avoir une image pour le Wild Life. Je me suis dit en tout cas celle-ci, je vais la proposer.<\/p>\n<p><a href=\"https:\/\/www.20minutes.fr\/diaporama\/diaporama-4173713-images-nature-cors-cris-dix-magnifiques-photos-animalieres#d1228152\" class=\"c-link c-btn c-btn--primary\" target=\"_blank\" rel=\"noopener\">Dix photos finalistes du Wildlife photographer of the Year<\/a>Quelle a \u00e9t\u00e9 votre \u00e9motion quand vous avez appris que vous aviez \u00e9t\u00e9 retenu\u00a0?<\/p>\n<p>C\u2019\u00e9tait bizarre parce que je parle tr\u00e8s mal anglais. Quand j\u2019ai re\u00e7u le mail en me disant que j\u2019\u00e9tais s\u00e9lectionn\u00e9, je l\u2019ai relu trois fois pour bien comprendre. Je me suis dit que ce n\u2019\u00e9tait pas possible, je l\u2019ai pass\u00e9 au traducteur pour \u00eatre s\u00fbr que j\u2019avais bien compris et puis je l\u2019ai fait lire \u00e0 ma femme qui parle couramment anglais et qui m\u2019a encore confirm\u00e9 la nouvelle\u00a0! C\u2019est une immense joie parce que c\u2019est une vraie reconnaissance du travail que je peux faire au quotidien. Mais en fait je n\u2019ai pas encore tout \u00e0 fait r\u00e9agi. Je pense que je vais r\u00e9agir pleinement quand je vais voir mon image imprim\u00e9e au Natural History Museum et je pense que l\u00e0 \u00e7a va \u00eatre charg\u00e9 d\u2019\u00e9motion.<\/p>\n<p>Quelle est la photo que vous n\u2019avez pas encore faite mais que vous r\u00eaveriez de faire\u00a0?<\/p>\n<p>La vraie photo que j\u2019ai envie de faire, c\u2019est celle du <a href=\"https:\/\/www.20minutes.fr\/planete\/loup\/\" class=\"c-link c-link--is-underlined\" target=\"_blank\" rel=\"noopener\">loup<\/a>. C\u2019est l\u2019animal que je n\u2019ai jamais rencontr\u00e9 et c\u2019est la photo que je retarde. Il y a beaucoup de gens qui font des photos de loup mais pour l\u2019instant je me le garde en r\u00e9serve comme un r\u00eave un peu inaccessible. \u00c7a reste un animal qui est de proximit\u00e9, mais qui est pour moi mythique et qui est mythique pour tout le monde, comme peut l\u2019\u00eatre aussi le <a href=\"https:\/\/www.20minutes.fr\/arts-stars\/loisirs\/4162402-20250801-secrets-reproduction-grand-requin-blanc\" target=\"_blank\" class=\"c-link c-link--is-underlined\" rel=\"noopener\">requin blanc<\/a>.<\/p>\n<p>Le livre des 100 plus belles photos du Wildlife Photographer of the Year para\u00eet le 15 octobre aux \u00e9ditions Biotope. 34 euros.<\/p>\n","protected":false},"excerpt":{"rendered":"C\u2019est la s\u00e9lection dont r\u00eave tout photographe naturaliste. En attendant de savoir s\u2019il fera partie des grands gagnants&hellip;\n","protected":false},"author":2,"featured_media":459420,"comment_status":"","ping_status":"","sticky":false,"template":"","format":"standard","meta":{"footnotes":""},"categories":[1358],"tags":[4708,1867,1348,1384,1385,897,251,1386,58,59,1011,27,5072,4534,2745,52,6030],"class_list":{"0":"post-459419","1":"post","2":"type-post","3":"status-publish","4":"format-standard","5":"has-post-thumbnail","7":"category-arts-et-design","8":"tag-angleterre","9":"tag-animaux","10":"tag-arts","11":"tag-arts-and-design","12":"tag-arts-et-design","13":"tag-costa-rica","14":"tag-culture","15":"tag-design","16":"tag-divertissement","17":"tag-entertainment","18":"tag-fr","19":"tag-france","20":"tag-grande-bretagne","21":"tag-londres","22":"tag-photo","23":"tag-planete","24":"tag-protection-des-animaux"},"share_on_mastodon":{"url":"https:\/\/pubeurope.com\/@fr\/115365972866436257","error":""},"_links":{"self":[{"href":"https:\/\/www.europesays.com\/fr\/wp-json\/wp\/v2\/posts\/459419","targetHints":{"allow":["GET"]}}],"collection":[{"href":"https:\/\/www.europesays.com\/fr\/wp-json\/wp\/v2\/posts"}],"about":[{"href":"https:\/\/www.europesays.com\/fr\/wp-json\/wp\/v2\/types\/post"}],"author":[{"embeddable":true,"href":"https:\/\/www.europesays.com\/fr\/wp-json\/wp\/v2\/users\/2"}],"replies":[{"embeddable":true,"href":"https:\/\/www.europesays.com\/fr\/wp-json\/wp\/v2\/comments?post=459419"}],"version-history":[{"count":0,"href":"https:\/\/www.europesays.com\/fr\/wp-json\/wp\/v2\/posts\/459419\/revisions"}],"wp:featuredmedia":[{"embeddable":true,"href":"https:\/\/www.europesays.com\/fr\/wp-json\/wp\/v2\/media\/459420"}],"wp:attachment":[{"href":"https:\/\/www.europesays.com\/fr\/wp-json\/wp\/v2\/media?parent=459419"}],"wp:term":[{"taxonomy":"category","embeddable":true,"href":"https:\/\/www.europesays.com\/fr\/wp-json\/wp\/v2\/categories?post=459419"},{"taxonomy":"post_tag","embeddable":true,"href":"https:\/\/www.europesays.com\/fr\/wp-json\/wp\/v2\/tags?post=459419"}],"curies":[{"name":"wp","href":"https:\/\/api.w.org\/{rel}","templated":true}]}}