{"id":459421,"date":"2025-10-13T08:43:12","date_gmt":"2025-10-13T08:43:12","guid":{"rendered":"https:\/\/www.europesays.com\/fr\/459421\/"},"modified":"2025-10-13T08:43:12","modified_gmt":"2025-10-13T08:43:12","slug":"reese-witherspoon-publie-son-premier-thriller-avec-harlan-coben","status":"publish","type":"post","link":"https:\/\/www.europesays.com\/fr\/459421\/","title":{"rendered":"Reese Witherspoon publie son premier thriller avec Harlan Coben"},"content":{"rendered":"<p class=\"mb-4 text-lg md:leading-8 break-words\">Reese Witherspoon a publi\u00e9 son premier roman.<\/p>\n<p class=\"mb-4 text-lg md:leading-8 break-words\">Le livre, co\u00e9crit avec l&rsquo;auteur \u00e0 succ\u00e8s Harlan Coben, se d\u00e9roule dans le monde m\u00e9dical.<\/p>\n<p class=\"mb-4 text-lg md:leading-8 break-words\">\u00ab Mon plus grand objectif pour ce livre est de donner envie \u00e0 autant de petites filles que possible de devenir chirurgiennes, comme Elle Woods l&rsquo;a fait pour les avocates \u00bb, a d\u00e9clar\u00e9 Reese Witherspoon \u00e0 propos de Gone Before Goodbye.<\/p>\n<p class=\"mb-4 text-lg md:leading-8 break-words\">Le thriller, qui suit Maggie McCabe, une chirurgienne de l&rsquo;arm\u00e9e qui se retrouve plong\u00e9e dans le monde des milliardaires russes et de la m\u00e9decine priv\u00e9e, a \u00e9t\u00e9 pr\u00e9sent\u00e9 \u00e0 Shine Away, un sommet de deux jours organis\u00e9 par Hello Sunshine, la soci\u00e9t\u00e9 de m\u00e9dias de l&rsquo;actrice. La star a expliqu\u00e9 au public qu&rsquo;elle avait m\u00fbri l&rsquo;id\u00e9e de l&rsquo;histoire pendant deux ans et demi, mais, ne sachant pas comment s&rsquo;y prendre pour \u00e9crire un livre, elle a demand\u00e9 \u00e0 Harlan Coben de l&rsquo;aider \u00e0 donner vie \u00e0 son projet.<\/p>\n<p class=\"mb-4 text-lg md:leading-8 break-words\">L&rsquo;actrice de 49 ans a r\u00e9v\u00e9l\u00e9 que le personnage de Maggie lui avait \u00e9t\u00e9 inspir\u00e9 par sa propre famille. Son p\u00e8re \u00e9tait m\u00e9decin et sa m\u00e8re infirmi\u00e8re, et ils officiaient tous deux dans l&rsquo;arm\u00e9e pendant l&rsquo;enfance de Reese Witherspoon.<\/p>\n<p class=\"mb-4 text-lg md:leading-8 break-words\">\u00ab Les cinq premi\u00e8res ann\u00e9es de ma vie, j&rsquo;ai v\u00e9cu sur une base militaire en Allemagne, et tous ceux qui entraient et sortaient de chez nous \u00e9taient des m\u00e9decins, et ils ne parlaient que de jargon m\u00e9dical. J&rsquo;\u00e9tais donc tr\u00e8s, tr\u00e8s petite, assise \u00e0 la table du d\u00eener et j&rsquo;\u00e9coutais mon p\u00e8re et ses amis, ainsi que ma m\u00e8re et ses amies, parler d&rsquo;op\u00e9rations chirurgicales vraiment bizarres \u00bb, se souvient Reese Witherspoon. \u00ab Pendant des ann\u00e9es et des ann\u00e9es, j&rsquo;ai voulu \u00eatre chirurgien. \u00bb<\/p>\n","protected":false},"excerpt":{"rendered":"Reese Witherspoon a publi\u00e9 son premier roman. Le livre, co\u00e9crit avec l&rsquo;auteur \u00e0 succ\u00e8s Harlan Coben, se d\u00e9roule&hellip;\n","protected":false},"author":2,"featured_media":459422,"comment_status":"","ping_status":"","sticky":false,"template":"","format":"standard","meta":{"footnotes":"","_share_on_mastodon":"0"},"categories":[1357],"tags":[1379,58,58422,59,1011,27,10864,7243,1380,28951,51798],"class_list":["post-459421","post","type-post","status-publish","format-standard","has-post-thumbnail","category-livres","tag-books","tag-divertissement","tag-elle-woods","tag-entertainment","tag-fr","tag-france","tag-harlan-coben","tag-le-monde","tag-livres","tag-premier-roman","tag-reese-witherspoon"],"share_on_mastodon":{"url":"https:\/\/pubeurope.com\/@fr\/115365976793303471","error":""},"_links":{"self":[{"href":"https:\/\/www.europesays.com\/fr\/wp-json\/wp\/v2\/posts\/459421","targetHints":{"allow":["GET"]}}],"collection":[{"href":"https:\/\/www.europesays.com\/fr\/wp-json\/wp\/v2\/posts"}],"about":[{"href":"https:\/\/www.europesays.com\/fr\/wp-json\/wp\/v2\/types\/post"}],"author":[{"embeddable":true,"href":"https:\/\/www.europesays.com\/fr\/wp-json\/wp\/v2\/users\/2"}],"replies":[{"embeddable":true,"href":"https:\/\/www.europesays.com\/fr\/wp-json\/wp\/v2\/comments?post=459421"}],"version-history":[{"count":0,"href":"https:\/\/www.europesays.com\/fr\/wp-json\/wp\/v2\/posts\/459421\/revisions"}],"wp:featuredmedia":[{"embeddable":true,"href":"https:\/\/www.europesays.com\/fr\/wp-json\/wp\/v2\/media\/459422"}],"wp:attachment":[{"href":"https:\/\/www.europesays.com\/fr\/wp-json\/wp\/v2\/media?parent=459421"}],"wp:term":[{"taxonomy":"category","embeddable":true,"href":"https:\/\/www.europesays.com\/fr\/wp-json\/wp\/v2\/categories?post=459421"},{"taxonomy":"post_tag","embeddable":true,"href":"https:\/\/www.europesays.com\/fr\/wp-json\/wp\/v2\/tags?post=459421"}],"curies":[{"name":"wp","href":"https:\/\/api.w.org\/{rel}","templated":true}]}}