{"id":459436,"date":"2025-10-13T08:52:12","date_gmt":"2025-10-13T08:52:12","guid":{"rendered":"https:\/\/www.europesays.com\/fr\/459436\/"},"modified":"2025-10-13T08:52:12","modified_gmt":"2025-10-13T08:52:12","slug":"la-nouvelle-zelande-accusee-de-prendre-un-virage-totalement-trump","status":"publish","type":"post","link":"https:\/\/www.europesays.com\/fr\/459436\/","title":{"rendered":"la Nouvelle-Z\u00e9lande accus\u00e9e de prendre un virage \u00abtotalement Trump\u00bb"},"content":{"rendered":"<p>\n    Des experts fustigent la baisse, dimanche, des objectifs de r\u00e9duction des \u00e9missions de m\u00e9thane et accusent le gouvernement n\u00e9o-z\u00e9landais de \u00abd\u00e9ni climatique\u00bb.<\/p>\n<p class=\"fig-paragraph\">Des d\u00e9fenseurs de l&rsquo;environnement accusent le gouvernement n\u00e9o-z\u00e9landais de \u00abd\u00e9ni complet du\u00a0<a href=\"http:\/\/www.lefigaro.fr\/sciences\/dossier\/lutte-rechauffement-climatique-planete-climat-changements-menace-oceans-transports-pollution-energie\" data-fig-type=\"Topic\" data-gtm-custom-categorie=\"navigation\" data-gtm-custom-action=\"crossclick\" data-gtm-custom-label=\"Contextuel\" data-gtm-event=\"customEventSPE\" data-fig-domain=\"LEFIGARO\" target=\"_blank\" rel=\"noopener\">changement climatique<\/a> \u00bb apr\u00e8s la baisse dimanche de ses objectifs de r\u00e9duction des \u00e9missions de m\u00e9thane, salu\u00e9e au contraire par le secteur agricole. Le nouveau plan vise une baisse des \u00e9missions de m\u00e9thane comprise entre 14 et 24% d&rsquo;ici 2050, par rapport aux niveaux de 2017. L&rsquo;objectif pr\u00e9c\u00e9dent \u00e9tait fix\u00e9 entre 24 et 47%.<\/p>\n<p class=\"fig-paragraph\">Le gouvernement de coalition de droite \u00abreste d\u00e9termin\u00e9 \u00e0 honorer ses engagements nationaux et internationaux en mati\u00e8re de changement climatique, dont la neutralit\u00e9 carbone d&rsquo;ici 2050\u00bb, a assur\u00e9 le ministre du Changement climatique, Simon Watts. \u00abL&rsquo;agriculture continuera \u00e0 apporter une contribution importante et \u00e9quitable \u00e0 la r\u00e9alisation de cette r\u00e9duction\u00bb, a-t-il ajout\u00e9.<\/p>\n<p>                                    <a class=\"fig-a11y-skip a11y-hidden\" href=\"#fig-a11y-skip-main-inarticle\"><br \/>\n        Passer la publicit\u00e9<br \/>\n    <\/a><\/p>\n<p class=\"fig-paragraph\">Le gouvernement a \u00e9galement confirm\u00e9 une r\u00e9vision des objectifs en mati\u00e8re de biom\u00e9thane pour 2040 et l&rsquo;absence de taxe sur les \u00e9missions agricoles de m\u00e9thane, en raison d&rsquo;un risque de fermeture des exploitations. Il investira 400 millions de dollars n\u00e9o-z\u00e9landais (pr\u00e8s de 198 millions d&rsquo;euros) dans les technologies permettant de r\u00e9duire les \u00e9missions de ce gaz. \u00abOn estime que si 30% des agriculteurs adoptent les technologies qui devraient \u00eatre disponibles avant 2030, les \u00e9missions agricoles totales pourraient baisser de 7 \u00e0 14% au cours des dix prochaines ann\u00e9es\u00bb, a affirm\u00e9 M. Watts.<\/p>\n<p>Un virage \u00abtotalement Trump\u00bb<\/p>\n<p class=\"fig-paragraph\">Mais il n&rsquo;y a \u00abaucune garantie\u00bb que la recherche apporte des solutions dans un avenir proche, temp\u00e8re Ralph Sims, expert en r\u00e9duction du changement climatique \u00e0 l&rsquo;universit\u00e9 Massey. Le biom\u00e9thane comprend les \u00e9missions rejet\u00e9es par les vaches et les moutons du pays.<\/p>\n<p class=\"fig-paragraph\">Pour Amanda Larsson, militante chez Greenpeace, le Premier ministre Christopher Luxon a pris un virage \u00abtotalement Trump\u00bb. \u00abIl choisit le d\u00e9ni climatique et les profits des entreprises, au d\u00e9triment de l&rsquo;avenir de nos enfants\u00bb, d\u00e9nonce-t-elle. Ce nouvel objectif pourrait nuire \u00e0 l&rsquo;image \u00abpropre et verte\u00bb de la Nouvelle-Z\u00e9lande, estime de son c\u00f4t\u00e9 Jocelyn Turnbull, chercheuse \u00e0 l&rsquo;institut Earth Sciences New Zealand, financ\u00e9 par le gouvernement.<\/p>\n<p class=\"fig-paragraph\">Au contraire, le lobby agricole n\u00e9o-z\u00e9landais Federated Farmers a salu\u00e9 un changement \u00abattendu depuis longtemps\u00bb. Les pr\u00e9c\u00e9dents objectifs de r\u00e9duction des \u00e9missions de m\u00e9thane \u00e9taient \u00abune pure folie\u00bb, affirme son pr\u00e9sident Wayne Langford. \u00abLes familles d&rsquo;agriculteurs subissent une \u00e9norme pression depuis longtemps, mais il semble que cela touche enfin \u00e0 sa fin\u00bb, a-t-il ajout\u00e9.<\/p>\n","protected":false},"excerpt":{"rendered":"Des experts fustigent la baisse, dimanche, des objectifs de r\u00e9duction des \u00e9missions de m\u00e9thane et accusent le gouvernement&hellip;\n","protected":false},"author":2,"featured_media":459437,"comment_status":"","ping_status":"","sticky":false,"template":"","format":"standard","meta":{"footnotes":""},"categories":[5],"tags":[11,1011,27,14,12,13071,5140,28],"class_list":{"0":"post-459436","1":"post","2":"type-post","3":"status-publish","4":"format-standard","5":"has-post-thumbnail","7":"category-international","8":"tag-actualites","9":"tag-fr","10":"tag-france","11":"tag-international","12":"tag-news","13":"tag-nouvelle-zelande","14":"tag-rechauffement-climatique","15":"tag-world"},"share_on_mastodon":{"url":"https:\/\/pubeurope.com\/@fr\/115366012201890232","error":""},"_links":{"self":[{"href":"https:\/\/www.europesays.com\/fr\/wp-json\/wp\/v2\/posts\/459436","targetHints":{"allow":["GET"]}}],"collection":[{"href":"https:\/\/www.europesays.com\/fr\/wp-json\/wp\/v2\/posts"}],"about":[{"href":"https:\/\/www.europesays.com\/fr\/wp-json\/wp\/v2\/types\/post"}],"author":[{"embeddable":true,"href":"https:\/\/www.europesays.com\/fr\/wp-json\/wp\/v2\/users\/2"}],"replies":[{"embeddable":true,"href":"https:\/\/www.europesays.com\/fr\/wp-json\/wp\/v2\/comments?post=459436"}],"version-history":[{"count":0,"href":"https:\/\/www.europesays.com\/fr\/wp-json\/wp\/v2\/posts\/459436\/revisions"}],"wp:featuredmedia":[{"embeddable":true,"href":"https:\/\/www.europesays.com\/fr\/wp-json\/wp\/v2\/media\/459437"}],"wp:attachment":[{"href":"https:\/\/www.europesays.com\/fr\/wp-json\/wp\/v2\/media?parent=459436"}],"wp:term":[{"taxonomy":"category","embeddable":true,"href":"https:\/\/www.europesays.com\/fr\/wp-json\/wp\/v2\/categories?post=459436"},{"taxonomy":"post_tag","embeddable":true,"href":"https:\/\/www.europesays.com\/fr\/wp-json\/wp\/v2\/tags?post=459436"}],"curies":[{"name":"wp","href":"https:\/\/api.w.org\/{rel}","templated":true}]}}