{"id":459438,"date":"2025-10-13T08:53:10","date_gmt":"2025-10-13T08:53:10","guid":{"rendered":"https:\/\/www.europesays.com\/fr\/459438\/"},"modified":"2025-10-13T08:53:10","modified_gmt":"2025-10-13T08:53:10","slug":"suspension-de-la-reforme-ce-que-cela-changerait-vraiment-pour-le-calcul-de-votre-retraite","status":"publish","type":"post","link":"https:\/\/www.europesays.com\/fr\/459438\/","title":{"rendered":"Suspension de la r\u00e9forme : ce que cela changerait (vraiment) pour le calcul de votre retraite"},"content":{"rendered":"<p>\u00c0 mesure que l&rsquo;automne s&rsquo;installe et que la question du pouvoir d&rsquo;achat s&rsquo;impose dans l&rsquo;esprit de nombreux Fran\u00e7ais, un autre d\u00e9bat refait surface avec \u00e9clat : celui de la possible suspension de la r\u00e9forme des retraites adopt\u00e9e en 2023. Voil\u00e0 un sujet qui, entre r\u00e9unions familiales et conversations de comptoir, ne laisse personne indiff\u00e9rent. Car derri\u00e8re les joutes politiques et les chiffres circulant dans la presse, une question fait vibrer une corde sensible : que se passerait-il vraiment pour le calcul de votre retraite si cette r\u00e9forme venait \u00e0 \u00eatre stopp\u00e9e net ? Le sujet est d&rsquo;autant plus br\u00fblant qu&rsquo;au 10 octobre 2025, aucune d\u00e9cision officielle n&rsquo;a \u00e9t\u00e9 prise. Mais le d\u00e9bat, lui, bat son plein, faisant planer bien des incertitudes sur l&rsquo;avenir des pensions\u2026<\/p>\n<p> Pourquoi la suspension de la r\u00e9forme agite autant le d\u00e9bat ?<br \/>\nEntre tensions sociales et d\u00e9bats politiques : comprendre le contexte br\u00fblant<\/p>\n<p>Pas besoin d&rsquo;un automne caniculaire pour que les esprits s&rsquo;\u00e9chauffent autour de la retraite. Depuis le printemps 2023, la progression contrainte de l&rsquo;\u00e2ge l\u00e9gal jusqu&rsquo;\u00e0 64 ans, l&rsquo;acc\u00e9l\u00e9ration de la dur\u00e9e d&rsquo;assurance \u00e0 43 ans en 2027, ou encore le rehaussement du <a href=\"https:\/\/journaldesseniors.20minutes.fr\/argent\/1-200-1-400-ou-1-600-euros-ce-seuil-des-petites-retraites-qui-fait-debat-pour-la-revalorisation-des-pensions-en-2025\/\" target=\"_blank\" rel=\"noopener\">minimum contributif<\/a>, sont devenus autant de <strong>points de tension majeurs<\/strong>. Entrepreneur, ouvrier, infirmi\u00e8re ou retrait\u00e9 r\u00e9cent, chacun sent que l&rsquo;enjeu ne se r\u00e9sume pas \u00e0 quelques trimestres.<\/p>\n<p>Au 10 octobre 2025, aucune suspension officielle n&rsquo;a \u00e9t\u00e9 d\u00e9cid\u00e9e, mais la question est pos\u00e9e avec <strong>insistance<\/strong> par certaines formations politiques et syndicats, qui brandissent la carte d&rsquo;un \u00ab\u00a0gel partiel\u00a0\u00bb ou d&rsquo;un retour \u00e0 62 ans. Gouvernement, opposition, partenaires sociaux : tous observent avec attention les attentes et les inqui\u00e9tudes relay\u00e9es dans l&rsquo;opinion publique.<\/p>\n<p> Les arguments chocs des partisans de la suspension<\/p>\n<p><strong>\u00ab\u00a0Redonner de l&rsquo;oxyg\u00e8ne aux carri\u00e8res longues\u00a0\u00bb, \u00ab\u00a0r\u00e9tablir la justice sociale\u00a0\u00bb, \u00ab\u00a0emp\u00eacher la baisse du niveau des pensions\u00a0\u00bb :<\/strong> les slogans ne manquent pas. Les partisans de la suspension pointent du doigt l&rsquo;usure professionnelle, les in\u00e9galit\u00e9s de parcours, et la pr\u00e9carit\u00e9 grandissante chez certains actifs. Pour eux, rallonger la dur\u00e9e de cotisation ou l&rsquo;\u00e2ge de d\u00e9part revient \u00e0 creuser les \u00e9carts et fragiliser les plus vuln\u00e9rables du syst\u00e8me.<\/p>\n<p>Quand l&rsquo;opinion publique s&rsquo;en m\u00eale : le r\u00f4le du sentiment collectif<\/p>\n<p>Manifester au grand air, p\u00e9titionner en ligne, interpeller son d\u00e9put\u00e9 : les Fran\u00e7ais ne cachent pas leur lassitude. L&rsquo;automne 2025 ne fait pas exception : sondages, mobilisations et d\u00e9bats t\u00e9l\u00e9vis\u00e9s rivalisent d&rsquo;intensit\u00e9. Et lorsque l&rsquo;opinion gronde, les d\u00e9cideurs politiques h\u00e9sitent \u00e0 trancher net, <strong>pesant constamment<\/strong> le co\u00fbt social face au co\u00fbt financier.<\/p>\n<p> Comment votre pension pourrait-elle \u00e9voluer si la r\u00e9forme est mise en pause ?<br \/>\nRetour aux calculs d&rsquo;avant 2023 : plus qu&rsquo;une simple marche arri\u00e8re<\/p>\n<p>Suspension totale, suspension partielle, ou simple ralentissement du calendrier : chaque option bouleverserait l&rsquo;\u00e9difice b\u00e2ti depuis 2023. Un gel du rel\u00e8vement de l&rsquo;\u00e2ge l\u00e9gal impliquerait, par exemple, le maintien \u00e0 62 ans comme <strong>seuil de d\u00e9part r\u00e9f\u00e9rentiel<\/strong>, tandis que la dur\u00e9e d&rsquo;assurance pourrait rester fig\u00e9e quelques ann\u00e9es suppl\u00e9mentaires.<\/p>\n<p><strong>Mais attention :<\/strong> \u00ab\u00a0mettre sur pause\u00a0\u00bb, ce n&rsquo;est pas effacer d&rsquo;un trait les param\u00e8tres introduits depuis deux ans. Certaines mesures, telles que le minimum contributif am\u00e9lior\u00e9 ou les ajustements pour carri\u00e8res longues, pourraient \u00eatre conserv\u00e9es sous forme de compromis. En d\u00e9finitive, revenir \u00e0 l&rsquo;avant-2023 s&rsquo;apparenterait \u00e0 une r\u00e9organisation complexe, plut\u00f4t qu&rsquo;\u00e0 un simple retour en arri\u00e8re.<\/p>\n<p>Qui gagne, qui perd ? Les profils les plus impact\u00e9s<\/p>\n<p>Ceux qui ont <strong>commenc\u00e9 \u00e0 travailler t\u00f4t<\/strong>, d\u00e9j\u00e0 \u00e9ligibles aux dispositifs carri\u00e8re longue, figureraient parmi les premiers b\u00e9n\u00e9ficiaires d&rsquo;une suspension totale. \u00c0 l&rsquo;inverse, les actifs proches du nouvel \u00e2ge l\u00e9gal ou ayant connu des parcours professionnels discontinus auraient du mal \u00e0 s&rsquo;adapter aux changements d\u00e9j\u00e0 enclench\u00e9s, et pourraient craindre que les r\u00e8gles se modifient encore d&rsquo;ici leur d\u00e9part.<\/p>\n<p> Les effets diff\u00e9renci\u00e9s selon le secteur et la carri\u00e8re<\/p>\n<p><strong>Fonction publique ou secteur priv\u00e9 ? Parcours lin\u00e9aire ou interruptions r\u00e9guli\u00e8res ?<\/strong> Les cons\u00e9quences varieraient consid\u00e9rablement. Malgr\u00e9 une dizaine d&rsquo;ann\u00e9es d&rsquo;ajustements l\u00e9gislatifs, certains r\u00e9gimes sp\u00e9ciaux r\u00e9sistent davantage \u00e0 la standardisation. Pour les seniors ayant cotis\u00e9 dans plusieurs r\u00e9gimes, tout changement de cap aurait des r\u00e9percussions sp\u00e9cifiques, notamment sur la liquidation unique.<\/p>\n<p>Les r\u00e9percussions financi\u00e8res : au c\u0153ur d&rsquo;un casse-t\u00eate \u00e0 13 milliards d&rsquo;euros<br \/>\n Comprendre l&rsquo;estimation du \u00ab\u00a0co\u00fbt\u00a0\u00bb d&rsquo;une suspension pour les finances publiques<\/p>\n<p>Au-del\u00e0 des passions, ce sont les chiffres qui donnent le tournis : la suspension de la r\u00e9forme pourrait co\u00fbter de l&rsquo;ordre de <strong>10 \u00e0 15 milliards d&rsquo;euros par an \u00e0 l&rsquo;horizon 2035<\/strong>, selon les p\u00e9rim\u00e8tres discut\u00e9s. Derri\u00e8re cette estimation gravite le fameux montant de 13 milliards d&rsquo;euros, avanc\u00e9 par les m\u00e9dias et certains responsables publics.<\/p>\n<p>Cette somme repr\u00e9sente la diff\u00e9rence d&rsquo;\u00e9conomies attendues gr\u00e2ce \u00e0 la r\u00e9forme 2023, en fonction du sc\u00e9nario envisag\u00e9. Mais gardons la t\u00eate froide : il s&rsquo;agit d&rsquo;une estimation \u2013 et non d&rsquo;une donn\u00e9e r\u00e9glementaire. Le d\u00e9ficit du syst\u00e8me, d\u00e9j\u00e0 \u00e9valu\u00e9 \u00e0 environ \u201314 \u00e0 \u201315 milliards d&rsquo;euros pour 2035 (Cour des comptes\/COR, donn\u00e9es hors produits financiers), pourrait donc <strong>s&rsquo;aggraver substantiellement<\/strong> en cas de retour en arri\u00e8re.<\/p>\n<tr>\nAnn\u00e9e<br \/>\nSolde pr\u00e9visionnel (en Md\u20ac)<br \/>\nD\u00e9penses (Md\u20ac)<br \/>\nRessources (Md\u20ac)<br \/>\n<\/tr>\n<tr>\n<td>2025<\/td>\n<td>-6,6<\/td>\n<td>414,5<\/td>\n<td>407,9<\/td>\n<\/tr>\n<tr>\n<td>2035<\/td>\n<td>-14,0 \u00e0 -14,6<\/td>\n<td>462\u2013464<\/td>\n<td>448\u2013450<\/td>\n<\/tr>\n<tr>\n<td>2045<\/td>\n<td>-24,6 \u00e0 -31,6<\/td>\n<td>499\u2013506<\/td>\n<td>467\u2013481<\/td>\n<\/tr>\n<p>Zoom sur le r\u00e9gime g\u00e9n\u00e9ral : d\u00e9ficit estim\u00e9 \u00e0 <strong>~12\u201313 Md\u20ac en 2035<\/strong>, ~25\u201330 Md\u20ac en 2045. La part des retraites dans le PIB, elle, oscillerait autour de 14 % \u00e0 long terme.<\/p>\n<p>Retraites d&rsquo;aujourd&rsquo;hui et de demain : faut-il craindre une baisse des pensions ?<\/p>\n<p>Rassurons d&#8217;embl\u00e9e : <strong>aucune suspension n&rsquo;entra\u00eenerait une baisse instantan\u00e9e des pensions d\u00e9j\u00e0 acquises<\/strong>. Pour autant, un syst\u00e8me d\u00e9stabilis\u00e9 pourrait subir, \u00e0 moyen terme, des mesures correctrices : hausse des cotisations, indexation plus timor\u00e9e sur l&rsquo;inflation (avec une possible \u00e9rosion du pouvoir d&rsquo;achat), ou nouvelle r\u00e9forme h\u00e2tive en r\u00e9action \u00e0 l&rsquo;aggravation des comptes publics.<\/p>\n<p>La variable d&rsquo;ajustement peut alors se d\u00e9placer : les r\u00e8gles futures d&rsquo;acc\u00e8s (trimestres, \u00e2ge, d\u00e9cote\/surcote\u2026) pourraient \u00e9voluer pour absorber la facture financi\u00e8re collective.<\/p>\n<p> Les alternatives \u00e9voqu\u00e9es pour contenir la facture<\/p>\n<p>Si la suspension devait \u00eatre act\u00e9e, plusieurs sc\u00e9narios sont sur la table : augmenter les cotisations salariales et patronales, taxer diff\u00e9remment certains revenus, ou r\u00e9aliser des <strong>arbitrages budg\u00e9taires significatifs<\/strong> (moins d&rsquo;aides ailleurs, plus d&rsquo;imp\u00f4t). Chacune de ces options comporte son lot de b\u00e9n\u00e9ficiaires et de contributeurs.<\/p>\n<p>Le syst\u00e8me pourrait aussi r\u00e9ajuster en douceur les modalit\u00e9s d&rsquo;indexation des pensions. Moins visibles qu&rsquo;un rel\u00e8vement de l&rsquo;\u00e2ge, ces ajustements techniques n&rsquo;en sont pas moins redout\u00e9s par nombre de retrait\u00e9s soucieux de pr\u00e9server leur pouvoir d&rsquo;achat.<\/p>\n<p> Quelles perspectives d&rsquo;\u00e9volution pour le syst\u00e8me de retraite en cas de suspension ?<br \/>\n Peut-on s&rsquo;attendre \u00e0 une nouvelle r\u00e9forme ou \u00e0 un retour en arri\u00e8re durable ?<\/p>\n<p>Retour total \u00e0 la case d\u00e9part ? R\u00e9forme de compromis ? L&rsquo;histoire sociale fran\u00e7aise l&rsquo;enseigne : toute suspension ne d\u00e9bouche pas forc\u00e9ment sur un retour durable \u00e0 l&rsquo;ancien syst\u00e8me. Le contexte de d\u00e9ficit structurel, les \u00e9volutions d\u00e9mographiques et la n\u00e9cessit\u00e9 d&rsquo;assurer la <strong>p\u00e9rennit\u00e9 du syst\u00e8me<\/strong> laissent pr\u00e9sager de nouvelles discussions et, probablement, de futures adaptations.<\/p>\n<p> Les pistes de r\u00e9flexion pour un mod\u00e8le plus \u00e9quilibr\u00e9 \u00e0 l&rsquo;avenir<\/p>\n<p>Un mod\u00e8le universel ? Plus de flexibilit\u00e9 pour les carri\u00e8res atypiques ? Un \u00e9quilibre entre solidarit\u00e9 et contributivit\u00e9 ? Ces pistes reviennent \u00e0 l&rsquo;agenda des d\u00e9cideurs. Envisageable \u00e9galement, \u00e0 long terme, une r\u00e9flexion sur l&rsquo;harmonisation progressive des r\u00e9gimes, ou une approche plus <strong>personnalis\u00e9e<\/strong> autour de l&rsquo;esp\u00e9rance de vie individuelle, toujours dans le respect du principe d&rsquo;\u00e9galit\u00e9 r\u00e9publicaine.<\/p>\n<p> Les enseignements \u00e0 tirer pour mieux anticiper les prochaines \u00e9tapes<\/p>\n<p>Quelle que soit l&rsquo;issue politique, une certitude demeure au 13 octobre 2025 : le montant effectif de la pension restera \u00e9troitement li\u00e9 \u00e0 la trajectoire de carri\u00e8re de chacun. <strong>Salaires, dur\u00e9e valid\u00e9e, trimestres assimil\u00e9s, bonus pour carri\u00e8res longues ou p\u00e9nalit\u00e9s li\u00e9es \u00e0 la d\u00e9cote :<\/strong> ce sont ces param\u00e8tres qui d\u00e9finiront le futur des pensions, bien plus qu&rsquo;une modification de surface d\u00e9cid\u00e9e sous pression.<\/p>\n<p>Avec la r\u00e9ouverture du chantier des retraites cet automne, la France s&rsquo;engage dans un nouvel \u00e9pisode de son histoire sociale et budg\u00e9taire. Suspension, gel partiel ou r\u00e9forme \u00e0 venir : le chemin reste sem\u00e9 d&rsquo;incertitudes, mais offre aussi l&rsquo;occasion de repenser l&rsquo;\u00e9quilibre entre justice sociale et stabilit\u00e9 financi\u00e8re pour les g\u00e9n\u00e9rations futures.<\/p>\n","protected":false},"excerpt":{"rendered":"\u00c0 mesure que l&rsquo;automne s&rsquo;installe et que la question du pouvoir d&rsquo;achat s&rsquo;impose dans l&rsquo;esprit de nombreux Fran\u00e7ais,&hellip;\n","protected":false},"author":2,"featured_media":459439,"comment_status":"","ping_status":"","sticky":false,"template":"","format":"standard","meta":{"footnotes":""},"categories":[4],"tags":[11,1011,27,12,56,25],"class_list":{"0":"post-459438","1":"post","2":"type-post","3":"status-publish","4":"format-standard","5":"has-post-thumbnail","7":"category-france","8":"tag-actualites","9":"tag-fr","10":"tag-france","11":"tag-news","12":"tag-push","13":"tag-republique-francaise"},"share_on_mastodon":{"url":"https:\/\/pubeurope.com\/@fr\/115366016106059911","error":""},"_links":{"self":[{"href":"https:\/\/www.europesays.com\/fr\/wp-json\/wp\/v2\/posts\/459438","targetHints":{"allow":["GET"]}}],"collection":[{"href":"https:\/\/www.europesays.com\/fr\/wp-json\/wp\/v2\/posts"}],"about":[{"href":"https:\/\/www.europesays.com\/fr\/wp-json\/wp\/v2\/types\/post"}],"author":[{"embeddable":true,"href":"https:\/\/www.europesays.com\/fr\/wp-json\/wp\/v2\/users\/2"}],"replies":[{"embeddable":true,"href":"https:\/\/www.europesays.com\/fr\/wp-json\/wp\/v2\/comments?post=459438"}],"version-history":[{"count":0,"href":"https:\/\/www.europesays.com\/fr\/wp-json\/wp\/v2\/posts\/459438\/revisions"}],"wp:featuredmedia":[{"embeddable":true,"href":"https:\/\/www.europesays.com\/fr\/wp-json\/wp\/v2\/media\/459439"}],"wp:attachment":[{"href":"https:\/\/www.europesays.com\/fr\/wp-json\/wp\/v2\/media?parent=459438"}],"wp:term":[{"taxonomy":"category","embeddable":true,"href":"https:\/\/www.europesays.com\/fr\/wp-json\/wp\/v2\/categories?post=459438"},{"taxonomy":"post_tag","embeddable":true,"href":"https:\/\/www.europesays.com\/fr\/wp-json\/wp\/v2\/tags?post=459438"}],"curies":[{"name":"wp","href":"https:\/\/api.w.org\/{rel}","templated":true}]}}