{"id":459444,"date":"2025-10-13T08:56:14","date_gmt":"2025-10-13T08:56:14","guid":{"rendered":"https:\/\/www.europesays.com\/fr\/459444\/"},"modified":"2025-10-13T08:56:14","modified_gmt":"2025-10-13T08:56:14","slug":"pieton-grievement-blesse-a-saint-etienne-un-appel-a-temoins-lance","status":"publish","type":"post","link":"https:\/\/www.europesays.com\/fr\/459444\/","title":{"rendered":"Pi\u00e9ton gri\u00e8vement bless\u00e9 \u00e0 Saint-\u00c9tienne : un appel \u00e0 t\u00e9moins lanc\u00e9"},"content":{"rendered":"<p>Un homme de 50 ans a \u00e9t\u00e9 gri\u00e8vement bless\u00e9, vendredi 10 octobre, boulevard Pierre Mend\u00e8s-France, \u00e0 Saint-\u00c9tienne. La police nationale lance un appel \u00e0 t\u00e9moins.<\/p>\n<p>Que s&rsquo;est-il pass\u00e9 vendredi soir, sur le <b>boulevard Pierre Mend\u00e8s-France<\/b>, \u00e0 <b>Saint-\u00c9tienne<\/b> ?<\/p>\n<p>La police nationale lance, ce lundi 13 octobre, un <b>appel \u00e0 t\u00e9moins<\/b> pour d\u00e9terminer les circonstances d&rsquo;un accident survenu aux alentours de 20h.<\/p>\n<p>Un automobiliste en fuite<\/p>\n<p>D&rsquo;apr\u00e8s les premiers \u00e9l\u00e9ments, un pi\u00e9ton, \u00e2g\u00e9 de 50 ans, a \u00e9t\u00e9 renvers\u00e9 par une voiture. Il a \u00e9t\u00e9 pris en charge au CHU de Saint-\u00c9tienne.<\/p>\n<p>L&rsquo;automobiliste, lui, a pris la fuite.<\/p>\n<p><img loading=\"lazy\" decoding=\"async\" src=\"https:\/\/www.europesays.com\/fr\/wp-content\/uploads\/2025\/10\/1760345774_99_img\" width=\"350\" height=\"200\" border=\"0\" title=\"Les sir\u00c3\u00a8nes sur un camion de pompiers.\"\/><\/p>\n<p>\u25baFaits divers<\/p>\n<p style=\"font-size: 22px;\"><b>Saint-\u00c9tienne : un pi\u00e9ton gri\u00e8vement bless\u00e9 apr\u00e8s avoir \u00e9t\u00e9 percut\u00e9 par un v\u00e9hicule\u00a0<\/b><\/p>\n<p>Un homme de 50 ans a \u00e9t\u00e9 violemment percut\u00e9 par&#8230;<\/p>\n<p><\/p>\n","protected":false},"excerpt":{"rendered":"Un homme de 50 ans a \u00e9t\u00e9 gri\u00e8vement bless\u00e9, vendredi 10 octobre, boulevard Pierre Mend\u00e8s-France, \u00e0 Saint-\u00c9tienne. La&hellip;\n","protected":false},"author":2,"featured_media":120659,"comment_status":"","ping_status":"","sticky":false,"template":"","format":"standard","meta":{"footnotes":""},"categories":[9653],"tags":[119,1111,11,58423,2430,58424,1777,674,1011,27,12,50468,25,9920,4001,4752],"class_list":{"0":"post-459444","1":"post","2":"type-post","3":"status-publish","4":"format-standard","5":"has-post-thumbnail","7":"category-saint-etienne","8":"tag-accident","9":"tag-actu","10":"tag-actualites","11":"tag-appel-tmoin","12":"tag-auvergne-rhone-alpes","13":"tag-boulevard-pierre-mends-france","14":"tag-eu","15":"tag-europe","16":"tag-fr","17":"tag-france","18":"tag-news","19":"tag-piton","20":"tag-republique-francaise","21":"tag-saint-tienne","22":"tag-saint-etienne","23":"tag-voiture"},"share_on_mastodon":{"url":"https:\/\/pubeurope.com\/@fr\/115366028392768275","error":""},"_links":{"self":[{"href":"https:\/\/www.europesays.com\/fr\/wp-json\/wp\/v2\/posts\/459444","targetHints":{"allow":["GET"]}}],"collection":[{"href":"https:\/\/www.europesays.com\/fr\/wp-json\/wp\/v2\/posts"}],"about":[{"href":"https:\/\/www.europesays.com\/fr\/wp-json\/wp\/v2\/types\/post"}],"author":[{"embeddable":true,"href":"https:\/\/www.europesays.com\/fr\/wp-json\/wp\/v2\/users\/2"}],"replies":[{"embeddable":true,"href":"https:\/\/www.europesays.com\/fr\/wp-json\/wp\/v2\/comments?post=459444"}],"version-history":[{"count":0,"href":"https:\/\/www.europesays.com\/fr\/wp-json\/wp\/v2\/posts\/459444\/revisions"}],"wp:featuredmedia":[{"embeddable":true,"href":"https:\/\/www.europesays.com\/fr\/wp-json\/wp\/v2\/media\/120659"}],"wp:attachment":[{"href":"https:\/\/www.europesays.com\/fr\/wp-json\/wp\/v2\/media?parent=459444"}],"wp:term":[{"taxonomy":"category","embeddable":true,"href":"https:\/\/www.europesays.com\/fr\/wp-json\/wp\/v2\/categories?post=459444"},{"taxonomy":"post_tag","embeddable":true,"href":"https:\/\/www.europesays.com\/fr\/wp-json\/wp\/v2\/tags?post=459444"}],"curies":[{"name":"wp","href":"https:\/\/api.w.org\/{rel}","templated":true}]}}