{"id":459496,"date":"2025-10-13T09:25:21","date_gmt":"2025-10-13T09:25:21","guid":{"rendered":"https:\/\/www.europesays.com\/fr\/459496\/"},"modified":"2025-10-13T09:25:21","modified_gmt":"2025-10-13T09:25:21","slug":"christophe-geourjon-udi-denonce-une-methode-sans-concertation","status":"publish","type":"post","link":"https:\/\/www.europesays.com\/fr\/459496\/","title":{"rendered":"Christophe Geourjon (UDI) d\u00e9nonce une \u201cm\u00e9thode sans concertation\u201d"},"content":{"rendered":"<p itemprop=\"description\"><strong>Lors de la commission permanente de la M\u00e9tropole de Lyon, ce lundi, l\u2019\u00e9lu UDI <a href=\"https:\/\/www.lyonmag.com\/profil-personnalite-lyonnaise\/5\/christophe-geourjon\" target=\"_blank\" rel=\"noopener\">Christophe Geourjon<\/a> a vivement critiqu\u00e9 la gestion du chantier d\u2019am\u00e9nagement de l\u2019avenue des Fr\u00e8res Lumi\u00e8re.<\/strong><\/p>\n<p>Il d\u00e9nonce \u201cl\u2019illustration de votre m\u00e9thode : pas de concertation, pas d\u2019\u00e9tude d\u2019impact global, un chantier mal g\u00e9r\u00e9 qui s\u2019\u00e9tale sur des ann\u00e9es\u201d.<\/p>\n<p>Selon l\u2019\u00e9lu du groupe Inventer la M\u00e9tropole de demain, les cons\u00e9quences \u00e9conomiques et sociales seraient d\u00e9j\u00e0 lourdes pour le quartier du 8e arrondissement de Lyon.\u00a0\u201cL\u00e0 o\u00f9 r\u00e9gnait autrefois une animation commer\u00e7ante, on ne voit aujourd\u2019hui plus que des barri\u00e8res, de la poussi\u00e8re, du bruit et du d\u00e9couragement\u201d, a-t-il regrett\u00e9, \u00e9voquant la fermeture de plusieurs commerces, dont la librairie Mise en Page et la p\u00e2tisserie Chrystelle en cuisine. Une \u201cvingtaine de proc\u00e9dures de fermetures\u201d seraient en cours, selon lui.<\/p>\n<p>Christophe Geourjon s\u2019en prend aussi au nouveau plan de circulation, \u201csorti du chapeau, sans concertation\u201d, qui aurait \u201cprovoqu\u00e9 un report massif du flux automobile vers les rues adjacentes\u201d, entra\u00eenant \u201cpollution accrue, nuisances sonores continues et dangerosit\u00e9 pour les pi\u00e9tons\u201d. Il fustige la \u201cth\u00e9orie du mal n\u00e9cessaire pour un bien futur\u201d, estimant que \u201cle bien futur est hypoth\u00e9tique, et le mal pr\u00e9sent bien r\u00e9el\u201d.<\/p>\n<p>Enfin, l\u2019\u00e9lu centriste d\u00e9plore \u201cune fracture entre les institutions et les habitants\u201d, affirmant que \u201cquand on d\u00e9truit la confiance, on ne la reconstruit pas seulement avec du mobilier urbain neuf\u201d.<\/p>\n<p>Son groupe a vot\u00e9 contre la d\u00e9lib\u00e9ration pr\u00e9voyant de nouveaux cr\u00e9dits pour le chantier, d\u00e9non\u00e7ant une \u201cd\u00e9rive financi\u00e8re\u201d et une \u201csouffrance prolong\u00e9e d\u2019un quartier asphyxi\u00e9\u201d.<\/p>\n","protected":false},"excerpt":{"rendered":"Lors de la commission permanente de la M\u00e9tropole de Lyon, ce lundi, l\u2019\u00e9lu UDI Christophe Geourjon a vivement&hellip;\n","protected":false},"author":2,"featured_media":459497,"comment_status":"","ping_status":"","sticky":false,"template":"","format":"standard","meta":{"footnotes":""},"categories":[1889],"tags":[1111,11,2813,2190,2430,1109,251,1112,2811,1777,674,118,1011,27,1922,1110,1114,2428,2810,12,241,316,25,2812,517,800],"class_list":{"0":"post-459496","1":"post","2":"type-post","3":"status-publish","4":"format-standard","5":"has-post-thumbnail","7":"category-lyon","8":"tag-actu","9":"tag-actualites","10":"tag-article","11":"tag-asvel","12":"tag-auvergne-rhone-alpes","13":"tag-breves","14":"tag-culture","15":"tag-depeches","16":"tag-economique","17":"tag-eu","18":"tag-europe","19":"tag-faits-divers","20":"tag-fr","21":"tag-france","22":"tag-info","23":"tag-informations","24":"tag-infos","25":"tag-lyon","26":"tag-lyonmag","27":"tag-news","28":"tag-ol","29":"tag-politique","30":"tag-republique-francaise","31":"tag-sociale","32":"tag-sport","33":"tag-transports"},"share_on_mastodon":{"url":"https:\/\/pubeurope.com\/@fr\/115366141837664321","error":""},"_links":{"self":[{"href":"https:\/\/www.europesays.com\/fr\/wp-json\/wp\/v2\/posts\/459496","targetHints":{"allow":["GET"]}}],"collection":[{"href":"https:\/\/www.europesays.com\/fr\/wp-json\/wp\/v2\/posts"}],"about":[{"href":"https:\/\/www.europesays.com\/fr\/wp-json\/wp\/v2\/types\/post"}],"author":[{"embeddable":true,"href":"https:\/\/www.europesays.com\/fr\/wp-json\/wp\/v2\/users\/2"}],"replies":[{"embeddable":true,"href":"https:\/\/www.europesays.com\/fr\/wp-json\/wp\/v2\/comments?post=459496"}],"version-history":[{"count":0,"href":"https:\/\/www.europesays.com\/fr\/wp-json\/wp\/v2\/posts\/459496\/revisions"}],"wp:featuredmedia":[{"embeddable":true,"href":"https:\/\/www.europesays.com\/fr\/wp-json\/wp\/v2\/media\/459497"}],"wp:attachment":[{"href":"https:\/\/www.europesays.com\/fr\/wp-json\/wp\/v2\/media?parent=459496"}],"wp:term":[{"taxonomy":"category","embeddable":true,"href":"https:\/\/www.europesays.com\/fr\/wp-json\/wp\/v2\/categories?post=459496"},{"taxonomy":"post_tag","embeddable":true,"href":"https:\/\/www.europesays.com\/fr\/wp-json\/wp\/v2\/tags?post=459496"}],"curies":[{"name":"wp","href":"https:\/\/api.w.org\/{rel}","templated":true}]}}