{"id":459498,"date":"2025-10-13T09:26:10","date_gmt":"2025-10-13T09:26:10","guid":{"rendered":"https:\/\/www.europesays.com\/fr\/459498\/"},"modified":"2025-10-13T09:26:10","modified_gmt":"2025-10-13T09:26:10","slug":"ventes-rehabilitations-et-renovations-le-patrimoine-immobilier-du-diocese-de-lyon-en-profonde-mutation","status":"publish","type":"post","link":"https:\/\/www.europesays.com\/fr\/459498\/","title":{"rendered":"Ventes, r\u00e9habilitations et r\u00e9novations&#8230; le patrimoine immobilier du dioc\u00e8se de Lyon en profonde mutation"},"content":{"rendered":"<p><strong>600 000 euros de travaux et plus d\u2019un an de chantier<\/strong> : il y a un peu plus de deux ans maintenant, la maison paroissiale de Givors-Grigny a b\u00e9n\u00e9fici\u00e9 d\u2019une r\u00e9habilitation compl\u00e8te. Accueil, cuisine, parties communes, fa\u00e7ade et jardin, tout a \u00e9t\u00e9 repens\u00e9 pour <strong>le confort des paroissiens<\/strong>. \u00ab Lorsque je suis arriv\u00e9, j\u2019ai tout de suite vu que la maison paroissiale \u00e9tait fonctionnelle. En revanche, il y avait aussi des choses \u00e0 modifier. Par exemple, avant, pour aller \u00e0 l\u2019accueil, il fallait traverser la cuisine. Ce n\u2019\u00e9tait pas d\u00e8s plus agr\u00e9able \u00bb, raconte le P\u00e8re Damien Guillot, cur\u00e9 de la paroisse. Il montre fi\u00e8rement la nouvelle table destin\u00e9e aux enfants : \u00ab symboliquement, c\u2019est important : on accueille tous les \u00e2ges dans la paroisse \u00bb, abonde-t-il.<\/p>\n<p>\u00c0 l\u2019\u00e9tage inf\u00e9rieur, d\u2019autres travaux ont concern\u00e9 la grande salle paroissiale. Cependant,<strong> l\u2019enjeu n\u2019\u00e9tait pas qu\u2019esth\u00e9tique<\/strong> : \u00ab lorsque l\u2019on fait une r\u00e9habilitation d\u2019un immeuble comme celui-ci, d\u2019un ERP [\u00e9tablissement recevant du public, NDLR], on a l\u2019obligation de se mettre aux normes de s\u00e9curit\u00e9, de loi handicap avec l\u2019accueil des PMR [personne \u00e0 mobilit\u00e9 r\u00e9duite, NDLR] \u00bb, explique Cyril de Lesquen, responsable du patrimoine immobilier du dioc\u00e8se de Lyon.\u00a0<\/p>\n","protected":false},"excerpt":{"rendered":"600 000 euros de travaux et plus d\u2019un an de chantier : il y a un peu plus&hellip;\n","protected":false},"author":2,"featured_media":459499,"comment_status":"","ping_status":"","sticky":false,"template":"","format":"standard","meta":{"footnotes":""},"categories":[1889],"tags":[1111,11,2430,1777,674,1011,27,2428,12,25],"class_list":{"0":"post-459498","1":"post","2":"type-post","3":"status-publish","4":"format-standard","5":"has-post-thumbnail","7":"category-lyon","8":"tag-actu","9":"tag-actualites","10":"tag-auvergne-rhone-alpes","11":"tag-eu","12":"tag-europe","13":"tag-fr","14":"tag-france","15":"tag-lyon","16":"tag-news","17":"tag-republique-francaise"},"share_on_mastodon":{"url":"https:\/\/pubeurope.com\/@fr\/115366145819514120","error":""},"_links":{"self":[{"href":"https:\/\/www.europesays.com\/fr\/wp-json\/wp\/v2\/posts\/459498","targetHints":{"allow":["GET"]}}],"collection":[{"href":"https:\/\/www.europesays.com\/fr\/wp-json\/wp\/v2\/posts"}],"about":[{"href":"https:\/\/www.europesays.com\/fr\/wp-json\/wp\/v2\/types\/post"}],"author":[{"embeddable":true,"href":"https:\/\/www.europesays.com\/fr\/wp-json\/wp\/v2\/users\/2"}],"replies":[{"embeddable":true,"href":"https:\/\/www.europesays.com\/fr\/wp-json\/wp\/v2\/comments?post=459498"}],"version-history":[{"count":0,"href":"https:\/\/www.europesays.com\/fr\/wp-json\/wp\/v2\/posts\/459498\/revisions"}],"wp:featuredmedia":[{"embeddable":true,"href":"https:\/\/www.europesays.com\/fr\/wp-json\/wp\/v2\/media\/459499"}],"wp:attachment":[{"href":"https:\/\/www.europesays.com\/fr\/wp-json\/wp\/v2\/media?parent=459498"}],"wp:term":[{"taxonomy":"category","embeddable":true,"href":"https:\/\/www.europesays.com\/fr\/wp-json\/wp\/v2\/categories?post=459498"},{"taxonomy":"post_tag","embeddable":true,"href":"https:\/\/www.europesays.com\/fr\/wp-json\/wp\/v2\/tags?post=459498"}],"curies":[{"name":"wp","href":"https:\/\/api.w.org\/{rel}","templated":true}]}}