{"id":459510,"date":"2025-10-13T09:32:12","date_gmt":"2025-10-13T09:32:12","guid":{"rendered":"https:\/\/www.europesays.com\/fr\/459510\/"},"modified":"2025-10-13T09:32:12","modified_gmt":"2025-10-13T09:32:12","slug":"ladorable-iman-de-jordanie-invitee-surprise-du-voyage-dhussein-et-rajwa-a-paris","status":"publish","type":"post","link":"https:\/\/www.europesays.com\/fr\/459510\/","title":{"rendered":"L\u2019adorable Iman de Jordanie invit\u00e9e surprise du voyage d\u2019Hussein et Rajwa \u00e0 Paris"},"content":{"rendered":"<p class=\"intro\">Hussein et Rajwa de Jordanie \u00e9taient de passage \u00e0 Paris la semaine derni\u00e8re, captant tous les regards et omettant de pr\u00e9ciser que leur fille de 14 mois, Iman, \u00e9tait \u00e9galement du voyage. La petite fille a cependant pu d\u00e9voiler sa bouille dans une jolie vid\u00e9o publi\u00e9e par son p\u00e8re \u00e0 l\u2019issue de sa visite.<\/p>\n<p>La semaine \u00e9coul\u00e9e a eu beau \u00eatre <a href=\"https:\/\/www.parismatch.com\/actu\/politique\/sebastien-lecornu-renomme-premier-ministre-258399\" rel=\"nofollow noopener\" target=\"_blank\">riche en rebondissements<\/a> pour la classe politique fran\u00e7aise, cela n\u2019a pas emp\u00each\u00e9 le prince h\u00e9ritier de Jordanie et son \u00e9pouse d\u2019accomplir une visite de travail \u00e0 Paris, afin de renforcer le partenariat \u00e9conomique et l\u2019amiti\u00e9 entre leur pays et la France. Hussein et Rajwa ont notamment \u00e9t\u00e9 <a href=\"https:\/\/www.parismatch.com\/Royal-Blog\/emmanuel-et-brigitte-macron-oublient-la-crise-en-accueillant-hussein-de-jordanie-et-sa-belle-rajwa-a-lelysee-258284\" rel=\"nofollow noopener\" target=\"_blank\">re\u00e7us \u00e0 l\u2019\u00c9lys\u00e9e<\/a> par Brigitte et Emmanuel Macron le 8\u00a0octobre, avant de <a href=\"https:\/\/www.parismatch.com\/Royal-Blog\/rajwa-et-hussein-de-jordanie-en-visite-a-paris-sur-les-traces-de-xavier-niel-258321\" rel=\"nofollow noopener\" target=\"_blank\">partir \u00e0 la d\u00e9couverte de l\u2019empire de l\u2019homme d\u2019affaires Xavier Niel<\/a>.<\/p>\n<p>Le lendemain, c\u2019est seul que l\u2019h\u00e9ritier du tr\u00f4ne est parti \u00e0 la rencontre du GIGN <a href=\"https:\/\/www.parismatch.com\/Royal-Blog\/hussein-de-jordanie-a-paris-il-partage-un-surprenant-cliche-avec-gerard-larcher-258400\" rel=\"nofollow noopener\" target=\"_blank\">ainsi que du pr\u00e9sident du S\u00e9nat<\/a>, G\u00e9rard Larcher, avant de quitter la France avec son \u00e9pouse\u2026 et une petite invit\u00e9e dont on ne soup\u00e7onnait pas la pr\u00e9sence\u00a0! Le 10\u00a0octobre, au lendemain de son d\u00e9part, Hussein a en effet publi\u00e9 une vid\u00e9o r\u00e9capitulative de son voyage, montrant que sa fille de 14 mois, Iman, \u00e9tait bien pr\u00e9sente aux c\u00f4t\u00e9s de ses parents.<\/p>\n<p>    La suite apr\u00e8s cette publicit\u00e9<\/p>\n<p>D\u00e8s la premi\u00e8re image on entend l\u2019un des conseillers d\u2019Hussein et Rajwa mentionner \u00ab\u00a0votre fille\u00a0\u00bb tandis que le prince \u00e9voque directement le sujet devant Emmanuel et Brigitte et Macron, affirmant qu\u2019elle \u00ab\u00a0adore sa journ\u00e9e ici\u00a0\u00bb avant de s\u2019entendre r\u00e9pondre par la premi\u00e8re dame qu&rsquo;\u00ab\u00a0elle est tr\u00e8s populaire ici\u00a0\u00bb. La vid\u00e9o se termine ensuite sur une image du couple h\u00e9ritier dans un train avec la petite Iman sur les genoux, tentant d\u2019attraper la pelucher d\u2019abeille que sa m\u00e8re agite devant elle.<\/p>\n<p>    La suite apr\u00e8s cette publicit\u00e9<\/p>\n<p>    <img decoding=\"async\" src=\"https:\/\/www.europesays.com\/fr\/wp-content\/uploads\/2025\/10\/capture-13-octobre.jpg\" alt=\"Iman avec Hussein et Rajwa de Jordanie, sur Instagram, le 10 octobre 2025.\" loading=\"lazy\"\/><\/p>\n<p>\n      Iman avec Hussein et Rajwa de Jordanie, sur Instagram, le 10 octobre 2025.<\/p>\n<p>                                \u00a9 Instagram du prince Hussein de Jordanie<\/p>\n<p>Iman d\u00e9j\u00e0 impliqu\u00e9e dans les affaires royales<\/p>\n<p>Malgr\u00e9 son tr\u00e8s jeune \u00e2ge, la pr\u00e9sence de la petite princesse aux c\u00f4t\u00e9s de ses parents \u00e0 Paris n\u2019a pas grand-chose de surprenant. Depuis<a href=\"https:\/\/www.parismatch.com\/royal-blog\/hussein-et-rajwa-de-jordanie-parents-pour-la-premiere-fois-une-petite-princesse-est-nee-240291\" rel=\"nofollow noopener\" target=\"_blank\"> la naissance de sa fille<\/a>, le 3\u00a0ao\u00fbt 2024, Hussein n\u2019a de cesse de dire \u00e0 quel point Iman l\u2019a transform\u00e9 en v\u00e9ritable papa poule, au point de l\u2019emmener <a href=\"https:\/\/www.parismatch.com\/royal-blog\/la-petite-iman-de-jordanie-craquante-pour-accompagner-son-pere-le-prince-hussein-au-bureau-245070\" rel=\"nofollow noopener\" target=\"_blank\">au bureau<\/a> et d\u2019affirmer que le b\u00e9b\u00e9 ne quitte jamais ses bras, jusqu\u2019\u00e0 lui cr\u00e9er de<a href=\"https:\/\/www.parismatch.com\/Royal-Blog\/hussein-de-jordanie-heureux-papa-diman-il-devoile-de-nouvelles-images-de-sa-fille-a-ladorable-sourire-252102\" rel=\"nofollow noopener\" target=\"_blank\"> s\u00e9rieuses douleurs \u00e0 l\u2019\u00e9paule<\/a>.<\/p>\n<p>La princesse fait \u00e9galement le bonheur de sa grand-m\u00e8re, la reine Rania, qui, d\u00e8s ses trois mois, n\u2019a pas h\u00e9sit\u00e9 \u00e0 l\u2019emmener <a href=\"https:\/\/www.parismatch.com\/royal-blog\/rania-de-jordanie-grand-mere-comblee-meme-en-reunion-la-precieuse-iman-ne-la-lache-pas-243377\" rel=\"nofollow noopener\" target=\"_blank\">en r\u00e9union<\/a>, l\u2019impliquant ainsi de fa\u00e7on ultra-pr\u00e9coce dans les affaires du royaume. Un engagement \u00e9tonnant de la part du clan hach\u00e9mite dans la mesure o\u00f9 <a href=\"https:\/\/www.parismatch.com\/royal-blog\/naissance-royale-en-jordanie-la-princesse-iman-sera-t-elle-reine-un-jour-240363\" rel=\"nofollow noopener\" target=\"_blank\">la petite Iman ne sera jamais reine<\/a>, la constitution jordanienne interdisant le tr\u00f4ne aux femmes.<\/p>\n","protected":false},"excerpt":{"rendered":"Hussein et Rajwa de Jordanie \u00e9taient de passage \u00e0 Paris la semaine derni\u00e8re, captant tous les regards et&hellip;\n","protected":false},"author":2,"featured_media":459511,"comment_status":"","ping_status":"","sticky":false,"template":"","format":"standard","meta":{"footnotes":""},"categories":[1888],"tags":[11,1777,674,1011,27,12,626,25],"class_list":{"0":"post-459510","1":"post","2":"type-post","3":"status-publish","4":"format-standard","5":"has-post-thumbnail","7":"category-paris","8":"tag-actualites","9":"tag-eu","10":"tag-europe","11":"tag-fr","12":"tag-france","13":"tag-news","14":"tag-paris","15":"tag-republique-francaise"},"share_on_mastodon":{"url":"https:\/\/pubeurope.com\/@fr\/115366169537550464","error":""},"_links":{"self":[{"href":"https:\/\/www.europesays.com\/fr\/wp-json\/wp\/v2\/posts\/459510","targetHints":{"allow":["GET"]}}],"collection":[{"href":"https:\/\/www.europesays.com\/fr\/wp-json\/wp\/v2\/posts"}],"about":[{"href":"https:\/\/www.europesays.com\/fr\/wp-json\/wp\/v2\/types\/post"}],"author":[{"embeddable":true,"href":"https:\/\/www.europesays.com\/fr\/wp-json\/wp\/v2\/users\/2"}],"replies":[{"embeddable":true,"href":"https:\/\/www.europesays.com\/fr\/wp-json\/wp\/v2\/comments?post=459510"}],"version-history":[{"count":0,"href":"https:\/\/www.europesays.com\/fr\/wp-json\/wp\/v2\/posts\/459510\/revisions"}],"wp:featuredmedia":[{"embeddable":true,"href":"https:\/\/www.europesays.com\/fr\/wp-json\/wp\/v2\/media\/459511"}],"wp:attachment":[{"href":"https:\/\/www.europesays.com\/fr\/wp-json\/wp\/v2\/media?parent=459510"}],"wp:term":[{"taxonomy":"category","embeddable":true,"href":"https:\/\/www.europesays.com\/fr\/wp-json\/wp\/v2\/categories?post=459510"},{"taxonomy":"post_tag","embeddable":true,"href":"https:\/\/www.europesays.com\/fr\/wp-json\/wp\/v2\/tags?post=459510"}],"curies":[{"name":"wp","href":"https:\/\/api.w.org\/{rel}","templated":true}]}}