{"id":459514,"date":"2025-10-13T09:34:16","date_gmt":"2025-10-13T09:34:16","guid":{"rendered":"https:\/\/www.europesays.com\/fr\/459514\/"},"modified":"2025-10-13T09:34:16","modified_gmt":"2025-10-13T09:34:16","slug":"drones-dans-le-ciel-europeen-la-cheffe-de-la-diplomatie-de-lue-denonce-lescalade-de-moscou","status":"publish","type":"post","link":"https:\/\/www.europesays.com\/fr\/459514\/","title":{"rendered":"Drones dans le ciel europ\u00e9en\u00a0: la cheffe de la diplomatie de l\u2019UE d\u00e9nonce \u00ab\u00a0l\u2019escalade\u00a0\u00bb de Moscou"},"content":{"rendered":"<p>\u00ab Chaque fois qu\u2019un drone ou un avion russe viole notre espace a\u00e9rien, il existe un risque d\u2019escalade, involontaire ou non. La Russie joue avec la guerre, et nous d\u00e9passons le cadre d\u2019un conflit hypoth\u00e9tique \u00bb, a d\u00e9clar\u00e9, ce lundi, la cheffe de la diplomatie de l\u2019Union europ\u00e9enne Kaja Kallas, lors d\u2019une conf\u00e9rence de presse. \u00ab Pour \u00e9viter la guerre, nous devons traduire la puissance \u00e9conomique de l\u2019Europe en dissuasion militaire \u00bb, a ajout\u00e9 l\u2019ancienne Premi\u00e8re ministre estonienne.<\/p>\n<p>De l\u2019aide suppl\u00e9mentaire pour l\u2019Ukraine ?<\/p>\n<p>Accueillie lundi matin par le ministre ukrainien des Affaires \u00e9trang\u00e8res Andri\u00ef Sybiga, Kaja Kallas est venue \u00e0 Kiev \u00e9voquer le soutien financier et militaire de l\u2019UE, ainsi que la s\u00e9curit\u00e9 du syst\u00e8me \u00e9nerg\u00e9tique ukrainien, mis \u00e0 mal ces derni\u00e8res semaines par une <a href=\"https:\/\/www.letelegramme.fr\/monde\/des-attaques-de-missiles-et-drones-russes-tuent-un-enfant-dans-la-region-de-zaporijjia-et-privent-partiellement-kiev-delectricite-6906405.php\" target=\"_blank\" rel=\"nofollow noopener\">intensification des frappes russes nocturnes<\/a>.<\/p>\n<p>\u00ab L\u2019ennemi cherche \u00e0 affecter l\u2019\u00e9tat d\u2019esprit et l\u2019humeur de la population en attaquant les infrastructures \u00e9nerg\u00e9tiques. Nous en sommes parfaitement conscients \u00bb, a d\u00e9clar\u00e9 Andr\u00efi Sybiga, aux c\u00f4t\u00e9s de Mme Kallas.<\/p>\n<p>Il a appel\u00e9 \u00e0 une protection renforc\u00e9e de ces infrastructures avec l\u2019aide des alli\u00e9s de l\u2019Ukraine, alors que Kiev r\u00e9clame \u00e0 cor et \u00e0 cri d\u2019obtenir des syst\u00e8mes suppl\u00e9mentaires de d\u00e9fense antia\u00e9rienne.<\/p>\n<p>Le minist\u00e8re ukrainien de l\u2019\u00c9nergie a annonc\u00e9, ce lundi, des coupures d\u2019\u00e9lectricit\u00e9 dans au moins sept r\u00e9gions dans le Nord, l\u2019est, le centre et le sud du pays, \u00e0 la suite de frappes russes contre le r\u00e9seau \u00e9nerg\u00e9tique.<\/p>\n<p>Par ailleurs, un couple de quinquag\u00e9naires a \u00e9t\u00e9 tu\u00e9, ce lundi, par une attaque de drone dans la r\u00e9gion de Zaporijjia (sud), selon le gouverneur r\u00e9gional Ivan Fedorov.<\/p>\n<p>Concernant les \u00ab violations \u00bb de l\u2019espace a\u00e9rien europ\u00e9en, Mme Kallas faisait allusion \u00e0 une s\u00e9rie d\u2019\u00e9v\u00e9nements survenus depuis la fin de l\u2019\u00e9t\u00e9 dans plusieurs pays de l\u2019UE, dont la Pologne, la Roumanie, le Danemark ou encore l\u2019Allemagne.<\/p>\n<p>Le 22 puis le 25 septembre le Danemark a par exemple observ\u00e9 le survol de plusieurs de ses lieux sensibles (a\u00e9roport, base militaire etc) par des drones et a mis ouvertement en cause la Russie.<\/p>\n<p>Moscou \u00e9tait d\u00e9j\u00e0 accus\u00e9 d\u2019\u00eatre derri\u00e8re l\u2019incursion d\u2019une vingtaine de drones dans le ciel polonais d\u00e9but septembre. En outre, trois avions de combat russes ont \u00e9t\u00e9 surpris dans l\u2019espace a\u00e9rien estonien pendant douze minutes le 19 septembre, selon Tallinn.<\/p>\n","protected":false},"excerpt":{"rendered":"\u00ab Chaque fois qu\u2019un drone ou un avion russe viole notre espace a\u00e9rien, il existe un risque d\u2019escalade,&hellip;\n","protected":false},"author":2,"featured_media":459515,"comment_status":"","ping_status":"","sticky":false,"template":"","format":"standard","meta":{"footnotes":""},"categories":[1590],"tags":[11,765,1777,674,131,2069,74,12,132,656,220,364],"class_list":{"0":"post-459514","1":"post","2":"type-post","3":"status-publish","4":"format-standard","5":"has-post-thumbnail","7":"category-ukraine","8":"tag-actualites","9":"tag-en-continu","10":"tag-eu","11":"tag-europe","12":"tag-guerre-en-ukraine","13":"tag-guerre-ukraine-russie","14":"tag-monde","15":"tag-news","16":"tag-russie","17":"tag-securite","18":"tag-ukraine","19":"tag-union-europeenne"},"share_on_mastodon":{"url":"https:\/\/pubeurope.com\/@fr\/115366177444531710","error":""},"_links":{"self":[{"href":"https:\/\/www.europesays.com\/fr\/wp-json\/wp\/v2\/posts\/459514","targetHints":{"allow":["GET"]}}],"collection":[{"href":"https:\/\/www.europesays.com\/fr\/wp-json\/wp\/v2\/posts"}],"about":[{"href":"https:\/\/www.europesays.com\/fr\/wp-json\/wp\/v2\/types\/post"}],"author":[{"embeddable":true,"href":"https:\/\/www.europesays.com\/fr\/wp-json\/wp\/v2\/users\/2"}],"replies":[{"embeddable":true,"href":"https:\/\/www.europesays.com\/fr\/wp-json\/wp\/v2\/comments?post=459514"}],"version-history":[{"count":0,"href":"https:\/\/www.europesays.com\/fr\/wp-json\/wp\/v2\/posts\/459514\/revisions"}],"wp:featuredmedia":[{"embeddable":true,"href":"https:\/\/www.europesays.com\/fr\/wp-json\/wp\/v2\/media\/459515"}],"wp:attachment":[{"href":"https:\/\/www.europesays.com\/fr\/wp-json\/wp\/v2\/media?parent=459514"}],"wp:term":[{"taxonomy":"category","embeddable":true,"href":"https:\/\/www.europesays.com\/fr\/wp-json\/wp\/v2\/categories?post=459514"},{"taxonomy":"post_tag","embeddable":true,"href":"https:\/\/www.europesays.com\/fr\/wp-json\/wp\/v2\/tags?post=459514"}],"curies":[{"name":"wp","href":"https:\/\/api.w.org\/{rel}","templated":true}]}}