{"id":459542,"date":"2025-10-13T09:50:11","date_gmt":"2025-10-13T09:50:11","guid":{"rendered":"https:\/\/www.europesays.com\/fr\/459542\/"},"modified":"2025-10-13T09:50:11","modified_gmt":"2025-10-13T09:50:11","slug":"des-pros-recuperent-les-meilleurs-temps-a-des-amateurs-sur-le-parcours-du-tour-des-flandres","status":"publish","type":"post","link":"https:\/\/www.europesays.com\/fr\/459542\/","title":{"rendered":"des pros r\u00e9cup\u00e8rent les meilleurs temps \u00e0 des amateurs sur le parcours du Tour des Flandres"},"content":{"rendered":"<p>Plusieurs coureurs professionnels belges, sp\u00e9cialistes des classiques flandriennes, se sont regroup\u00e9s ces derniers jours pour r\u00e9cup\u00e9rer les meilleurs temps sur les segments Strava du Tour des Flandres. Des records d&rsquo;ascensions jusque-l\u00e0 d\u00e9tenus par un groupe d&rsquo;amateurs r\u00e9put\u00e9s sur les r\u00e9seaux sociaux.<\/p>\n<p>Une bataille pas tr\u00e8s \u00e9quitable, qui semble perdue d&rsquo;avance. Depuis plusieurs ann\u00e9es, un groupe d&rsquo;amateurs parcourt sans rel\u00e2che les monts flandriens avec un objectif: d\u00e9crocher les \u00ab\u00a0KOMs\u00a0\u00bb du <a href=\"https:\/\/rmcsport.bfmtv.com\/cyclisme\/uci-world-tour\/une-incroyable-razzia-la-liste-des-20-victoires-de-l-ogre-tadej-pogacar-en-2025_AV-202510110245.html\" title=\"Une incroyable razzia: la liste des 20 victoires de l&#039;ogre Tadej Pogacar en 2025\" class=\"internal_link\" rel=\"nofollow noopener\" target=\"_blank\">Tour des Flandres<\/a>, soit les meilleurs temps sur les segments <a href=\"https:\/\/rmcsport.bfmtv.com\/rmc-running\/strava-vs-garmin-c-est-quoi-cette-guerre-qui-met-le-feu-au-monde-du-running_AV-202510090622.html\" title=\"Strava vs Garmin: c&#039;est quoi cette guerre qui met le feu au monde du running\" class=\"internal_link\" rel=\"nofollow noopener\" target=\"_blank\">Strava<\/a> des 57 mont\u00e9es du parcours. \u00c0 l&rsquo;origine du projet en 2017, Wesley Van Dyck s&rsquo;est entour\u00e9 d&rsquo;amis passionn\u00e9s de cyclisme pour cr\u00e9er le groupe des \u00ab\u00a0Kings of the Flemish Mountains\u00a0\u00bb (\u00ab\u00a0Les rois des montagnes flamandes\u00a0\u00bb, en anglais). En ao\u00fbt, le groupe suivi par plus de 24.000 personnes sur Instagram d\u00e9tenait pas moins de 41 KOMs. Mais c&rsquo;\u00e9tait sans compter sur la revanche des professionnels.<\/p>\n<p>Ces derniers jours, plusieurs coureurs belges comme <a href=\"https:\/\/rmcsport.bfmtv.com\/cyclisme\/tour-d-espagne\/vuelta-je-me-suis-fait-epiler-les-poils-du-nez-specialement-pour-la-course-la-visma-s-attaque-a-un-nouveau-gain-marginal_AV-202508230220.html\" title=\"Vuelta: &quot;Je me suis fait \u00e9piler les poils du nez sp\u00e9cialement pour la course&quot;, la Visma s&#039;attaque \u00e0 un nouveau gain marginal\" class=\"internal_link\" rel=\"nofollow noopener\" target=\"_blank\">Victor Campenaerts<\/a> et Tiesj Benoot de la Visma-Lease a bike ou Florian Vermeersch d&rsquo;UAE Team Emirates se sont regroup\u00e9s pour r\u00e9cup\u00e9rer les meilleurs temps. \u00ab\u00a0Nous en avons discut\u00e9 avec certains coureurs du peloton\u00a0\u00bb, a r\u00e9v\u00e9l\u00e9 <a href=\"https:\/\/rmcsport.bfmtv.com\/cyclisme\/uae-gagne-tout-meme-sur-gravel-florian-vermeersch-coequipier-de-tadej-pogacar-sacre-champion-du-monde_AV-202510120246.html\" title=\"UAE gagne tout, m\u00eame sur gravel: Florian Vermeersch, co\u00e9quipier de Tadej Pogacar, sacr\u00e9 champion du monde\" class=\"internal_link\" rel=\"nofollow noopener\" target=\"_blank\">le r\u00e9cent champion du monde de gravel<\/a> au <a href=\"https:\/\/www.nieuwsblad.be\/sport\/wielrennen\/wegwielrennen\/tiesj-benoot-florian-vermeersch-en-victor-campenaerts-pakken-kom-s-af-van-amateurs-wie-wint-de-strijd-om-de-vlaamse-ardennen\/96329113.html\" target=\"_blank\" class=\"external_link\" rel=\"nofollow noopener\">Het Nieuwblad<\/a>. \u00ab\u00a0C&rsquo;\u00e9tait une id\u00e9e amusante de r\u00e9cup\u00e9rer quelques KOMs. Cela cr\u00e9e une comp\u00e9tition saine et sportive. De plus, cela s&rsquo;int\u00e9grait parfaitement \u00e0 notre entra\u00eenement.\u00a0\u00bb<\/p>\n<blockquote class=\"embed embed_quote\"><p>\u00ab\u00a0C&rsquo;est dr\u00f4le de faire \u00e7a, \u00e7a nous donne un objectif durant notre entra\u00eenement\u00a0\u00bb, a ajout\u00e9 Victor Campenaerts, qui n&rsquo;exclut pas de repartir \u00e0 la chasse aux KOMs au printemps prochain.<\/p><\/blockquote>\n<p>\u00ab\u00a0On a un travail \u00e0 c\u00f4t\u00e9\u00a0\u00bb<\/p>\n<p>Une guerre entre pros et amateurs vraiment \u00ab\u00a0dr\u00f4le\u00a0\u00bb? Pas si s\u00fbr. Interrog\u00e9 par la presse n\u00e9erlandaise, Wesley Van Dyck a r\u00e9torqu\u00e9: \u00ab\u00a0Je trouve dommage qu&rsquo;ils veuillent se mesurer \u00e0 nous, amateurs. On a un travail \u00e0 c\u00f4t\u00e9. Mais bon, on rel\u00e8ve le d\u00e9fi, et je sais qu&rsquo;il y a encore des progr\u00e8s \u00e0 faire dans de nombreuses ascensions. Alors, on va se battre et r\u00e9cup\u00e9rer les KOMs.\u00a0\u00bb<\/p>\n<p>Moins amer, le groupe a publi\u00e9 ce dimanche une vid\u00e9o humoristique. Non sans rappeler que la bataille n&rsquo;est pas juste entre des professionnels et des amateurs qui ne peuvent pas s&rsquo;entra\u00eener tous les jours, mangent gras et boivent de l&rsquo;alcool, les \u00ab\u00a0Kings of the Flemish mountains\u00a0\u00bb ont reconnu le \u00ab\u00a0travail fantastique\u00a0\u00bb des pros.<\/p>\n<p>\u00ab\u00a0C&rsquo;est un honneur que l&rsquo;ancien recordman du monde de l&rsquo;heure Victor Campenaerts et ses camarades aient battu certains de nos temps\u00a0\u00bb, ont-ils \u00e9crit sur Instagram. \u00ab\u00a0Cela nous motive \u00e0 nous battre. Si nous n&rsquo;y parvenons pas, ce n&rsquo;est pas grave.\u00a0\u00bb Et d&rsquo;ajouter: \u00ab\u00a0Mais d&rsquo;abord, il faut sortir de notre torpeur hivernale et commencer \u00e0 boire de la bi\u00e8re sans alcool.\u00a0\u00bb<\/p>\n<p>Les coureurs belges pourraient alors faire appel \u00e0 leurs co\u00e9quipiers Wout van Aert ou Tadej Pogacar, habitu\u00e9s de <a href=\"https:\/\/rmcsport.bfmtv.com\/cyclisme\/uci-world-tour\/cyclisme-a-l-entrainement-tadej-pogacar-bat-deja-trois-records-sur-paris-roubaix_AV-202504030165.html\" title=\"Paris-Roubaix: le coup de pression de Pogacar qui bat d\u00e9j\u00e0 les records de trois secteurs pav\u00e9s \u00e0 l&#039;entra\u00eenement\" class=\"internal_link\" rel=\"nofollow noopener\" target=\"_blank\">faire tomber les KOMs lors des reconnaissances des diff\u00e9rentes classiques<\/a>.<\/p>\n","protected":false},"excerpt":{"rendered":"Plusieurs coureurs professionnels belges, sp\u00e9cialistes des classiques flandriennes, se sont regroup\u00e9s ces derniers jours pour r\u00e9cup\u00e9rer les meilleurs&hellip;\n","protected":false},"author":2,"featured_media":459543,"comment_status":"","ping_status":"","sticky":false,"template":"","format":"standard","meta":{"footnotes":""},"categories":[1411],"tags":[1154,207,1011,27,60],"class_list":{"0":"post-459542","1":"post","2":"type-post","3":"status-publish","4":"format-standard","5":"has-post-thumbnail","7":"category-cyclisme","8":"tag-cycling","9":"tag-cyclisme","10":"tag-fr","11":"tag-france","12":"tag-sports"},"share_on_mastodon":{"url":"https:\/\/pubeurope.com\/@fr\/115366240268268602","error":""},"_links":{"self":[{"href":"https:\/\/www.europesays.com\/fr\/wp-json\/wp\/v2\/posts\/459542","targetHints":{"allow":["GET"]}}],"collection":[{"href":"https:\/\/www.europesays.com\/fr\/wp-json\/wp\/v2\/posts"}],"about":[{"href":"https:\/\/www.europesays.com\/fr\/wp-json\/wp\/v2\/types\/post"}],"author":[{"embeddable":true,"href":"https:\/\/www.europesays.com\/fr\/wp-json\/wp\/v2\/users\/2"}],"replies":[{"embeddable":true,"href":"https:\/\/www.europesays.com\/fr\/wp-json\/wp\/v2\/comments?post=459542"}],"version-history":[{"count":0,"href":"https:\/\/www.europesays.com\/fr\/wp-json\/wp\/v2\/posts\/459542\/revisions"}],"wp:featuredmedia":[{"embeddable":true,"href":"https:\/\/www.europesays.com\/fr\/wp-json\/wp\/v2\/media\/459543"}],"wp:attachment":[{"href":"https:\/\/www.europesays.com\/fr\/wp-json\/wp\/v2\/media?parent=459542"}],"wp:term":[{"taxonomy":"category","embeddable":true,"href":"https:\/\/www.europesays.com\/fr\/wp-json\/wp\/v2\/categories?post=459542"},{"taxonomy":"post_tag","embeddable":true,"href":"https:\/\/www.europesays.com\/fr\/wp-json\/wp\/v2\/tags?post=459542"}],"curies":[{"name":"wp","href":"https:\/\/api.w.org\/{rel}","templated":true}]}}