{"id":459562,"date":"2025-10-13T10:00:15","date_gmt":"2025-10-13T10:00:15","guid":{"rendered":"https:\/\/www.europesays.com\/fr\/459562\/"},"modified":"2025-10-13T10:00:15","modified_gmt":"2025-10-13T10:00:15","slug":"audiences-dimanche-record-pour-les-enfants-de-la-tele-avec-faustine-bollaert-et-un-dimanche-a-la-campagne-sur-france-2-raphael-glucksmann-fait-chuter-anne-sophie-lapix-sur-m6","status":"publish","type":"post","link":"https:\/\/www.europesays.com\/fr\/459562\/","title":{"rendered":"Audiences dimanche : Record pour \u00ab\u00a0Les enfants de la t\u00e9l\u00e9\u00a0\u00bb avec Faustine Bollaert et \u00ab\u00a0Un dimanche \u00e0 la campagne\u00a0\u00bb sur France 2, Rapha\u00ebl Glucksmann fait chuter Anne-Sophie Lapix sur M6"},"content":{"rendered":"<p>Les journaux de la mi-journ\u00e9e\u00a0<\/p>\n<p>Le \u00ab\u00a013 Heures\u00a0\u00bb \u2013 <a href=\"https:\/\/www.ozap.com\/personnalite\/anne-claire-coudray_e169863\" rel=\"nofollow noopener\" target=\"_blank\">Anne-Claire Coudray<\/a> (TF1) :<strong> 4,71 millions (42,6%)<\/strong><br \/>Le \u00ab\u00a013 Heures\u00a0\u00bb \u2013 Le\u00efla Kaddour (France 2) : <strong>2,18 millions (19,7%)<\/strong><br \/>\u00ab\u00a0Le 12.45\u00a0\u00bb- Ashley Chevalier (M6) : <strong>1,32 million (12,3%)<\/strong><br \/>\u00ab\u00a0Ici 12\/13\u00a0\u00bb- Journal r\u00e9gional (France 3) : <strong>693.000 (7,0%)<\/strong><\/p>\n<p>Sur TF1, le \u00ab\u00a013 Heures\u00a0\u00bb, pr\u00e9sent\u00e9 par Anne-Claire Coudray, a f\u00e9d\u00e9r\u00e9 plus de 4,7 millions de t\u00e9l\u00e9spectateurs par rapport au dimanche pr\u00e9c\u00e9dent et gagne 4,1 points de part d&rsquo;audience sur la m\u00eame p\u00e9riode.<br \/>Sur France 2, l&rsquo;\u00e9dition pr\u00e9sent\u00e9e par Le\u00efla Kaddour glisse sous les 20 points de part d&rsquo;audience (- 0,7 point versus J-7).<br \/>Sur M6, \u00ab\u00a0Le 12.45\u00a0\u00bb, port\u00e9 par Ashley Chevalier, est lui aussi en repli de 0,7 point en sept jours.<br \/>Sur France 3, \u00ab\u00a0Ici 12\/13\u00a0\u00bb, faible, se stabilise autour des 7 points (+ 0,3 point versus J-7).<\/p>\n<p>L&rsquo;access<\/p>\n<p>\u00ab\u00a0Sept \u00e0 huit\u00a0\u00bb (TF1 \/ 18h23-19h45) : <strong>2,37 millions (18,4%)<\/strong><br \/>\u00ab\u00a0Sept \u00e0 huit Life (TF1 \/ 17h19-18h22) : <strong>1,41 million (16,2%)<\/strong><\/p>\n<p>\u00ab\u00a020h30 le dimanche\u00a0\u00bb (France 2 \/ 20h30-21h02) : <strong>3,86 millions (19,4%)\u00a0<\/strong><br \/>\u00ab\u00a0Les enfants de la t\u00e9l\u00e9, la suite\u00a0\u00bb (France 2 \/ 19h17-19h48)<strong> <\/strong>: <strong>1,83 million (12,1%)<\/strong><br \/>\u00ab\u00a0Les enfants de la t\u00e9l\u00e9\u00a0\u00bb (France 2 \/ 18h08-19h10) : <strong>1,26 million (11,3%)<\/strong><\/p>\n<p>\u00ab\u00a066 minutes, grand format\u00a0\u00bb (M6 \/ 18h41-19h33) : <strong>1,46 million (11,2%)<\/strong><br \/>\u00ab\u00a066 minutes\u00a0\u00bb (M6 \/ 17h10-18h31) : <strong>696.000 (8,0%)<\/strong><br \/><a href=\"https:\/\/www.ozap.com\/actu\/audiences-quel-score-pour-la-premiere-danne-sophie-lapix-avec-kylian-mbappe-sur-m6\/651478\" rel=\"nofollow noopener\" target=\"_blank\">\u00ab\u00a0Le 2010\u00a0\u00bb (M6 \/ 20h13-20h23)<\/a> : <strong>1,43 million (7,3%)<\/strong><br \/>\u00ab\u00a0E=M6\u00a0\u00bb (M6 \/ 20h39-20h59) :<strong> 1,66 million (8,4%)<\/strong><\/p>\n<p>\u00ab\u00a0En soci\u00e9t\u00e9\u00a0\u00bb (France 5 \/\u00a018h29-19h51) :<strong> 654.000 (4,9%)<\/strong><br \/>\u00ab\u00a0C politique\u00a0\u00bb (France 5 \/ 20h00-21h04) : <strong>744.000 (3,3%)<\/strong><\/p>\n<p>\u00ab\u00a0Animaux \u00e0 adopter\u00a0\u00bb (TMC \/ 18h34-19h58) : <strong>500.000 (3,6%)<\/strong><\/p>\n<p>Sur TF1, <a href=\"https:\/\/www.ozap.com\/actu\/harry-roselmack-sept-a-huit-une-mauvaise-audience-un-dimanche-ca-ne-veut-pas-dire-grand-chose\/651887\" rel=\"nofollow noopener\" target=\"_blank\">\u00ab\u00a0Sept \u00e0 huit\u00a0\u00bb, pr\u00e9sent\u00e9 par Harry Roselmack<\/a> passe sous les 19 points de part d&rsquo;audience (- 1,0 point de part d&rsquo;audience par rapport \u00e0 sa pr\u00e9c\u00e9dente diffusion). La chute est du m\u00eame ordre pour \u00ab\u00a0Sept \u00e0 huit Life\u00a0\u00bb (- 0,9 point versus J-7).<br \/>Sur France 2, \u00ab\u00a020h30, le dimanche\u00a0\u00bb, incarn\u00e9 par Laurent Delahousse, glisse sous les 4 millions de t\u00e9l\u00e9spectateurs et les 20 points de part d&rsquo;audience (- 1,2 point versus J-7). Juste avant le JT, \u00ab\u00a0Les enfants de la t\u00e9l\u00e9\u00a0\u00bb, pr\u00e9sent\u00e9 pour la quatri\u00e8me fois de la saison par Faustine Bollaert, bondit (+ 2,0 points versus J-7) et signe son record sur les deux indicateurs.\u00a0<br \/>Sur M6, \u00ab\u00a066 minutes, grand format\u00a0\u00bb franchit la barre des 11 points de part d&rsquo;audience \u00e9gale son record sur cet indicateur (+ 0,6 point versus J-7). La premi\u00e8re partie du magazine de reportages glisse, de son c\u00f4t\u00e9, sous les 700.000 t\u00e9l\u00e9spectateurs mais affiche une part d&rsquo;audience stable compar\u00e9 \u00e0 dimanche dernier.<br \/>Diffus\u00e9 juste apr\u00e8s \u00ab\u00a0Le 19.45\u00a0\u00bb, \u00ab\u00a0Le 2010\u00a0\u00bb, incarn\u00e9 par Anne-Sophie Lapix, est en repli et signe sa plus faible part d&rsquo;audience depuis le lancement du programme le 7 septembre (-1,3 point versus J-7). L&rsquo;ancienne pr\u00e9sentatrice du \u00ab\u00a020 Heures\u00a0\u00bb de France 2 recevait Rapha\u00ebl Glucksmann.<br \/>\u00ab\u00a0E=M6\u00a0\u00bb, magazine pr\u00e9sent\u00e9 par Mac Lesggy, d\u00e9visse lui aussi (- 1,8 point en 7 jours).<br \/>Sur France 5, \u00ab\u00a0En soci\u00e9t\u00e9\u00a0\u00bb, men\u00e9 par \u00c9milie Tran Nguyen, est stable versus J-7. \u00ab\u00a0C politique\u00a0\u00bb remonte au-dessus des 700.000 t\u00e9l\u00e9spectateurs (+ 0,5 point sur la m\u00eame p\u00e9riode).<br \/>Sur TMC, le dernier num\u00e9ro de la journ\u00e9e d'\u00a0\u00bbAnimaux \u00e0 adopter\u00a0\u00bb d\u00e9passe les 500.000 t\u00e9l\u00e9spectateurs.<\/p>\n<p>Les journaux du soir<\/p>\n<p>Le \u00ab\u00a020 Heures\u00a0\u00bb- Anne-Claire Coudray (TF1 \/ 19h58-20h40) : <strong>6,02 millions (30,7%)<\/strong><br \/>Le \u00ab\u00a020 Heures\u00a0\u00bb- <a href=\"https:\/\/www.ozap.com\/actu\/audiences-access-20h-deja-un-record-pour-sonia-chironi-nouvelle-joker-officielle-de-laurent-delahousse-au-20-heures-de-france-2\/648133\" rel=\"nofollow noopener\" target=\"_blank\">Laurent Delahousse<\/a> (France 2 \/ 19h57-20h30) :<strong> 4,29 millions (22,0%)<\/strong><br \/>\u00ab\u00a0Le 19.45\u00a0\u00bb- Ashley Chevalier (M6 \/ 19h45-20h13) : <strong>2,67 millions (14,7%)\u00a0<\/strong><br \/>\u00ab\u00a0Ici 19\/20\u00a0\u00bb- Journal r\u00e9gional (France 3 \/ 19h14-19h46)\u00a0: <strong>1,91 million (12,9%)<\/strong><\/p>\n<p>Sur TF1, le \u00ab\u00a020 Heures\u00a0\u00bb d&rsquo;Anne-Claire Coudray, large leader, d\u00e9passe les 6 millions de t\u00e9l\u00e9spectateurs (+ 0,4 point de part d&rsquo;audience en 7 jours). Sur l&rsquo;indicateur de la part d&rsquo;audience, le JT de la Une est au plus bas depuis la rentr\u00e9e.<br \/>Sur France 2, le \u00ab\u00a020 Heures\u00a0\u00bb, incarn\u00e9 par Laurent Delahousse, progresse l\u00e9g\u00e8rement sur les deux indicateurs (+ 0,3 point de part d&rsquo;audience). Il n&rsquo;avait jamais \u00e9t\u00e9 autant regard\u00e9 en cette nouvelle saison.<br \/>\u00ab\u00a0Le 19.45\u00a0\u00bb de M6, pr\u00e9sent\u00e9 par Ashley Chevalier, fr\u00f4le son plus haut niveau depuis la rentr\u00e9e en nombre de t\u00e9l\u00e9spectateurs. Il gagne 0,1 point de part d&rsquo;audience \u00e0 J+7.<\/p>\n<p>Les magazines sportifs<\/p>\n<p>\u00ab\u00a0Stade 2\u00a0\u00bb (France 3 \/ 20h06-21h09) :<strong> 1,77 million (9,0%)<\/strong><br \/>\u00ab\u00a0Telefoot\u00a0\u00bb (TF1 \/ 10h59-11h47) : <strong>680.000 (13,1%)<\/strong><br \/>\u00ab\u00a0Automoto\u00a0\u00bb (TF1 \/ 10h07-10h54) : <strong>659.000 (14,4%)<\/strong><br \/>\u00ab\u00a0Turbo\u00a0\u00bb (M6 \/ 11h23-12h34) : <strong>612.000 (8,8%)<\/strong><br \/>\u00ab\u00a0Canal Rugby Club &#8211; 10 ans\u00a0\u00bb (Canal+ \/ 19h44-20h52)<strong> : 182.000 (1,0%)<\/strong><\/p>\n<p>Sur France 3, \u00ab\u00a0Stade 2\u00a0\u00bb est \u00e0 son plus haut niveau d&rsquo;audience t\u00e9l\u00e9spectateurs (+ 0,2 point compar\u00e9 \u00e0 J-7).<br \/>TF1, \u00ab\u00a0Automoto\u00a0\u00bb recrute 120.000 nouveaux t\u00e9l\u00e9spectateurs en l&rsquo;espace d&rsquo;une semaine (+ 1,9 point). \u00ab\u00a0T\u00e9l\u00e9foot\u00a0\u00bb perd en revanche 104.000 t\u00e9l\u00e9spectateurs sur la m\u00eame p\u00e9riode (- 1,7 point).<\/p>\n<p>Les \u00e9v\u00e9nements sportifs<\/p>\n<p>Cyclisme \u2013 Paris-Tours 2025 (France 3 \/ 15h01-16h47) :<strong> 789.000 (10,9%)<\/strong><br \/>Rugby \u2013 Championnat de France f\u00e9minin : Toulouse \/ Bordeaux (Canal+ \/ 17h47-19h37) : <strong>164.000 (1,4%)<\/strong><\/p>\n<p>Les magazines<\/p>\n<p>\u00ab\u00a0Un dimanche \u00e0 la campagne\u00a0\u00bb (France 2 \/ 16h09-17h55) : <strong>1,12 million (14,6%)<\/strong><br \/>\u00ab\u00a0Vivement dimanche\u00a0\u00bb (France 3 \/ 13h32-14h51)<strong> : 753.000 (8,2%)<\/strong><br \/>\u00ab\u00a0Dimanche en politique\u00a0\u00bb (France 3 \/ 12h08-12h27) :<strong> 322.000 (3,9%)<\/strong><\/p>\n<p>Sur France 2, \u00ab\u00a0Un dimanche \u00e0 la campagne\u00a0\u00bb, anim\u00e9 par Fr\u00e9d\u00e9ric Lopez, s&rsquo;offre un record de part d&rsquo;audience (+ 0,9 point versus J-7).<\/p>\n<p>Les jeux<\/p>\n<p>\u00ab\u00a0Les 12 coups de midi\u00a0\u00bb (TF1) \u00a0:<strong> 2,73 millions (32,6%)<\/strong><br \/>\u00ab\u00a0Tout le monde veut prendre sa place\u00a0\u00bb (France 2 \/ 12h00-12h52) :<strong> 1,54 million (17,5%)<\/strong><br \/>\u00ab\u00a0Questions pour un champion\u00a0\u00bb (France 3 \/ 18h05-18h48) : <strong>1,04 million (10,1%)<\/strong><br \/>\u00ab\u00a0Le jeu des 1.000 euros\u00a0\u00bb (France 3 \/ 17h28-18h04) :<strong> 679.000 (7,9%)<\/strong><\/p>\n<p>Sur TF1, \u00ab\u00a0Les 12 coups de midi\u00a0\u00bb reste sous les 3 millions de t\u00e9l\u00e9spectateurs mais engrange 1,2 point de part d&rsquo;audience en sept jours.<br \/>Sur France 2, \u00ab\u00a0Tout le monde veut prendre sa place\u00a0\u00bb chute fortement (- 1,9 point versus J-7).<br \/>Sur France 3, \u00ab\u00a0Questions pour un champion\u00a0\u00bb se maintient au-dessus du million de t\u00e9l\u00e9spectateurs (+ 1,0 point versus J-7).<\/p>\n<p>La s\u00e9rie<\/p>\n<p>\u00ab\u00a0Les myst\u00e8res de l&rsquo;amour\u00a0\u00bb (TMC \/ 20h00-21h02) : <strong>386.000 (2,0%)<\/strong><\/p>\n<p>Deuxi\u00e8mes parties de soir\u00e9e<\/p>\n<p>\u00ab\u00a0Enqu\u00eate exclusive\u00a0\u00bb (M6 \/ 23h19-00h31) : <strong>658.000 (11,7%)<\/strong><br \/>\u00ab\u00a0Quatre coquines \u00e0 New York\u00a0\u00bb (CStar \/ 23h36-00h57) : <strong>147.000 (3,3%)<\/strong><\/p>\n<p>Chiffres M\u00e9diam\u00e9trie<\/p>\n","protected":false},"excerpt":{"rendered":"Les journaux de la mi-journ\u00e9e\u00a0 Le \u00ab\u00a013 Heures\u00a0\u00bb \u2013 Anne-Claire Coudray (TF1) : 4,71 millions (42,6%)Le \u00ab\u00a013 Heures\u00a0\u00bb&hellip;\n","protected":false},"author":2,"featured_media":459563,"comment_status":"","ping_status":"","sticky":false,"template":"","format":"standard","meta":{"footnotes":""},"categories":[8],"tags":[58,59,1011,27],"class_list":{"0":"post-459562","1":"post","2":"type-post","3":"status-publish","4":"format-standard","5":"has-post-thumbnail","7":"category-divertissement","8":"tag-divertissement","9":"tag-entertainment","10":"tag-fr","11":"tag-france"},"share_on_mastodon":{"url":"https:\/\/pubeurope.com\/@fr\/115366279590898171","error":""},"_links":{"self":[{"href":"https:\/\/www.europesays.com\/fr\/wp-json\/wp\/v2\/posts\/459562","targetHints":{"allow":["GET"]}}],"collection":[{"href":"https:\/\/www.europesays.com\/fr\/wp-json\/wp\/v2\/posts"}],"about":[{"href":"https:\/\/www.europesays.com\/fr\/wp-json\/wp\/v2\/types\/post"}],"author":[{"embeddable":true,"href":"https:\/\/www.europesays.com\/fr\/wp-json\/wp\/v2\/users\/2"}],"replies":[{"embeddable":true,"href":"https:\/\/www.europesays.com\/fr\/wp-json\/wp\/v2\/comments?post=459562"}],"version-history":[{"count":0,"href":"https:\/\/www.europesays.com\/fr\/wp-json\/wp\/v2\/posts\/459562\/revisions"}],"wp:featuredmedia":[{"embeddable":true,"href":"https:\/\/www.europesays.com\/fr\/wp-json\/wp\/v2\/media\/459563"}],"wp:attachment":[{"href":"https:\/\/www.europesays.com\/fr\/wp-json\/wp\/v2\/media?parent=459562"}],"wp:term":[{"taxonomy":"category","embeddable":true,"href":"https:\/\/www.europesays.com\/fr\/wp-json\/wp\/v2\/categories?post=459562"},{"taxonomy":"post_tag","embeddable":true,"href":"https:\/\/www.europesays.com\/fr\/wp-json\/wp\/v2\/tags?post=459562"}],"curies":[{"name":"wp","href":"https:\/\/api.w.org\/{rel}","templated":true}]}}