{"id":459579,"date":"2025-10-13T10:10:13","date_gmt":"2025-10-13T10:10:13","guid":{"rendered":"https:\/\/www.europesays.com\/fr\/459579\/"},"modified":"2025-10-13T10:10:13","modified_gmt":"2025-10-13T10:10:13","slug":"il-en-avait-jusquau-cou","status":"publish","type":"post","link":"https:\/\/www.europesays.com\/fr\/459579\/","title":{"rendered":"Il en avait jusqu&rsquo;au cou"},"content":{"rendered":"<p>            Par<br \/>\n        <strong><br \/>\n            <a href=\"https:\/\/actu.fr\/auteur\/amandine-mehl\" title=\"Consulter tous les articles de Amandine Mehl\" target=\"_blank\" rel=\"noopener\">Amandine Mehl<\/a><br \/>\n        <\/strong><\/p>\n<p>        Publi\u00e9 le<\/p>\n<p>            13 oct. 2025 \u00e0 11h38        <\/p>\n<p>Apr\u00e8s le <strong>sauvetage<\/strong> d\u2019un <a href=\"https:\/\/actu.fr\/grand-est\/saint-nicolas-de-port_54483\/lorraine-des-policiers-et-des-pompiers-se-mobilisent-pour-secourir-un-cheval-coince-dans-la-meurthe_63285398.html\" target=\"_blank\" rel=\"noopener\">cheval coinc\u00e9 dans la Meurthe<\/a> vendredi 10\u00a0octobre, les <a href=\"https:\/\/actu.fr\/tag\/pompiers\" target=\"_blank\" rel=\"noopener\">pompiers<\/a> de Meurthe-et-Moselle sont intervenus dimanche 12\u00a0octobre \u00e0 <strong>Tomblaine<\/strong> pour secourir <strong>un \u00e2ne coinc\u00e9 dans la boue<\/strong>.<\/p>\n<p class=\" wall-content\">\u00c2g\u00e9 de <strong>34\u00a0ans<\/strong>, l\u2019<a href=\"https:\/\/actu.fr\/tag\/animaux\" target=\"_blank\" rel=\"noopener\">animal<\/a>, qui se fait appeler <strong>Grisou<\/strong>, avait <strong>de la boue jusqu\u2019au cou<\/strong>.<\/p>\n<p>Les pompiers de Meurthe-et-Moselle se mobilisent pour sauver un \u00e2ne<\/p>\n<p class=\" wall-content\">Une fois arriv\u00e9s sur les lieux, les pompiers ont re\u00e7u le <strong>renfort d\u2019une \u00e9quipe sp\u00e9cialis\u00e9e en risque animalier<\/strong> et <strong>d\u2019une unit\u00e9 sauvetage d\u00e9blaiement<\/strong>. Les secours ont d\u2019abord \u00e9chang\u00e9 avec le propri\u00e9taire de Grisou, avant de commencer l\u2019intervention, afin de lui faire valider le fait de <strong>faire appel \u00e0 un engin agricole comme moyen de levage<\/strong>.<\/p>\n<p class=\" wall-content\">Pour positionner le dispositif correctement, <strong>les \u00e9quipes ont creus\u00e9<\/strong> \u00ab\u2009en toute prudence\u2009\u00bb autour de l\u2019animal dans le but de<strong> faire glisser les sangles<\/strong> en dessous de lui.<\/p>\n<p>    <a href=\"https:\/\/www.facebook.com\/plugins\/post.php?href=https%3A%2F%2Fwww.facebook.com%2FSDIS54%2Fposts%2Fpfbid02vEgt1gbJkYwkcTbLgvxHV8ZFpsEfoAZrGkr5CGp7gvHfvJL18dAZvNtiv9qn1DuNl&amp;show_text=true&amp;width=350\" title=\"Ouvrie le lien\" target=\"_blank\" rel=\"noopener\">Cliquez ici pour visualiser le contenu<\/a><\/p>\n<p class=\" wall-content\">Gr\u00e2ce \u00e0 \u00ab<strong>\u2009une manipulation minutieuse et une coordination parfaite<\/strong>\u2009\u00bb, les secours sont parvenus \u00e0 d\u00e9gager Grisou et \u00e0 lui rendre sa libert\u00e9. \u00ab\u2009Tout est bien qui finit bien\u2009!\u2009\u00bb, terminent les pompiers de Meurthe-et-Moselle qui ont <strong>partag\u00e9 cette histoire<\/strong> sur les r\u00e9seaux sociaux.<\/p>\n<p class=\" wall-content\">Personnalisez votre actualit\u00e9 en ajoutant vos villes et m\u00e9dias en favori avec <a href=\"https:\/\/moncompte.actu.fr\" title=\"D\u00e9couvez Mon Actu\" rel=\"nofollow noopener\" data-trk=\"{&quot;cta&quot;:{&quot;action&quot;:&quot;https:\\\/\\\/moncompte.actu.fr&quot;,&quot;category&quot;:&quot;mon compte&quot;,&quot;from&quot;:&quot;article footer&quot;,&quot;name&quot;:&quot;Mon actu&quot;,&quot;type&quot;:&quot;cta&quot;}}\" target=\"_blank\">Mon Actu<\/a>.<\/p>\n","protected":false},"excerpt":{"rendered":"Par Amandine Mehl Publi\u00e9 le 13 oct. 2025 \u00e0 11h38 Apr\u00e8s le sauvetage d\u2019un cheval coinc\u00e9 dans la&hellip;\n","protected":false},"author":2,"featured_media":459580,"comment_status":"","ping_status":"","sticky":false,"template":"","format":"standard","meta":{"footnotes":""},"categories":[9635],"tags":[1111,11,1867,1777,674,118,1011,27,775,1702,12,1311,25],"class_list":{"0":"post-459579","1":"post","2":"type-post","3":"status-publish","4":"format-standard","5":"has-post-thumbnail","7":"category-nancy","8":"tag-actu","9":"tag-actualites","10":"tag-animaux","11":"tag-eu","12":"tag-europe","13":"tag-faits-divers","14":"tag-fr","15":"tag-france","16":"tag-grand-est","17":"tag-nancy","18":"tag-news","19":"tag-pompiers","20":"tag-republique-francaise"},"share_on_mastodon":{"url":"https:\/\/pubeurope.com\/@fr\/115366318769911607","error":""},"_links":{"self":[{"href":"https:\/\/www.europesays.com\/fr\/wp-json\/wp\/v2\/posts\/459579","targetHints":{"allow":["GET"]}}],"collection":[{"href":"https:\/\/www.europesays.com\/fr\/wp-json\/wp\/v2\/posts"}],"about":[{"href":"https:\/\/www.europesays.com\/fr\/wp-json\/wp\/v2\/types\/post"}],"author":[{"embeddable":true,"href":"https:\/\/www.europesays.com\/fr\/wp-json\/wp\/v2\/users\/2"}],"replies":[{"embeddable":true,"href":"https:\/\/www.europesays.com\/fr\/wp-json\/wp\/v2\/comments?post=459579"}],"version-history":[{"count":0,"href":"https:\/\/www.europesays.com\/fr\/wp-json\/wp\/v2\/posts\/459579\/revisions"}],"wp:featuredmedia":[{"embeddable":true,"href":"https:\/\/www.europesays.com\/fr\/wp-json\/wp\/v2\/media\/459580"}],"wp:attachment":[{"href":"https:\/\/www.europesays.com\/fr\/wp-json\/wp\/v2\/media?parent=459579"}],"wp:term":[{"taxonomy":"category","embeddable":true,"href":"https:\/\/www.europesays.com\/fr\/wp-json\/wp\/v2\/categories?post=459579"},{"taxonomy":"post_tag","embeddable":true,"href":"https:\/\/www.europesays.com\/fr\/wp-json\/wp\/v2\/tags?post=459579"}],"curies":[{"name":"wp","href":"https:\/\/api.w.org\/{rel}","templated":true}]}}