{"id":459585,"date":"2025-10-13T10:13:10","date_gmt":"2025-10-13T10:13:10","guid":{"rendered":"https:\/\/www.europesays.com\/fr\/459585\/"},"modified":"2025-10-13T10:13:10","modified_gmt":"2025-10-13T10:13:10","slug":"jintegre-le-groupe-la-poste-a-mauguio","status":"publish","type":"post","link":"https:\/\/www.europesays.com\/fr\/459585\/","title":{"rendered":"J&rsquo;int\u00e8gre le groupe La Poste \u00e0 Mauguio"},"content":{"rendered":"<p>Ce mercredi 15\u00a0octobre, de 10h \u00e0 12h30, une r\u00e9union d\u2019information et de positionnement est organis\u00e9e dans l\u2019agence France Travail de P\u00e9rols pour le recrutement d\u2019op\u00e9rateurs logistiques polyvalents en alternance au sein de la filiale tri du groupe La Poste, situ\u00e9e \u00e0 Mauguio.<\/p>\n<p>En pr\u00e9sence de l\u2019entreprise et de l\u2019organisme de formation, les participants d\u00e9couvriront les conditions d\u2019embauche, le processus de recrutement et pourront postuler sur place. Ce recrutement s\u2019appuie sur la m\u00e9thode de recrutement par simulation (MRS), accessible \u00e0 tous, qui valorise les habilet\u00e9s plut\u00f4t que les dipl\u00f4mes.<\/p>\n<p>Une formation pr\u00e9paratoire sera assur\u00e9e avant l\u2019int\u00e9gration. Une opportunit\u00e9 de contrat en alternance avec dipl\u00f4me \u00e0 la cl\u00e9 et rencontre directe avec les recruteurs.<\/p>\n<p><strong>Inscription \u00e0 la r\u00e9union d\u2019information <a href=\"https:\/\/mesevenementsemploi.francetravail.fr\/mes-evenements-emploi\/evenement\/512487\/vous-souhaitez-apprendre-un-metier-dans-la-production-tout-en-approfondissant-vos-connaissances-sur-le-terrain-la-poste-vous-offre-les-deux-la-theorie-et-la-pratique-perols\" class=\"spip_out\" rel=\"external nofollow noopener\" target=\"_blank\">ici<\/a><\/strong><\/p>\n","protected":false},"excerpt":{"rendered":"Ce mercredi 15\u00a0octobre, de 10h \u00e0 12h30, une r\u00e9union d\u2019information et de positionnement est organis\u00e9e dans l\u2019agence France&hellip;\n","protected":false},"author":2,"featured_media":24040,"comment_status":"","ping_status":"","sticky":false,"template":"","format":"standard","meta":{"footnotes":""},"categories":[9599],"tags":[1111,11,341,1777,674,1119,1011,27,3316,2726,2208,12,2680,25],"class_list":{"0":"post-459585","1":"post","2":"type-post","3":"status-publish","4":"format-standard","5":"has-post-thumbnail","7":"category-montpellier","8":"tag-actu","9":"tag-actualites","10":"tag-emploi","11":"tag-eu","12":"tag-europe","13":"tag-formation","14":"tag-fr","15":"tag-france","16":"tag-la-poste","17":"tag-logistique","18":"tag-montpellier","19":"tag-news","20":"tag-occitanie","21":"tag-republique-francaise"},"share_on_mastodon":{"url":"https:\/\/pubeurope.com\/@fr\/115366330624038553","error":""},"_links":{"self":[{"href":"https:\/\/www.europesays.com\/fr\/wp-json\/wp\/v2\/posts\/459585","targetHints":{"allow":["GET"]}}],"collection":[{"href":"https:\/\/www.europesays.com\/fr\/wp-json\/wp\/v2\/posts"}],"about":[{"href":"https:\/\/www.europesays.com\/fr\/wp-json\/wp\/v2\/types\/post"}],"author":[{"embeddable":true,"href":"https:\/\/www.europesays.com\/fr\/wp-json\/wp\/v2\/users\/2"}],"replies":[{"embeddable":true,"href":"https:\/\/www.europesays.com\/fr\/wp-json\/wp\/v2\/comments?post=459585"}],"version-history":[{"count":0,"href":"https:\/\/www.europesays.com\/fr\/wp-json\/wp\/v2\/posts\/459585\/revisions"}],"wp:featuredmedia":[{"embeddable":true,"href":"https:\/\/www.europesays.com\/fr\/wp-json\/wp\/v2\/media\/24040"}],"wp:attachment":[{"href":"https:\/\/www.europesays.com\/fr\/wp-json\/wp\/v2\/media?parent=459585"}],"wp:term":[{"taxonomy":"category","embeddable":true,"href":"https:\/\/www.europesays.com\/fr\/wp-json\/wp\/v2\/categories?post=459585"},{"taxonomy":"post_tag","embeddable":true,"href":"https:\/\/www.europesays.com\/fr\/wp-json\/wp\/v2\/tags?post=459585"}],"curies":[{"name":"wp","href":"https:\/\/api.w.org\/{rel}","templated":true}]}}