{"id":459598,"date":"2025-10-13T10:20:14","date_gmt":"2025-10-13T10:20:14","guid":{"rendered":"https:\/\/www.europesays.com\/fr\/459598\/"},"modified":"2025-10-13T10:20:14","modified_gmt":"2025-10-13T10:20:14","slug":"photos-5-heures-de-lyaigne-pres-de-rennes-emery-et-goupillon-simposent","status":"publish","type":"post","link":"https:\/\/www.europesays.com\/fr\/459598\/","title":{"rendered":"PHOTOS. 5 heures de l\u2019Yaigne pr\u00e8s de Rennes : Emery et Goupillon s\u2019imposent"},"content":{"rendered":"<p>            Par<br \/>\n        <strong><br \/>\n            <a href=\"https:\/\/actu.fr\/auteur\/redaction-jv\" title=\"Consulter tous les articles de R\u00e9daction Vitr\u00e9\" rel=\"nofollow noopener\" target=\"_blank\">R\u00e9daction Vitr\u00e9<\/a><br \/>\n        <\/strong><\/p>\n<p>        Publi\u00e9 le<\/p>\n<p>            13 oct. 2025 \u00e0 11h54        <\/p>\n<p data-end=\"1346\">Sous un beau soleil d\u2019automne, l<b>es 5\u00a0heures de l\u2019Yaigne<\/b> ont offert, <b>samedi\u00a011 et dimanche 12\u00a0octobre <\/b>2025, \u00e0 <b>Nouvoitou<\/b> (Ille-et-Vilaine) un spectacle sportif r\u00e9unissant pr\u00e8s de <b>230 pilotes venus de toute la France.<\/b> L\u2019\u00e9v\u00e9nement a rassembl\u00e9 un large public venu admirer les machines et soutenir une cause locale. Retour en images.<\/p>\n<p>Une course disput\u00e9e jusqu\u2019\u00e0 la derni\u00e8re minute<\/p>\n<p data-end=\"1191\" class=\" wall-content\">Au terme des cinq heures d\u2019effort, c\u2019est l\u2019\u00e9quipage <b data-end=\"897\">Maxime Emery et Pierre Goupillon qui s\u2019est impos\u00e9, au terme d\u2019une bataille intense.<br data-end=\"951\"\/><\/b>Les deux hommes ont finalement devanc\u00e9 de seulement vingt secondes les fr\u00e8res R\u00e9my et Alexandre Mordret, rest\u00e9s au coude \u00e0 coude jusqu\u2019aux derniers tours. Un finish haletant qui a tenu le public en haleine jusqu\u2019au drapeau \u00e0 damier.<\/p>\n<p data-end=\"1739\" class=\" wall-content\">Pierre Goupillon, <b>triple champion de France MX2<\/b> (2021, 2022 et 2023), et Maxime Emery, quintuple vainqueur du <b>Troph\u00e9e Andros<\/b>, forment une paire redoutable d\u2019exp\u00e9rience et de r\u00e9gularit\u00e9.<\/p>\n<p>    <img   decoding=\"async\" loading=\"lazy\" class=\"size-large\" src=\"https:\/\/www.europesays.com\/fr\/wp-content\/uploads\/2025\/10\/d6d18250ebe86cad18250ebe89ed18v-960x640.jpg\" alt=\"Pierre Goupillon et Maxime Emery\" width=\"960\" height=\"640\"\/><br \/>\n    Pierre Goupillon et Maxime Emery. \u00a9\u00a9Romain Garion \/ Le Journal de Vitr\u00e9<\/p>\n<p data-end=\"1739\" class=\" wall-content\">\u00ab\u2009Le parcours \u00e9tait tr\u00e8s bien trac\u00e9\u2009\u00bb, confie Maxime Emery apr\u00e8s la course.<\/p>\n<p data-end=\"1739\" class=\" wall-content\">\u00ab\u2009C\u2019\u00e9tait long, physique, avec beaucoup de poussi\u00e8re et des trous, mais c\u2019est aussi ce qu\u2019on aime. <b>Les conditions \u00e9taient id\u00e9ales<\/b>\u2009: du beau temps, du public, et un vrai plaisir de rouler.\u2009\u00bb<\/p>\n<p data-end=\"1988\" class=\" wall-content\">Malgr\u00e9 quelques soucis techniques en d\u00e9but d\u2019\u00e9preuve, les deux pilotes ont su rester concentr\u00e9s. \u00ab\u2009L\u2019important, c\u2019\u00e9tait d\u2019\u00eatre r\u00e9guliers et d\u2019\u00e9viter les erreurs\u2009\u00bb, poursuit-il.<\/p>\n<p>Votre r\u00e9gion, votre actu !<\/p>\n<p>Recevez chaque jour les infos qui comptent pour vous.<\/p>\n<p>\t<a href=\"https:\/\/actu.fr\/newsletter\" class=\"ac-btn ac-btn--corner ac-btn--medium ac-btn--blue800\" rel=\"nofollow noopener\" target=\"_blank\">S&rsquo;incrire<\/a><\/p>\n<p data-end=\"1988\" class=\" wall-content\">\u00ab\u2009Pierre est tomb\u00e9 une fois, mais on a tenu le rythme jusqu\u2019au bout.\u2009\u00bb<\/p>\n<p>Une victoire qui en appelle d\u2019autres<\/p>\n<p data-end=\"2365\" class=\" wall-content\">Grande nouveaut\u00e9 cette ann\u00e9e\u2009: les d\u00e9parts se faisaient par vagues de trente pilotes, et non plus tous ensemble.<b data-end=\"2123\"><br data-end=\"2154\"\/><\/b>\u00ab\u2009C\u2019est beaucoup plus s\u00fbr\u2009\u00bb, souligne Maxime Emery.<\/p>\n<p data-end=\"2365\" class=\" wall-content\">\u00ab\u2009\u00c0 200 pilotes lanc\u00e9s d\u2019un coup, les premiers tours peuvent \u00eatre tr\u00e8s chauds. Par vagues, c\u2019est plus fluide, \u00e7a \u00e9tire le peloton et la poussi\u00e8re retombe plus vite.\u2009\u00bb<\/p>\n<p data-end=\"2716\" class=\" wall-content\">D\u00e9j\u00e0 champions de Bretagne en 2023, Emery et Goupillon confirment leur domination cette saison.<b data-end=\"2447\"><br data-end=\"2511\"\/><\/b>\u00ab\u2009Cette victoire nous met en confiance avant la finale du championnat de France de cross-country la semaine prochaine, annonce Emery. Pierre vise le podium, et moi la victoire donc on garde le cap\u2009\u00bb.<\/p>\n<p>L\u2019\u00e9v\u00e9nement en images<\/p>\n<p class=\" wall-content\">Personnalisez votre actualit\u00e9 en ajoutant vos villes et m\u00e9dias en favori avec <a href=\"https:\/\/moncompte.actu.fr\" title=\"D\u00e9couvez Mon Actu\" rel=\"nofollow noopener\" data-trk=\"{&quot;cta&quot;:{&quot;action&quot;:&quot;https:\\\/\\\/moncompte.actu.fr&quot;,&quot;category&quot;:&quot;mon compte&quot;,&quot;from&quot;:&quot;article footer&quot;,&quot;name&quot;:&quot;Mon actu&quot;,&quot;type&quot;:&quot;cta&quot;}}\" target=\"_blank\">Mon Actu<\/a>.<\/p>\n","protected":false},"excerpt":{"rendered":"Par R\u00e9daction Vitr\u00e9 Publi\u00e9 le 13 oct. 2025 \u00e0 11h54 Sous un beau soleil d\u2019automne, les 5\u00a0heures de&hellip;\n","protected":false},"author":2,"featured_media":459599,"comment_status":"","ping_status":"","sticky":false,"template":"","format":"standard","meta":{"footnotes":""},"categories":[2821],"tags":[1111,11,829,1777,674,1011,27,1457,12,584,25,60],"class_list":{"0":"post-459598","1":"post","2":"type-post","3":"status-publish","4":"format-standard","5":"has-post-thumbnail","7":"category-rennes","8":"tag-actu","9":"tag-actualites","10":"tag-bretagne","11":"tag-eu","12":"tag-europe","13":"tag-fr","14":"tag-france","15":"tag-moto","16":"tag-news","17":"tag-rennes","18":"tag-republique-francaise","19":"tag-sports"},"share_on_mastodon":{"url":"https:\/\/pubeurope.com\/@fr\/115366358921402314","error":""},"_links":{"self":[{"href":"https:\/\/www.europesays.com\/fr\/wp-json\/wp\/v2\/posts\/459598","targetHints":{"allow":["GET"]}}],"collection":[{"href":"https:\/\/www.europesays.com\/fr\/wp-json\/wp\/v2\/posts"}],"about":[{"href":"https:\/\/www.europesays.com\/fr\/wp-json\/wp\/v2\/types\/post"}],"author":[{"embeddable":true,"href":"https:\/\/www.europesays.com\/fr\/wp-json\/wp\/v2\/users\/2"}],"replies":[{"embeddable":true,"href":"https:\/\/www.europesays.com\/fr\/wp-json\/wp\/v2\/comments?post=459598"}],"version-history":[{"count":0,"href":"https:\/\/www.europesays.com\/fr\/wp-json\/wp\/v2\/posts\/459598\/revisions"}],"wp:featuredmedia":[{"embeddable":true,"href":"https:\/\/www.europesays.com\/fr\/wp-json\/wp\/v2\/media\/459599"}],"wp:attachment":[{"href":"https:\/\/www.europesays.com\/fr\/wp-json\/wp\/v2\/media?parent=459598"}],"wp:term":[{"taxonomy":"category","embeddable":true,"href":"https:\/\/www.europesays.com\/fr\/wp-json\/wp\/v2\/categories?post=459598"},{"taxonomy":"post_tag","embeddable":true,"href":"https:\/\/www.europesays.com\/fr\/wp-json\/wp\/v2\/tags?post=459598"}],"curies":[{"name":"wp","href":"https:\/\/api.w.org\/{rel}","templated":true}]}}