{"id":459600,"date":"2025-10-13T10:21:12","date_gmt":"2025-10-13T10:21:12","guid":{"rendered":"https:\/\/www.europesays.com\/fr\/459600\/"},"modified":"2025-10-13T10:21:12","modified_gmt":"2025-10-13T10:21:12","slug":"a-koenigshoffen-le-test-dune-securite-sociale-de-lalimentation-est-lance","status":"publish","type":"post","link":"https:\/\/www.europesays.com\/fr\/459600\/","title":{"rendered":"\u00e0 Koenigshoffen, le test d\u2019une s\u00e9curit\u00e9 sociale de l\u2019alimentation est lanc\u00e9"},"content":{"rendered":"<p>  \u00ab\u00a0Une in\u00e9galit\u00e9 d\u2019acc\u00e8s \u00e0 l\u2019alimentation saine\u00a0\u00bb<\/p>\n<p>\u00ab\u00a0On constate aujourd\u2019hui un d\u00e9s\u00e9quilibre fort, avec une in\u00e9galit\u00e9 d\u2019acc\u00e8s \u00e0 l\u2019alimentation saine\u00a0\u00bb, expliquait l\u2019autre samedi le pr\u00e9sident de l\u2019association Thierry Kopernick. \u00ab\u00a0S\u2019il y a un volet \u00e9conomique \u00e9vident dans ce constat, il y a aussi un volet sociologique qu\u2019il faut prendre en compte.\u00a0\u00bb<\/p>\n<p>\u00c9loi Navarro, un des trois salari\u00e9s et membre fondateur de la structure, poursuit la r\u00e9flexion\u00a0: \u00ab\u00a0 <a href=\"https:\/\/www.dna.fr\/politique\/2025\/02\/18\/150-euros-par-mois-le-depute-ecologiste-boris-tavernier-defend-une-secu-de-l-alimentation\" target=\"_blank\" rel=\"nofollow noopener\">L\u2019aide alimentaire<\/a> telle qu\u2019on la conna\u00eet aujourd\u2019hui en France r\u00e9pond \u00e0 l\u2019urgence mais pas aux d\u00e9fis sur l\u2019agroalimentaire.\u00a0\u00bb C\u2019est ici qu\u2019intervient l\u2019id\u00e9e de \u00ab\u00a0d\u00e9mocratie alimentaire\u00a0\u00bb. \u00ab\u00a0Dans notre projet, en test sur une ann\u00e9e, nous avons tous types d\u2019habitants (entendre diff\u00e9rentes g\u00e9n\u00e9rations, diff\u00e9rentes approches, NDLR) demeurant \u00e0 Koenigshoffen-Est (quartier prioritaire de la Ville).\u00a0\u00bb \u00ab\u00a0Chacun finance, selon ses moyens, une caisse collective augment\u00e9e de subventions.\u00a0\u00bb<\/p>\n<p>  Circuit court<\/p>\n<p>\u00ab\u00a0Cette caisse, poursuit le salari\u00e9, permet de travailler avec des producteurs locaux.\u00a0\u00bb Une offre en circuit court qui a \u00e9t\u00e9 en partie d\u00e9j\u00e0 organis\u00e9e par les pionniers pr\u00e9cit\u00e9s, puisqu\u2019ils ont travaill\u00e9 avec l\u2019association \u00e0 la configuration du nouveau petit march\u00e9 du jeudi. Un petit march\u00e9 qui a aussi un programme d\u2019animations (pris en charge par les associations du quartier, avec une permanence de l\u2019association pour la s\u00e9curit\u00e9 sociale de l\u2019alimentation) pour l\u2019aspect p\u00e9dagogique de la d\u00e9marche aupr\u00e8s de tous les habitants du quartier.<\/p>\n<p>\u00ab\u00a0Cette s\u00e9curit\u00e9 sociale, on pourrait dire aussi cette mutuelle de l\u2019alimentation \u00e0 Koenigshoffen, est une petite brique de 20 personnes sur les 4\u00a0000 que compte le quartier\u00a0\u00bb, poursuit \u00c9loi Navarro mais potentiellement aussi un levier \u00ab\u00a0pour faire boule de neige aupr\u00e8s d\u2019autres commer\u00e7ants et artisans du secteur\u00a0\u00bb.<\/p>\n<p>  24\u00a0000\u00a0euros pour 20 familles<\/p>\n<p>L\u2019exp\u00e9rience d\u2019une ann\u00e9e repr\u00e9sente un montant engag\u00e9 de 24\u00a0000\u00a0euros pour 20 familles qui payeront toutes une adh\u00e9sion \u00e0 l\u2019association calcul\u00e9e en fonction de leurs revenus. L\u2019Eurom\u00e9tropole de Strasbourg soutient cette d\u00e9marche (*) dans le cadre de son projet alimentaire territorial. Lors du moment inaugural le 27\u00a0septembre, Antoine Neumann, conseiller municipal de Strasbourg d\u00e9l\u00e9gu\u00e9 \u00e0 l\u2019alimentation et \u00e0 l\u2019agriculture nourrici\u00e8re s\u2019est r\u00e9joui de cette initiative remont\u00e9e de la base. \u00ab\u00a0C\u2019est sur les territoires, en ultra-proximit\u00e9, qu\u2019on invente les mod\u00e8les de demain.\u00a0\u00bb<\/p>\n<p>Pour voir un tout petit peu plus loin que cette exp\u00e9rience en plein d\u00e9marrage, on peut rappeler que l\u2019objectif du collectif national \u201cPour une s\u00e9curit\u00e9 sociale de l\u2019alimentation\u201d est le financement d\u2019une sorte de carte vitale alimentaire par la cotisation sociale.<\/p>\n<p class=\"note\">*Ainsi que la DRAAF Grand Est, la DREETS Grand Est, le minist\u00e8re des Solidarit\u00e9s et de la sant\u00e9, le Fonds social europ\u00e9en, la Collectivit\u00e9 europ\u00e9enne d\u2019Alsace et la Fondation de France.<\/p>\n","protected":false},"excerpt":{"rendered":"\u00ab\u00a0Une in\u00e9galit\u00e9 d\u2019acc\u00e8s \u00e0 l\u2019alimentation saine\u00a0\u00bb \u00ab\u00a0On constate aujourd\u2019hui un d\u00e9s\u00e9quilibre fort, avec une in\u00e9galit\u00e9 d\u2019acc\u00e8s \u00e0 l\u2019alimentation&hellip;\n","protected":false},"author":2,"featured_media":459601,"comment_status":"","ping_status":"","sticky":false,"template":"","format":"standard","meta":{"footnotes":""},"categories":[2820],"tags":[1111,11,130,33,2880,436,1777,674,107,1011,27,775,12,2922,25,801,640,2879],"class_list":{"0":"post-459600","1":"post","2":"type-post","3":"status-publish","4":"format-standard","5":"has-post-thumbnail","7":"category-strasbourg","8":"tag-actu","9":"tag-actualites","10":"tag-consommation","11":"tag-economie","12":"tag-edition-strasbourg","13":"tag-environnement","14":"tag-eu","15":"tag-europe","16":"tag-fil-info","17":"tag-fr","18":"tag-france","19":"tag-grand-est","20":"tag-news","21":"tag-pouvoir-dachat","22":"tag-republique-francaise","23":"tag-social","24":"tag-strasbourg","25":"tag-strasbourg-ville"},"share_on_mastodon":{"url":"https:\/\/pubeurope.com\/@fr\/115366362290276218","error":""},"_links":{"self":[{"href":"https:\/\/www.europesays.com\/fr\/wp-json\/wp\/v2\/posts\/459600","targetHints":{"allow":["GET"]}}],"collection":[{"href":"https:\/\/www.europesays.com\/fr\/wp-json\/wp\/v2\/posts"}],"about":[{"href":"https:\/\/www.europesays.com\/fr\/wp-json\/wp\/v2\/types\/post"}],"author":[{"embeddable":true,"href":"https:\/\/www.europesays.com\/fr\/wp-json\/wp\/v2\/users\/2"}],"replies":[{"embeddable":true,"href":"https:\/\/www.europesays.com\/fr\/wp-json\/wp\/v2\/comments?post=459600"}],"version-history":[{"count":0,"href":"https:\/\/www.europesays.com\/fr\/wp-json\/wp\/v2\/posts\/459600\/revisions"}],"wp:featuredmedia":[{"embeddable":true,"href":"https:\/\/www.europesays.com\/fr\/wp-json\/wp\/v2\/media\/459601"}],"wp:attachment":[{"href":"https:\/\/www.europesays.com\/fr\/wp-json\/wp\/v2\/media?parent=459600"}],"wp:term":[{"taxonomy":"category","embeddable":true,"href":"https:\/\/www.europesays.com\/fr\/wp-json\/wp\/v2\/categories?post=459600"},{"taxonomy":"post_tag","embeddable":true,"href":"https:\/\/www.europesays.com\/fr\/wp-json\/wp\/v2\/tags?post=459600"}],"curies":[{"name":"wp","href":"https:\/\/api.w.org\/{rel}","templated":true}]}}