{"id":45961,"date":"2025-04-23T07:08:13","date_gmt":"2025-04-23T07:08:13","guid":{"rendered":"https:\/\/www.europesays.com\/fr\/45961\/"},"modified":"2025-04-23T07:08:13","modified_gmt":"2025-04-23T07:08:13","slug":"une-messe-organisee-a-rennes-voici-ou-et-quand","status":"publish","type":"post","link":"https:\/\/www.europesays.com\/fr\/45961\/","title":{"rendered":"une messe organis\u00e9e \u00e0 Rennes, voici o\u00f9 et quand"},"content":{"rendered":"<p>            Par<br \/>\n        <strong><br \/>\n            <a href=\"https:\/\/actu.fr\/auteur\/clemence-pays02-actu-fr\" title=\"Consulter tous les articles de Cl\u00e9mence Pays\" rel=\"nofollow noopener\" target=\"_blank\">Cl\u00e9mence Pays<\/a><br \/>\n        <\/strong><\/p>\n<p>        Publi\u00e9 le<\/p>\n<p>            23 avr. 2025 \u00e0 7h02        <\/p>\n<p><a href=\"https:\/\/actu.fr\/societe\/le-pape-francois-est-mort-annonce-le-vatican_62254072.html\" rel=\"nofollow noopener\" target=\"_blank\">Le pape Fran\u00e7ois s\u2019est \u00e9teint lundi 21 avril 2025<\/a>, en plein week-end de <a href=\"https:\/\/actu.fr\/tag\/paques\" rel=\"nofollow noopener\" target=\"_blank\">P\u00e2ques<\/a>, provoquant une vive \u00e9motion au sein des fid\u00e8les de l\u2019\u00c9glise catholique.<\/p>\n<p class=\" wall-content\">\u00c0 travers le monde entier, des hommages lui ont \u00e9t\u00e9 rendus. \u00c0 <a href=\"https:\/\/actu.fr\/rennes\/\" rel=\"nofollow noopener\" target=\"_blank\">Rennes<\/a>, Mgr d\u2019Ornellas a rappel\u00e9 le parcours de Jorge Mario Bergoglio qui fut <strong>\u00ab\u2009le Pape du courage et de la compassion\u2009\u00bb,<\/strong> sensible \u00e0 l\u2019environnement et \u00e0 la souffrance des migrants.<\/p>\n<p>Une messe organis\u00e9e \u00e0 Rennes<\/p>\n<p class=\" wall-content\">Dans son message, l\u2019archev\u00eaque de Rennes, a invit\u00e9 tous les catholiques du dioc\u00e8se de Rennes \u00e0 la <strong>messe, \u00e0 la cath\u00e9drale Saint-Pierre de Rennes, mercredi 23\u00a0avril, \u00e0 19\u2009h,<\/strong> pour prier pour le Pape Fran\u00e7ois.<\/p>\n<p class=\" wall-content\">Mercredi \u00e9galement, <a href=\"https:\/\/actu.fr\/societe\/direct-mort-du-pape-francois-le-vatican-prepare-ses-funerailles-les-cardinaux-convoques_62539067.html\" rel=\"nofollow noopener\" target=\"_blank\">le cercueil du pape sera expos\u00e9 \u00e0 la basilique Saint-Pierre de Rome<\/a>, o\u00f9 les fid\u00e8les pourront lui rendre un dernier hommage.<\/p>\n<p class=\" wall-content\">Suivez toute l\u2019actualit\u00e9 de vos villes et m\u00e9dias favoris en vous inscrivant \u00e0 <a href=\"https:\/\/moncompte.actu.fr\" title=\"D\u00e9couvez Mon Actu\" rel=\"nofollow noopener\" data-trk=\"{&quot;cta&quot;:{&quot;action&quot;:&quot;https:\\\/\\\/moncompte.actu.fr&quot;,&quot;category&quot;:&quot;mon compte&quot;,&quot;from&quot;:&quot;article footer&quot;,&quot;name&quot;:&quot;Mon actu&quot;,&quot;type&quot;:&quot;cta&quot;}}\" target=\"_blank\">Mon Actu<\/a>.<\/p>\n","protected":false},"excerpt":{"rendered":"Par Cl\u00e9mence Pays Publi\u00e9 le 23 avr. 2025 \u00e0 7h02 Le pape Fran\u00e7ois s\u2019est \u00e9teint lundi 21 avril&hellip;\n","protected":false},"author":2,"featured_media":45962,"comment_status":"","ping_status":"","sticky":false,"template":"","format":"standard","meta":{"footnotes":""},"categories":[2821],"tags":[1111,11,829,1777,674,1011,27,12,4692,4020,584,25,104],"class_list":{"0":"post-45961","1":"post","2":"type-post","3":"status-publish","4":"format-standard","5":"has-post-thumbnail","7":"category-rennes","8":"tag-actu","9":"tag-actualites","10":"tag-bretagne","11":"tag-eu","12":"tag-europe","13":"tag-fr","14":"tag-france","15":"tag-news","16":"tag-pape-francois","17":"tag-religion","18":"tag-rennes","19":"tag-republique-francaise","20":"tag-societe"},"share_on_mastodon":{"url":"https:\/\/pubeurope.com\/@fr\/114386023471596617","error":""},"_links":{"self":[{"href":"https:\/\/www.europesays.com\/fr\/wp-json\/wp\/v2\/posts\/45961","targetHints":{"allow":["GET"]}}],"collection":[{"href":"https:\/\/www.europesays.com\/fr\/wp-json\/wp\/v2\/posts"}],"about":[{"href":"https:\/\/www.europesays.com\/fr\/wp-json\/wp\/v2\/types\/post"}],"author":[{"embeddable":true,"href":"https:\/\/www.europesays.com\/fr\/wp-json\/wp\/v2\/users\/2"}],"replies":[{"embeddable":true,"href":"https:\/\/www.europesays.com\/fr\/wp-json\/wp\/v2\/comments?post=45961"}],"version-history":[{"count":0,"href":"https:\/\/www.europesays.com\/fr\/wp-json\/wp\/v2\/posts\/45961\/revisions"}],"wp:featuredmedia":[{"embeddable":true,"href":"https:\/\/www.europesays.com\/fr\/wp-json\/wp\/v2\/media\/45962"}],"wp:attachment":[{"href":"https:\/\/www.europesays.com\/fr\/wp-json\/wp\/v2\/media?parent=45961"}],"wp:term":[{"taxonomy":"category","embeddable":true,"href":"https:\/\/www.europesays.com\/fr\/wp-json\/wp\/v2\/categories?post=45961"},{"taxonomy":"post_tag","embeddable":true,"href":"https:\/\/www.europesays.com\/fr\/wp-json\/wp\/v2\/tags?post=45961"}],"curies":[{"name":"wp","href":"https:\/\/api.w.org\/{rel}","templated":true}]}}