{"id":459614,"date":"2025-10-13T10:28:12","date_gmt":"2025-10-13T10:28:12","guid":{"rendered":"https:\/\/www.europesays.com\/fr\/459614\/"},"modified":"2025-10-13T10:28:12","modified_gmt":"2025-10-13T10:28:12","slug":"maxime-lamothe-le-talonneur-qui-soffre-du-bonheur-en-vendant-des-madeleines-au-beurre","status":"publish","type":"post","link":"https:\/\/www.europesays.com\/fr\/459614\/","title":{"rendered":"Maxime Lamothe, le talonneur qui s&rsquo;offre du bonheur en vendant des madeleines au beurre"},"content":{"rendered":"<p>            Par<br \/>\n        <strong><br \/>\n            <a href=\"https:\/\/actu.fr\/auteur\/emilie-dudonfournier\" title=\"Consulter tous les articles de Emilie Dudon-Fournier\" target=\"_blank\" rel=\"noopener\">Emilie Dudon-Fournier<\/a><br \/>\n        <\/strong><\/p>\n<p>        Publi\u00e9 le<\/p>\n<p>            13 oct. 2025 \u00e0 12h05        <\/p>\n<p>Dimanche soir \u00e0 Toulouse, il aurait presque pu recevoir sa traditionnelle petite bo\u00eete de madeleines gratuites\u2026 Auteur d\u2019un tr\u00e8s beau cadrage-d\u00e9bordement et d\u2019une passe d\u00e9cisive sur le premier essai de Nicolas Depoort\u00e8re, <strong>Maxime Lamothe<\/strong> n\u2019est pas pass\u00e9 loin de marquer un essai, ce qui lui valait depuis 2021 de recevoir une bo\u00eete de madeleines offertes par la boutique dacquoise <strong>\u00ab\u2009Madeleines Lamothe\u2009\u00bb.<\/strong> Sauf que ce challenge ne tient plus aujourd\u2019hui, le talonneur de l<a href=\"https:\/\/actu.fr\/tag\/usb-union-bordeaux-begles\" target=\"_blank\" rel=\"noopener\">\u2019UBB<\/a> poss\u00e9dant sa propre boutique de ces petites douceurs. <a href=\"https:\/\/actu.fr\/rugby\/\" target=\"_blank\" rel=\"noopener\">Actu Rugby <\/a>l\u2019a interview\u00e9 et vous raconte cette histoire compl\u00e8tement \u00ab\u2009improbable\u2009\u00bb, de son propre aveu.<\/p>\n<p class=\" wall-content\"><a href=\"https:\/\/www.instagram.com\/p\/DPg104TAC2D\/embed\" title=\"Ouvrir le lien sur Instagram\" target=\"_blank\" rel=\"noopener\">Visualiser le contenu sur Instagram<\/a><\/p>\n<p>Maxime Lamothe et les madeleines\u2026 Lamothe<\/p>\n<p class=\" wall-content\">Maxime Lamothe vient donc d\u2019ouvrir un magasin \u00ab\u2009Madeleines Lamothe\u2009\u00bb \u00e0 Bordeaux. Rien \u00e0 voir entre le Lamothe que l\u2019on conna\u00eet sur les terrains et le Lamothe (Gustave de son pr\u00e9nom), qui a cr\u00e9\u00e9 la boutique \u00e9ponyme \u00e0 Dax en 1915. Mais leur histoire s\u2019est crois\u00e9e, sur un de ces coups du destin qui changent une vie, un jour d\u2019\u00e9t\u00e9 2021, \u00e0 l\u2019occasion d\u2019un stage de l\u2019UBB \u00e0 Soustons, dans les Landes.<\/p>\n<p class=\" wall-content\">Un certain Vincent Delfour, patron de la boutique de Dax, \u00e9tait pr\u00e9sent pour distribuer ces petits biscuits en forme de coquillage au public et s\u2019est amus\u00e9 de d\u00e9couvrir le talonneur. Il m\u2019a dit\u2009: \u00ab\u2009Avec un nom pareil, je vous offre aussi une bo\u00eete\u2009\u00bb, nous racontait le joueur de 27 ans la semaine derni\u00e8re, juste apr\u00e8s l\u2019ouverture de son magasin.<\/p>\n<p class=\" wall-content\">\u00ab\u2009Le contact s\u2019est fait comme \u00e7a puis on a continu\u00e9 \u00e0 \u00e9changer sur les r\u00e9seaux sociaux. Un jour, il m\u2019a propos\u00e9 de cr\u00e9er un challenge Lamothe. D\u00e8s que je marquais un essai, il m\u2019envoyait une bo\u00eete\u2026\u2009\u00bb D\u00e9licieux mais pi\u00e9geux\u2026 \u00ab\u2009Je suis tr\u00e8s gourmand et j\u2019adore \u00e7a alors j\u2019essaie d\u2019en donner aux copains et \u00e0 la famille pour ne pas trop gonfler\u2009!\u2009\u00bb<\/p>\n<p>\u00ab\u2009Si on m\u2019avait que j\u2019aurais une boutique de madeleines\u2026\u2009\u00bb<br \/>\n    <img   decoding=\"async\" loading=\"lazy\" src=\"https:\/\/www.europesays.com\/fr\/wp-content\/uploads\/2025\/10\/maxime-lamothe-madeleines-960x640.jpg\" alt=\"Maxime Lamothe et son associ\u00e9 dans la maison \" width=\"960\" height=\"640\"\/><br \/>\n    Maxime Lamothe et son associ\u00e9 dans la maison \u00ab\u2009Madeleines Lamothe\u2009\u00bb, Vincent Delfour. (\u00a9Photo fournie par Maxime Lamothe)<\/p>\n<p class=\" wall-content\">Les choses auraient pu en rester l\u00e0, sans ce voyage en Afrique du Sud, en 2024, pour un match de Coupe d\u2019Europe. \u00c9galement pr\u00e9sent \u00e0 Pretoria en voyage, Vincent Delfour assiste \u00e0 la rencontre et est invit\u00e9 par le joueur \u00e0 boire un coup \u00e0 l\u2019h\u00f4tel apr\u00e8s le match. \u00ab\u2009L\u00e0, il me dit qu\u2019il souhaite passer la main et que ce serait dr\u00f4le que ce soit moi qui reprenne les Madeleines Lamothe. Je lui ai r\u00e9pondu que \u00e7a ne tombait pas dans l\u2019oreille d\u2019un sourd\u2009!\u2009\u00bb<\/p>\n<p class=\" wall-content\">Quelques mois et des dizaines de r\u00e9unions plus tard, Maxime Lamothe ouvre boutique chez lui (il est Girondin et originaire de Talence). C\u2019\u00e9tait mercredi dernier, le 8 octobre. \u00ab\u2009Si on m\u2019avait dit il y a 5 ou 6 ans qu\u2019en 2025, j\u2019aurais une boutique de madeleines, je ne l\u2019aurais pas cru\u2026\u2009\u00bb, raconte cet \u00e9tudiant en master 1 de management. \u00ab\u2009Mais j\u2019y ai beaucoup r\u00e9fl\u00e9chi et ce n\u2019est pas un engagement \u00e0 la l\u00e9g\u00e8re. Je suis tr\u00e8s fier et excit\u00e9 de voir comment \u00e7a va fonctionner.\u2009\u00bb<\/p>\n<p>Joueur de Top\u00a014 le matin, vendeur en boutique l\u2019apr\u00e8s-midi<\/p>\n<p class=\" wall-content\">Concr\u00e8tement, le talonneur alterne au quotidien sa casquette de rugbyman professionnel avec celle d\u2019associ\u00e9, voire de vendeur\u2009: \u00ab\u2009Notre planning rugby fait en sorte qu\u2019on ait les apr\u00e8s-midis libres alors j\u2019ai toujours pu me d\u00e9brouiller, pour avancer sur le projet ou maintenant \u00eatre pr\u00e9sent \u00e0 la boutique. Je sers les gens avec plaisir. Je vais jongler un peu comme \u00e7a d\u00e9sormais.\u2009\u00bb<\/p>\n<p>Votre r\u00e9gion, votre actu !<\/p>\n<p>Recevez chaque jour les infos qui comptent pour vous.<\/p>\n<p>\t<a href=\"https:\/\/actu.fr\/newsletter\" class=\"ac-btn ac-btn--corner ac-btn--medium ac-btn--blue800\" target=\"_blank\" rel=\"noopener\">S&rsquo;incrire<\/a><\/p>\n<p class=\" wall-content\">Mercredi, <a href=\"https:\/\/www.instagram.com\/madeleineslamothebordeaux\/\" target=\"_blank\" rel=\"noopener\">la boutique \u00ab\u2009Madeleines Lamothe\u2009\u00bb de Bordeaux<\/a> fera son inauguration au 44 rue des Trois-Conils. Les membres de l\u2019UBB seront pr\u00e9sents pour soutenir leur co\u00e9quipier et profiter de ces madeleines \u00ab\u2009artisanes et super originales\u2009\u00bb, selon leur plus fameux repr\u00e9sentant. \u00ab\u2009\u00c7a chambre beaucoup mais c\u2019est bon enfant\u2009\u00bb, sourit le joueur, d\u00e9sormais homme d\u2019affaires. \u00ab\u2009Ils sont contents de voir que \u00e7a me pla\u00eet et que je m\u2019y investis au-del\u00e0 du rugby.\u2009\u00bb Cette boutique, en tout cas, est une bien jolie fa\u00e7on d\u2019amener un peu de douceur dans ce monde de brutes.<\/p>\n<p class=\" wall-content\">Personnalisez votre actualit\u00e9 en ajoutant vos villes et m\u00e9dias en favori avec <a href=\"https:\/\/moncompte.actu.fr\" title=\"D\u00e9couvez Mon Actu\" rel=\"nofollow noopener\" data-trk=\"{&quot;cta&quot;:{&quot;action&quot;:&quot;https:\\\/\\\/moncompte.actu.fr&quot;,&quot;category&quot;:&quot;mon compte&quot;,&quot;from&quot;:&quot;article footer&quot;,&quot;name&quot;:&quot;Mon actu&quot;,&quot;type&quot;:&quot;cta&quot;}}\" target=\"_blank\">Mon Actu<\/a>.<\/p>\n<p>                    <script async src=\"\/\/www.instagram.com\/embed.js\"><\/script><\/p>\n","protected":false},"excerpt":{"rendered":"Par Emilie Dudon-Fournier Publi\u00e9 le 13 oct. 2025 \u00e0 12h05 Dimanche soir \u00e0 Toulouse, il aurait presque pu&hellip;\n","protected":false},"author":2,"featured_media":459615,"comment_status":"","ping_status":"","sticky":false,"template":"","format":"standard","meta":{"footnotes":""},"categories":[2817],"tags":[1111,11,1997,1777,674,1011,27,12,2219,25,479,60,478,4435],"class_list":{"0":"post-459614","1":"post","2":"type-post","3":"status-publish","4":"format-standard","5":"has-post-thumbnail","7":"category-bordeaux","8":"tag-actu","9":"tag-actualites","10":"tag-bordeaux","11":"tag-eu","12":"tag-europe","13":"tag-fr","14":"tag-france","15":"tag-news","16":"tag-nouvelle-aquitaine","17":"tag-republique-francaise","18":"tag-rugby","19":"tag-sports","20":"tag-top-14","21":"tag-ubb-union-bordeaux-begles"},"share_on_mastodon":{"url":"https:\/\/pubeurope.com\/@fr\/115366390286974487","error":""},"_links":{"self":[{"href":"https:\/\/www.europesays.com\/fr\/wp-json\/wp\/v2\/posts\/459614","targetHints":{"allow":["GET"]}}],"collection":[{"href":"https:\/\/www.europesays.com\/fr\/wp-json\/wp\/v2\/posts"}],"about":[{"href":"https:\/\/www.europesays.com\/fr\/wp-json\/wp\/v2\/types\/post"}],"author":[{"embeddable":true,"href":"https:\/\/www.europesays.com\/fr\/wp-json\/wp\/v2\/users\/2"}],"replies":[{"embeddable":true,"href":"https:\/\/www.europesays.com\/fr\/wp-json\/wp\/v2\/comments?post=459614"}],"version-history":[{"count":0,"href":"https:\/\/www.europesays.com\/fr\/wp-json\/wp\/v2\/posts\/459614\/revisions"}],"wp:featuredmedia":[{"embeddable":true,"href":"https:\/\/www.europesays.com\/fr\/wp-json\/wp\/v2\/media\/459615"}],"wp:attachment":[{"href":"https:\/\/www.europesays.com\/fr\/wp-json\/wp\/v2\/media?parent=459614"}],"wp:term":[{"taxonomy":"category","embeddable":true,"href":"https:\/\/www.europesays.com\/fr\/wp-json\/wp\/v2\/categories?post=459614"},{"taxonomy":"post_tag","embeddable":true,"href":"https:\/\/www.europesays.com\/fr\/wp-json\/wp\/v2\/tags?post=459614"}],"curies":[{"name":"wp","href":"https:\/\/api.w.org\/{rel}","templated":true}]}}