{"id":459618,"date":"2025-10-13T10:30:12","date_gmt":"2025-10-13T10:30:12","guid":{"rendered":"https:\/\/www.europesays.com\/fr\/459618\/"},"modified":"2025-10-13T10:30:12","modified_gmt":"2025-10-13T10:30:12","slug":"toulouse-pour-permettre-des-travaux-sur-un-echangeur-cette-autoroute-va-fermer-en-partie","status":"publish","type":"post","link":"https:\/\/www.europesays.com\/fr\/459618\/","title":{"rendered":"Toulouse. Pour permettre des travaux sur un \u00e9changeur, cette autoroute va fermer en partie"},"content":{"rendered":"<p>            Par<br \/>\n        <strong><br \/>\n            <a href=\"https:\/\/actu.fr\/auteur\/lucie-2\" title=\"Consulter tous les articles de Lucie Fraisse\" rel=\"nofollow noopener\" target=\"_blank\">Lucie Fraisse<\/a><br \/>\n        <\/strong><\/p>\n<p>        Publi\u00e9 le<\/p>\n<p>            13 oct. 2025 \u00e0 11h54        <\/p>\n<p><strong>L\u2019autoroute A64<\/strong> va \u00eatre en partie ferm\u00e9e cette nuit,<a href=\"https:\/\/actu.fr\/toulouse\/\" rel=\"nofollow noopener\" target=\"_blank\"> \u00e0 Toulouse<\/a>, pour proc\u00e9der \u00e0 la mise en s\u00e9curit\u00e9 d\u2019un chantier. Vinci autoroutes r\u00e9alise en effet des travaux sur un ouvrage situ\u00e9 au niveau de l\u2019\u00e9changeur Francazal (N\u00b037).<\/p>\n<p>Au niveau de l\u2019\u00e9changeur de Francazal<\/p>\n<p class=\" wall-content\">La fermeture de l\u2019A64 interviendra d\u00e8s <strong>20 heures ce soir et durera jusqu\u2019\u00e0 6 heures demain<\/strong>. L\u2019A64 sera ferm\u00e9e au niveau de l\u2019\u00e9changeur de Francazal pour les usagers circulant dans le sens Toulouse-Tarbes.<\/p>\n<p class=\" wall-content\">La bretelle de sortie de l\u2019\u00e9changeur de Francazal (N\u00b037a), en direction de<strong> Portet-sur-Garonne<\/strong> sera aussi ferm\u00e9e.<\/p>\n<p>Une d\u00e9viation mise en place<\/p>\n<p class=\" wall-content\">Les automobilistes et routiers devront donc sortir \u00e0 l\u2019\u00e9changeur Francazal (N\u00b037b) en direction de Cugnaux et faire demi-tour au rond-point afin de reprendre l\u2019A64 en direction de Tarbes via l\u2019\u00e9changeur de Francazal (N\u00b037).<\/p>\n<p class=\" wall-content\">Un itin\u00e9raire de d\u00e9viation, fl\u00e9ch\u00e9 avec des panneaux jaunes, sera mis en place.<\/p>\n<p class=\" wall-content\">Personnalisez votre actualit\u00e9 en ajoutant vos villes et m\u00e9dias en favori avec <a href=\"https:\/\/moncompte.actu.fr\" title=\"D\u00e9couvez Mon Actu\" rel=\"nofollow noopener\" data-trk=\"{&quot;cta&quot;:{&quot;action&quot;:&quot;https:\\\/\\\/moncompte.actu.fr&quot;,&quot;category&quot;:&quot;mon compte&quot;,&quot;from&quot;:&quot;article footer&quot;,&quot;name&quot;:&quot;Mon actu&quot;,&quot;type&quot;:&quot;cta&quot;}}\" target=\"_blank\">Mon Actu<\/a>.<\/p>\n","protected":false},"excerpt":{"rendered":"Par Lucie Fraisse Publi\u00e9 le 13 oct. 2025 \u00e0 11h54 L\u2019autoroute A64 va \u00eatre en partie ferm\u00e9e cette&hellip;\n","protected":false},"author":2,"featured_media":459619,"comment_status":"","ping_status":"","sticky":false,"template":"","format":"standard","meta":{"footnotes":""},"categories":[2816],"tags":[1111,11,4799,1777,674,1011,27,12,2680,25,104,2312,2086],"class_list":{"0":"post-459618","1":"post","2":"type-post","3":"status-publish","4":"format-standard","5":"has-post-thumbnail","7":"category-toulouse","8":"tag-actu","9":"tag-actualites","10":"tag-autoroute-64-a64","11":"tag-eu","12":"tag-europe","13":"tag-fr","14":"tag-france","15":"tag-news","16":"tag-occitanie","17":"tag-republique-francaise","18":"tag-societe","19":"tag-toulouse","20":"tag-travaux"},"share_on_mastodon":{"url":"https:\/\/pubeurope.com\/@fr\/115366397608916152","error":""},"_links":{"self":[{"href":"https:\/\/www.europesays.com\/fr\/wp-json\/wp\/v2\/posts\/459618","targetHints":{"allow":["GET"]}}],"collection":[{"href":"https:\/\/www.europesays.com\/fr\/wp-json\/wp\/v2\/posts"}],"about":[{"href":"https:\/\/www.europesays.com\/fr\/wp-json\/wp\/v2\/types\/post"}],"author":[{"embeddable":true,"href":"https:\/\/www.europesays.com\/fr\/wp-json\/wp\/v2\/users\/2"}],"replies":[{"embeddable":true,"href":"https:\/\/www.europesays.com\/fr\/wp-json\/wp\/v2\/comments?post=459618"}],"version-history":[{"count":0,"href":"https:\/\/www.europesays.com\/fr\/wp-json\/wp\/v2\/posts\/459618\/revisions"}],"wp:featuredmedia":[{"embeddable":true,"href":"https:\/\/www.europesays.com\/fr\/wp-json\/wp\/v2\/media\/459619"}],"wp:attachment":[{"href":"https:\/\/www.europesays.com\/fr\/wp-json\/wp\/v2\/media?parent=459618"}],"wp:term":[{"taxonomy":"category","embeddable":true,"href":"https:\/\/www.europesays.com\/fr\/wp-json\/wp\/v2\/categories?post=459618"},{"taxonomy":"post_tag","embeddable":true,"href":"https:\/\/www.europesays.com\/fr\/wp-json\/wp\/v2\/tags?post=459618"}],"curies":[{"name":"wp","href":"https:\/\/api.w.org\/{rel}","templated":true}]}}