{"id":459620,"date":"2025-10-13T10:31:44","date_gmt":"2025-10-13T10:31:44","guid":{"rendered":"https:\/\/www.europesays.com\/fr\/459620\/"},"modified":"2025-10-13T10:31:44","modified_gmt":"2025-10-13T10:31:44","slug":"le-salon-du-chocolat-et-de-la-gourmandise-cest-ce-week-end-a-tourcoing","status":"publish","type":"post","link":"https:\/\/www.europesays.com\/fr\/459620\/","title":{"rendered":"Le salon du chocolat et de la gourmandise, c&rsquo;est ce week-end \u00e0 Tourcoing\u00a0!"},"content":{"rendered":"<p>            Par<br \/>\n        <strong><br \/>\n            <a href=\"https:\/\/actu.fr\/auteur\/nicolas-demollien\" title=\"Consulter tous les articles de Nicolas Demollien\" rel=\"nofollow noopener\" target=\"_blank\">Nicolas Demollien<\/a><br \/>\n        <\/strong><\/p>\n<p>        Publi\u00e9 le<\/p>\n<p>            9 oct. 2025 \u00e0 12h46        <\/p>\n<p><b>Chocolat Show <\/b>ce week-end des samedi 11 et dimanche 12 octobre 2025 \u00e0 <a href=\"https:\/\/actu.fr\/hauts-de-france\/tourcoing_59599\" rel=\"nofollow noopener\" target=\"_blank\">Tourcoing<\/a> (Nord) ! Durant deux jours, la <b>mairie<\/b> de la ville va en effet \u00eatre rythm\u00e9e par le <b>salon du chocolat et de la gourmandise du Lions Club<\/b>. D\u00e9couvrez ce qui vous attend sur place.<\/p>\n<p>Week-end chocolat\u00e9 et gourmand \u00e0 Tourcoing<\/p>\n<p class=\" wall-content\">\u00ab\u00a0C\u2019est un rendez-vous familial avec des <b>sculptures en chocolat<\/b>, des <b>d\u00e9gustations<\/b>, un <b>bar \u00e0 gourmandises<\/b>, mais aussi des <b>animations pour les enfants<\/b> comme le maquillage, et une tombola\u00a0\u00bb, d\u00e9taillent ainsi les organisateurs.<\/p>\n<p data-end=\"429\" class=\" wall-content\">Et de rappeler que tous les revenus des entr\u00e9es et du bar seront enti\u00e8rement revers\u00e9s \u00e0 des <b>associations venant en aide \u00e0 l\u2019enfance en grande difficult\u00e9<\/b>. Vous l\u2019aurez compris, une belle occasion de se faire plaisir tout en soutenant une noble cause.<\/p>\n<p>    <a href=\"https:\/\/www.facebook.com\/plugins\/post.php?href=https%3A%2F%2Fwww.facebook.com%2FTourcoinglaVille%2Fposts%2Fpfbid0emJkvwMett55zwEhA8uf1BG6k4P9CvE7VMAz8aBLEuVHu7YqTC16SASijN95sJ2Vl&amp;show_text=true&amp;width=350\" title=\"Ouvrie le lien\" rel=\"nofollow noopener\" target=\"_blank\">Cliquez ici pour visualiser le contenu<\/a><\/p>\n<p data-end=\"591\" class=\" wall-content\">De 14h \u00e0 19h samedi et de 10h \u00e0 18h dimanche. Entr\u00e9e : 3 \u20ac (gratuit pour les moins de 12 ans). Plus d\u2019infos sur le site <a href=\"http:\/\/www.salonduchocolat-tourcoing.fr\/\" rel=\"nofollow noopener\" target=\"_blank\">salonduchocolat-tourcoing.fr<\/a><\/p>\n<p class=\" wall-content\">Personnalisez votre actualit\u00e9 en ajoutant vos villes et m\u00e9dias en favori avec <a href=\"https:\/\/moncompte.actu.fr\" title=\"D\u00e9couvez Mon Actu\" rel=\"nofollow noopener\" data-trk=\"{&quot;cta&quot;:{&quot;action&quot;:&quot;https:\\\/\\\/moncompte.actu.fr&quot;,&quot;category&quot;:&quot;mon compte&quot;,&quot;from&quot;:&quot;article footer&quot;,&quot;name&quot;:&quot;Mon actu&quot;,&quot;type&quot;:&quot;cta&quot;}}\" target=\"_blank\">Mon Actu<\/a>.<\/p>\n","protected":false},"excerpt":{"rendered":"Par Nicolas Demollien Publi\u00e9 le 9 oct. 2025 \u00e0 12h46 Chocolat Show ce week-end des samedi 11 et&hellip;\n","protected":false},"author":2,"featured_media":459621,"comment_status":"","ping_status":"","sticky":false,"template":"","format":"standard","meta":{"footnotes":""},"categories":[2815],"tags":[1111,11,1777,674,1011,27,811,1307,1652,12,25],"class_list":{"0":"post-459620","1":"post","2":"type-post","3":"status-publish","4":"format-standard","5":"has-post-thumbnail","7":"category-lille","8":"tag-actu","9":"tag-actualites","10":"tag-eu","11":"tag-europe","12":"tag-fr","13":"tag-france","14":"tag-hauts-de-france","15":"tag-lille","16":"tag-loisirs-culture","17":"tag-news","18":"tag-republique-francaise"},"share_on_mastodon":{"url":"https:\/\/pubeurope.com\/@fr\/115366401566964426","error":""},"_links":{"self":[{"href":"https:\/\/www.europesays.com\/fr\/wp-json\/wp\/v2\/posts\/459620","targetHints":{"allow":["GET"]}}],"collection":[{"href":"https:\/\/www.europesays.com\/fr\/wp-json\/wp\/v2\/posts"}],"about":[{"href":"https:\/\/www.europesays.com\/fr\/wp-json\/wp\/v2\/types\/post"}],"author":[{"embeddable":true,"href":"https:\/\/www.europesays.com\/fr\/wp-json\/wp\/v2\/users\/2"}],"replies":[{"embeddable":true,"href":"https:\/\/www.europesays.com\/fr\/wp-json\/wp\/v2\/comments?post=459620"}],"version-history":[{"count":0,"href":"https:\/\/www.europesays.com\/fr\/wp-json\/wp\/v2\/posts\/459620\/revisions"}],"wp:featuredmedia":[{"embeddable":true,"href":"https:\/\/www.europesays.com\/fr\/wp-json\/wp\/v2\/media\/459621"}],"wp:attachment":[{"href":"https:\/\/www.europesays.com\/fr\/wp-json\/wp\/v2\/media?parent=459620"}],"wp:term":[{"taxonomy":"category","embeddable":true,"href":"https:\/\/www.europesays.com\/fr\/wp-json\/wp\/v2\/categories?post=459620"},{"taxonomy":"post_tag","embeddable":true,"href":"https:\/\/www.europesays.com\/fr\/wp-json\/wp\/v2\/tags?post=459620"}],"curies":[{"name":"wp","href":"https:\/\/api.w.org\/{rel}","templated":true}]}}