{"id":459626,"date":"2025-10-13T10:34:13","date_gmt":"2025-10-13T10:34:13","guid":{"rendered":"https:\/\/www.europesays.com\/fr\/459626\/"},"modified":"2025-10-13T10:34:13","modified_gmt":"2025-10-13T10:34:13","slug":"video-on-a-observe-des-oursins-ces-ecoliers-explorent-les-fonds-marins-et-apprennent-a-proteger-la-biodiversite","status":"publish","type":"post","link":"https:\/\/www.europesays.com\/fr\/459626\/","title":{"rendered":"VID\u00c9O\u00a0: \u00ab\u00a0On a observ\u00e9 des oursins\u00a0!\u00a0\u00bb : ces \u00e9coliers explorent les fonds marins et apprennent \u00e0 prot\u00e9ger la biodiversit\u00e9"},"content":{"rendered":"<p>Aujourd\u2019hui, leur classe prend le large\u00a0! Des \u00e9coliers de Marseille d\u00e9couvrent les fonds marins de l\u2019archipel du Frioul. Une immersion ludique et \u00e9ducative. Entre poissons, oursins et posidonie, ils apprennent \u00e0 conna\u00eetre et prot\u00e9ger les \u00e9cosyst\u00e8mes marins fragiles.<\/p>\n<p>Gilets de sauvetage sur le dos, \u00e0 bord d\u2019un bateau \u00e0 moteur. Et cap sur l\u2019archipel du Frioul. Une salle de classe qui a des airs de vacances. Pourtant, les \u00e9l\u00e8ves de l&rsquo;\u00e9cole primaire de Bonneveine sont l\u00e0 pour d\u00e9couvrir les fonds marins de la rade de Marseille.<\/p>\n<p>\u201c Il y a un effet waouh\u00a0! C&rsquo;est magique\u00a0! C&rsquo;est beau\u00a0!\u00a0\u00bb\u00a0explique Julien Desclaux, \u00e9ducateur au centre municipal d\u2019initiation. \u00ab\u00a0Et, nous, on compte l\u00e0-dessus. On pense que si \u00e7a leur plait, cela sera peut-\u00eatre plus facile pour eux de faire quelques petits efforts pour l&rsquo;environnement.\u201d<\/p>\n<p>Une plante vitale pour la M\u00e9diterran\u00e9e<\/p>\n<p>Aujourd&rsquo;hui, ces petits marseillais apprennent l&rsquo;importance d&rsquo;une plante vitale pour l&rsquo;\u00e9cosyst\u00e8me du Frioul\u00a0: la posidonie.<\/p>\n<p><a href=\"https:\/\/www.youtube.com\/watch?v=aHEPJRIuzjw\" target=\"_blank\" rel=\"noopener noreferrer\" class=\"Youtube svelte-15adm43\" style=\"background-image: url(https:\/\/i.ytimg.com\/vi\/aHEPJRIuzjw\/sddefault.jpg);\"><\/p>\n<p>Titre LOC MER EXPLORATION DU LITTORAL ET DE LA BIODIVERSITE PAR DES ECOLIERS<\/p>\n<p> <\/a> Les yeux plong\u00e9s dans les fonds sous-marins<\/p>\n<p>Et pour l&rsquo;observer, pas besoin de se mouiller, gr\u00e2ce \u00e0 des aquascopes. De gros tuyaux que les enfants plongent dans l\u2019eau\u00a0: \u201con vient juste d&rsquo;observer des poissons, quelques oursins, et quelques concombres de mer, raconte Cl\u00e9mence, une des \u00e9l\u00e8ves. Ca me donne envie de plonger, de nager et de caresser les poissons.\u201d<br \/>\u201cC&rsquo;est la premi\u00e8re fois que je fais du bateau. Je trouve que c&rsquo;est assez dr\u00f4le\u201d, sourit Adam.<\/p>\n<p><img loading=\"lazy\" decoding=\"async\" class=\"VisualPreview svelte-1rldrkz\" src=\"data:image\/jpeg;base64,\/9j\/2wBDACgcHiMeGSgjISMtKygwPGRBPDc3PHtYXUlkkYCZlo+AjIqgtObDoKrarYqMyP\/L2u71\/\/\/\/m8H\/\/\/\/6\/+b9\/\/j\/2wBDASstLTw1PHZBQXb4pYyl+Pj4+Pj4+Pj4+Pj4+Pj4+Pj4+Pj4+Pj4+Pj4+Pj4+Pj4+Pj4+Pj4+Pj4+Pj4+Pj4+Pj\/wAARCAAXACoDASIAAhEBAxEB\/8QAFwABAQEBAAAAAAAAAAAAAAAAAAECBP\/EABcQAQEBAQAAAAAAAAAAAAAAAAABERL\/xAAWAQEBAQAAAAAAAAAAAAAAAAAAAQL\/xAAVEQEBAAAAAAAAAAAAAAAAAAAAEf\/aAAwDAQACEQMRAD8A5Y1GY1EKuNYkXRaYuGmhXPK3KCsLpoCp0dgD\/9k=\" alt=\"L'aquascope, id\u00e9al pour observer les fonds marins sans se mouiller\" width=\"600\" height=\"337\"\/>  L&rsquo;aquascope, id\u00e9al pour observer les fonds marins sans se mouiller \u00a9 France T\u00e9l\u00e9visions Sensibilisation \u00e0 la biodiversit\u00e9<\/p>\n<p>La sortie est r\u00e9guli\u00e8rement organis\u00e9e par le centre municipal d&rsquo;initiation et d\u00e9couverte de la mer. Objectif\u00a0: que tous les \u00e9l\u00e8ves de Marseille puissent un jour faire une sortie sur l&rsquo;eau.<br \/>Herv\u00e9 Menchon, adjoint au maire de Marseille en charge du littoral, est \u00e0 bord ce jour-l\u00e0\u00a0: \u201c aujourd&rsquo;hui, ils sont en sortie d\u00e9couverte sur la plus grande aire marine prot\u00e9ge\u00e9 des Bouches-du-Rh\u00f4ne. Nous venons de la cr\u00e9er avec le Conservatoire du Littoral et le Parc national des Calanques. Donc, c&rsquo;est tr\u00e8s important qu&rsquo;ils soient au courant des efforts qui sont faits. Et, en m\u00eame temps, qu&rsquo;ils aient envie, eux, de prot\u00e9ger la mer et de poursuivre ces efforts\u201d.<\/p>\n<p>Cette ann\u00e9e, 26 classes et trois instituts m\u00e9dicaux \u00e9ducatifs iront voguer dans la rade de Marseille.<\/p>\n","protected":false},"excerpt":{"rendered":"Aujourd\u2019hui, leur classe prend le large\u00a0! Des \u00e9coliers de Marseille d\u00e9couvrent les fonds marins de l\u2019archipel du Frioul.&hellip;\n","protected":false},"author":2,"featured_media":459627,"comment_status":"","ping_status":"","sticky":false,"template":"","format":"standard","meta":{"footnotes":""},"categories":[2814],"tags":[1111,11,1777,674,1011,27,884,12,882,25],"class_list":{"0":"post-459626","1":"post","2":"type-post","3":"status-publish","4":"format-standard","5":"has-post-thumbnail","7":"category-marseille","8":"tag-actu","9":"tag-actualites","10":"tag-eu","11":"tag-europe","12":"tag-fr","13":"tag-france","14":"tag-marseille","15":"tag-news","16":"tag-provence-alpes-cote-dazur","17":"tag-republique-francaise"},"share_on_mastodon":{"url":"https:\/\/pubeurope.com\/@fr\/115366413382032156","error":""},"_links":{"self":[{"href":"https:\/\/www.europesays.com\/fr\/wp-json\/wp\/v2\/posts\/459626","targetHints":{"allow":["GET"]}}],"collection":[{"href":"https:\/\/www.europesays.com\/fr\/wp-json\/wp\/v2\/posts"}],"about":[{"href":"https:\/\/www.europesays.com\/fr\/wp-json\/wp\/v2\/types\/post"}],"author":[{"embeddable":true,"href":"https:\/\/www.europesays.com\/fr\/wp-json\/wp\/v2\/users\/2"}],"replies":[{"embeddable":true,"href":"https:\/\/www.europesays.com\/fr\/wp-json\/wp\/v2\/comments?post=459626"}],"version-history":[{"count":0,"href":"https:\/\/www.europesays.com\/fr\/wp-json\/wp\/v2\/posts\/459626\/revisions"}],"wp:featuredmedia":[{"embeddable":true,"href":"https:\/\/www.europesays.com\/fr\/wp-json\/wp\/v2\/media\/459627"}],"wp:attachment":[{"href":"https:\/\/www.europesays.com\/fr\/wp-json\/wp\/v2\/media?parent=459626"}],"wp:term":[{"taxonomy":"category","embeddable":true,"href":"https:\/\/www.europesays.com\/fr\/wp-json\/wp\/v2\/categories?post=459626"},{"taxonomy":"post_tag","embeddable":true,"href":"https:\/\/www.europesays.com\/fr\/wp-json\/wp\/v2\/tags?post=459626"}],"curies":[{"name":"wp","href":"https:\/\/api.w.org\/{rel}","templated":true}]}}