{"id":459630,"date":"2025-10-13T10:36:19","date_gmt":"2025-10-13T10:36:19","guid":{"rendered":"https:\/\/www.europesays.com\/fr\/459630\/"},"modified":"2025-10-13T10:36:19","modified_gmt":"2025-10-13T10:36:19","slug":"les-tenir-a-lecart-des-enfants","status":"publish","type":"post","link":"https:\/\/www.europesays.com\/fr\/459630\/","title":{"rendered":"Les tenir \u00e0 l&rsquo;\u00e9cart des enfants"},"content":{"rendered":"<p>            Par<br \/>\n        <strong><br \/>\n            <a href=\"https:\/\/actu.fr\/auteur\/anthony-soudani\" title=\"Consulter tous les articles de Anthony Soudani\" target=\"_blank\" rel=\"noopener\">Anthony Soudani<\/a><br \/>\n        <\/strong><\/p>\n<p>        Publi\u00e9 le<\/p>\n<p>            13 oct. 2025 \u00e0 12h24        <\/p>\n<p>T-Shirt blanc sur les \u00e9paules, gants enfil\u00e9s\u2026 <strong>Michel fait la tourn\u00e9e du Tonkin<\/strong> pour le nettoyer avec d\u2019autres habitants. Il vit depuis 43 ans dans ce quartier populaire de <a href=\"https:\/\/actu.fr\/auvergne-rhone-alpes\/villeurbanne_69266\" target=\"_blank\" rel=\"noopener\">Villeurbanne<\/a>, \u00e0 proximit\u00e9 directe avec <a href=\"https:\/\/actu.fr\/auvergne-rhone-alpes\/lyon_69123\" target=\"_blank\" rel=\"noopener\">Lyon<\/a>. Alors que la pr\u00e9f\u00e8te du Rh\u00f4ne, Fabienne Buccio, affirme que les <a href=\"https:\/\/actu.fr\/auvergne-rhone-alpes\/villeurbanne_69266\/la-police-a-gagne-les-derniers-points-de-deal-de-ce-quartier-pres-de-lyon-casses_63287339.html\" target=\"_blank\" rel=\"noopener\">deux derniers points de deal du secteur ont \u00e9t\u00e9 \u00e9radiqu\u00e9s<\/a>, Michel donne son avis sur la situation.<br \/>Membre du collectif Tonkin Paix-sible, qui lutte contre l\u2019installation des trafiquants dans le quartier et \u0153uvre pour sa propret\u00e9, cet habitant est tr\u00e8s lucide. Il se m\u00e9fie de l\u2019ampleur du narcotrafic aujourd\u2019hui.<\/p>\n<p>Les deux derniers points de deal ferm\u00e9s : \u00ab\u00a0Nous ne crions pas victoire\u00a0\u00bb<\/p>\n<p class=\" wall-content\">L\u2019action de la police \u00ab\u00a0commence \u00e0 porter ses fruits\u00a0\u00bb, souligne-t-il en voyant les nombreux effectifs parader au Tonkin, tandis que la pr\u00e9f\u00e8te est venue les saluer et les f\u00e9liciter. La repr\u00e9sentante de l\u2019\u00c9tat l\u2019affirme : \u00ab\u00a0Les deux derniers points de deal du Tonkin ont \u00e9t\u00e9 ferm\u00e9s.\u00a0\u00bb<\/p>\n<p class=\" wall-content\">Vraiment ? Il n\u2019y aurait donc plus de trafic de stup\u00e9fiants au Tonkin\u2026 La pr\u00e9f\u00e8te, elle-m\u00eame, s\u2019est montr\u00e9e prudente au micro d\u2019actu Lyon et de nos confr\u00e8res : \u00ab\u00a0Nous ne crions pas victoire. <strong>On n\u2019est s\u00fbr de rien. Il faut de l\u2019humilit\u00e9<\/strong>. Mais on est l\u00e0 pour dire \u00e0 nos concitoyens : \u2018Vous voyez, c\u2019est possible\u2019.\u00a0\u00bb Fabienne Buccio ne manquant pas de saluer le travail du collectif.\u00a0<\/p>\n<p>    <img   decoding=\"async\" loading=\"lazy\" src=\"https:\/\/www.europesays.com\/fr\/wp-content\/uploads\/2025\/10\/prefete-rhone-maire-villeurbanne-960x640.jpeg\" alt=\"De gauche \u00e0 droite : le directeur de la police nationale du Rh\u00f4ne, Nelson Bouard, la pr\u00e9f\u00e8te du Rh\u00f4ne, Fabienne Buccio et le maire de Villeurbanne, C\u00e9dric Van Styvendael.\" width=\"960\" height=\"640\"\/><br \/>\n    De gauche \u00e0 droite : le directeur de la police nationale du Rh\u00f4ne, Nelson Bouard, la pr\u00e9f\u00e8te du Rh\u00f4ne, Fabienne Buccio et le maire de Villeurbanne, C\u00e9dric Van Styvendael. (\u00a9Anthony Soudani \/ actu Lyon)<\/p>\n<p class=\" wall-content\">Michel fait preuve de la m\u00eame lucidit\u00e9. \u00ab\u00a0Si l\u2019objectif est d\u2019\u00e9radiquer le trafic, je crois que celui-ci, il ne faut pas esp\u00e9rer l\u2019atteindre un jour. <strong>Les trafics internationaux sont tellement puissants<\/strong> et la demande des consommateurs est si forte, qu\u2019on n\u2019arrivera jamais \u00e0 \u00e9radiquer le trafic.\u00a0\u00bb<\/p>\n<p>Tenir les enfants \u00e0 l\u2019\u00e9cart du trafic de drogue<\/p>\n<p class=\" wall-content\">Il regarde autour de lui. Des jeunes jouent au foot au city stade. L\u2019un d\u2019eux tire dans le ballon qui file en dehors du terrain. Un policier l\u2019intercepte. En rigolant, l\u2019agent leur glisse : \u00ab\u00a0Je sais que vous essayer de faire les int\u00e9ressants.\u00a0\u00bb Un enfant r\u00e9torque : \u00ab\u00a0Ce n\u2019est pas moi, c\u2019est lui. Il l\u2019a fait expr\u00e8s.\u00a0\u00bb Le policier relance le ballon et les voil\u00e0 repartis dans leur match.<\/p>\n<p class=\" wall-content\">\u00ab\u00a0L\u2019enjeu du collectif, c\u2019est de <strong>faire en sorte que ce trafic se fasse le plus discr\u00e8tement possible<\/strong> et qu\u2019on arrive \u00e0 tenir \u00e0 l\u2019\u00e9cart les enfants\u00a0\u00bb, souligne Michel qui pointe l\u2019all\u00e9e pi\u00e9tonne qui longe le stade : \u00ab\u00a0Or, les trafiquants se mettent sur ce mail pi\u00e9ton. Ces dealers sont pr\u00e9sents de 11h \u00e0 4h du matin.\u00a0\u00bb<\/p>\n<p>\u00ab\u00a0C\u2019est la drogue pr\u00e9f\u00e9r\u00e9e des gamins\u00a0\u00bb<\/p>\n<p class=\" wall-content\">Michel montre une bonbonne de protoxyde d\u2019azote au sol et \u00e9voque ce nouveau fl\u00e9au : \u00ab\u00a0C\u2019est la drogue pr\u00e9f\u00e9r\u00e9e des gamins. <strong>Ils respirent ce gaz dans des ballons<\/strong>, qui leur d\u00e9truit le cerveau.\u00a0\u00bb Et d\u2019ajouter : \u00ab\u00a0On a aussi des pics de consommation en soir\u00e9e et pendant la nuit de tous les produits qu\u2019on puisse imaginer dans le trafic, y compris du protoxyde d\u2019azote.\u00a0\u00bb<\/p>\n<p>Votre r\u00e9gion, votre actu !<\/p>\n<p>Recevez chaque jour les infos qui comptent pour vous.<\/p>\n<p>\t<a href=\"https:\/\/actu.fr\/newsletter\" class=\"ac-btn ac-btn--corner ac-btn--medium ac-btn--blue800\" target=\"_blank\" rel=\"noopener\">S&rsquo;incrire<\/a><\/p>\n<p class=\" wall-content\">Cet habitant du Tonkin est plut\u00f4t mesur\u00e9 dans son analyse de l\u2019\u00e9volution du quartier. Loin du caricatural \u00ab\u00a0c\u2019\u00e9tait mieux avant\u00a0\u00bb, Michel aime toujours le Tonkin. \u00ab\u00a0Je consid\u00e8re que c\u2019est un <strong>bon quartier<\/strong>\u00ab\u00a0, clame-t-il haut et fort.\u00a0<\/p>\n<p>    <img   decoding=\"async\" loading=\"lazy\" src=\"https:\/\/www.europesays.com\/fr\/wp-content\/uploads\/2025\/10\/police-villeurbanne-tonkin-lyon-960x640.jpg\" alt=\"Les patrouilles de police ont \u00e9t\u00e9 renforc\u00e9es au Tonkin, quartier sensible de Villeurbanne, pr\u00e8s de Lyon.\" width=\"960\" height=\"640\"\/><br \/>\n    Les patrouilles de police ont \u00e9t\u00e9 renforc\u00e9es au Tonkin, quartier sensible de Villeurbanne, pr\u00e8s de Lyon. (\u00a9Anthony Soudani \/ actu Lyon)Le Tonkin \u00ab\u00a0\u00e9volue dans le bon sens\u00a0\u00bb<\/p>\n<p class=\" wall-content\">\u00ab\u00a0L\u2019am\u00e9nagement de l\u2019espace public a bien \u00e9volu\u00e9. Depuis quelques ann\u00e9es, on a une municipalit\u00e9 qui s\u2019est investie dans le quartier beaucoup plus qu\u2019avant\u00a0\u00bb, glisse-t-il. Et ce n\u2019est pas le maire PS <a href=\"https:\/\/actu.fr\/auvergne-rhone-alpes\/villeurbanne_69266\/proprete-securite-municipales-2026-le-maire-de-villeurbanne-cedric-van-styvendael-repond_63162218.html\" target=\"_blank\" rel=\"noopener\">C\u00e9dric Van Styvendael<\/a>, r\u00e9guli\u00e8rement en contact avec le collectif, qui va le contredire sur ce point.<\/p>\n<p class=\" wall-content\">\u00ab\u00a0On a maintenant<strong> un espace plus accueillant, plus agr\u00e9able, moins ferm\u00e9<\/strong>. On a un investissement municipal et m\u00e9tropolitain dans le quartier qui est ind\u00e9niable. L\u2019\u00e9quipe d\u2019\u00e9ducateurs a \u00e9t\u00e9 renforc\u00e9e depuis le mois de septembre\u00a0\u00bb, constate Michel.<\/p>\n<p class=\" wall-content\">Pour lui, les choses \u00ab\u00a0\u00e9voluent dans le bon sens\u00a0\u00bb. Mais tout n\u2019est pas rose, loin de l\u00e0. \u00ab\u00a0Les fractures qui traversent la soci\u00e9t\u00e9 fran\u00e7aise, on les sent ici. Ce qui compte, c\u2019est d\u2019essayer de r\u00e9duire les causes de ses fractures et le trafic de drogue est une cause importante\u00a0\u00bb, conclut celui qui se r\u00e9jouit de voir une pr\u00e9sence polici\u00e8re et un quartier un peu plus propre.<\/p>\n<p class=\" wall-content\">Personnalisez votre actualit\u00e9 en ajoutant vos villes et m\u00e9dias en favori avec <a href=\"https:\/\/moncompte.actu.fr\" title=\"D\u00e9couvez Mon Actu\" rel=\"nofollow noopener\" data-trk=\"{&quot;cta&quot;:{&quot;action&quot;:&quot;https:\\\/\\\/moncompte.actu.fr&quot;,&quot;category&quot;:&quot;mon compte&quot;,&quot;from&quot;:&quot;article footer&quot;,&quot;name&quot;:&quot;Mon actu&quot;,&quot;type&quot;:&quot;cta&quot;}}\" target=\"_blank\">Mon Actu<\/a>.<\/p>\n","protected":false},"excerpt":{"rendered":"Par Anthony Soudani Publi\u00e9 le 13 oct. 2025 \u00e0 12h24 T-Shirt blanc sur les \u00e9paules, gants enfil\u00e9s\u2026 Michel&hellip;\n","protected":false},"author":2,"featured_media":459631,"comment_status":"","ping_status":"","sticky":false,"template":"","format":"standard","meta":{"footnotes":""},"categories":[1889],"tags":[1111,11,2430,1052,1777,674,1011,27,2428,12,1072,25,104,240],"class_list":{"0":"post-459630","1":"post","2":"type-post","3":"status-publish","4":"format-standard","5":"has-post-thumbnail","7":"category-lyon","8":"tag-actu","9":"tag-actualites","10":"tag-auvergne-rhone-alpes","11":"tag-drogue","12":"tag-eu","13":"tag-europe","14":"tag-fr","15":"tag-france","16":"tag-lyon","17":"tag-news","18":"tag-police","19":"tag-republique-francaise","20":"tag-societe","21":"tag-temoignage"},"share_on_mastodon":{"url":"https:\/\/pubeurope.com\/@fr\/115366422301023184","error":""},"_links":{"self":[{"href":"https:\/\/www.europesays.com\/fr\/wp-json\/wp\/v2\/posts\/459630","targetHints":{"allow":["GET"]}}],"collection":[{"href":"https:\/\/www.europesays.com\/fr\/wp-json\/wp\/v2\/posts"}],"about":[{"href":"https:\/\/www.europesays.com\/fr\/wp-json\/wp\/v2\/types\/post"}],"author":[{"embeddable":true,"href":"https:\/\/www.europesays.com\/fr\/wp-json\/wp\/v2\/users\/2"}],"replies":[{"embeddable":true,"href":"https:\/\/www.europesays.com\/fr\/wp-json\/wp\/v2\/comments?post=459630"}],"version-history":[{"count":0,"href":"https:\/\/www.europesays.com\/fr\/wp-json\/wp\/v2\/posts\/459630\/revisions"}],"wp:featuredmedia":[{"embeddable":true,"href":"https:\/\/www.europesays.com\/fr\/wp-json\/wp\/v2\/media\/459631"}],"wp:attachment":[{"href":"https:\/\/www.europesays.com\/fr\/wp-json\/wp\/v2\/media?parent=459630"}],"wp:term":[{"taxonomy":"category","embeddable":true,"href":"https:\/\/www.europesays.com\/fr\/wp-json\/wp\/v2\/categories?post=459630"},{"taxonomy":"post_tag","embeddable":true,"href":"https:\/\/www.europesays.com\/fr\/wp-json\/wp\/v2\/tags?post=459630"}],"curies":[{"name":"wp","href":"https:\/\/api.w.org\/{rel}","templated":true}]}}