{"id":459632,"date":"2025-10-13T10:37:13","date_gmt":"2025-10-13T10:37:13","guid":{"rendered":"https:\/\/www.europesays.com\/fr\/459632\/"},"modified":"2025-10-13T10:37:13","modified_gmt":"2025-10-13T10:37:13","slug":"ici-paris-ile-de-france-partenaire-des-grands-prix-de-la-region-capitale-vrt-2025","status":"publish","type":"post","link":"https:\/\/www.europesays.com\/fr\/459632\/","title":{"rendered":"ici Paris \u00cele-de-France, partenaire des Grands Prix de la R\u00e9gion Capitale VR&#038;T 2025"},"content":{"rendered":"<p>Article produit dans le cadre d\u2019un partenariat.<\/p>\n<p class=\"article__intro\">La 13\u1d49 \u00e9dition des Grands Prix de la R\u00e9gion Capitale VR&amp;T se tiendra le 16 octobre 2025 \u00e0 l\u2019Espace Saint-Martin \u00e0 Paris. Cet \u00e9v\u00e9nement met en lumi\u00e8re les initiatives les plus innovantes dans le domaine des transports en \u00cele-de-France. Bertrand Lambert sera aux manettes de la c\u00e9r\u00e9monie.<\/p>\n<p>\n      L\u2019actu des r\u00e9gions\n    <\/p>\n<p>\n      Chaque jour, un tour d\u2019horizon des principales infos de toutes les r\u00e9gions.\n    <\/p>\n<p>    France T\u00e9l\u00e9visions utilise votre adresse e-mail afin de vous envoyer la newsletter \u00ab\u00a0L\u2019actu des r\u00e9gions\u00a0\u00bb. Vous pouvez vous d\u00e9sinscrire \u00e0 tout moment via le lien en bas de cette newsletter. <a target=\"_blank\" href=\"https:\/\/www.francetelevisions.fr\/groupe\/confidentialite\/politique-de-confidentialite\/politique-de-confidentialite-de-france-televisions-6503\" rel=\"nofollow noopener\">Notre politique de confidentialit\u00e9<\/a><\/p>\n<p>Au total, neuf cat\u00e9gories refl\u00e9tant les grands enjeux actuels sont r\u00e9compens\u00e9es : innovation, intermodalit\u00e9, am\u00e9nagement urbain, modernisation des infrastructures, ou encore logistique urbaine et Smart City. Ces projets ont un objectif commun\u00a0: am\u00e9liorer concr\u00e8tement le quotidien des Franciliens.<\/p>\n<p>Les laur\u00e9ats de l\u2019\u00e9dition 2025 :<\/p>\n<ul>\n<li>Prix Innovation : la RATP, distingu\u00e9e pour ses Safe Place Umay, un dispositif novateur de s\u00e9curisation des trajets.<\/li>\n<li>Smart City : Transdev avec Streetco, une application pens\u00e9e pour les personnes \u00e0 mobilit\u00e9 r\u00e9duite.<\/li>\n<li>P\u00e9riurbain : \u00cele-de-France Mobilit\u00e9s avec la premi\u00e8re ligne de covoiturage sans r\u00e9servation.<\/li>\n<li>Gestion de projet : la SNCF pour le deuxi\u00e8me appel \u00e0 projets \u00ab\u00a0Gares de demain\u00a0\u00bb, orient\u00e9 vers la d\u00e9carbonation.<\/li>\n<li>Am\u00e9nagement urbain : Le C\u00e2ble 1 (IDFM), projet de t\u00e9l\u00e9ph\u00e9rique urbain. <\/li>\n<li>Modernisation : les travaux sur le r\u00e9seau nord de SNCF R\u00e9seau pour leur impact sur les connexions futures du Grand Paris Express.<\/li>\n<li>Intermodalit\u00e9 : la gare de Saint-Denis Pleyel, en service depuis un an, avec la synergie entre urbanisme et transports (Keolis).<\/li>\n<li>D\u00e9veloppement durable : le nouveau RER D, plus moderne et confortable, reconnu pour son impact positif sur les trajets quotidiens (Transilien).<\/li>\n<li>Prix sp\u00e9cial du jury : l\u2019application Best V\u00e9lib\u2019, qui aide les usagers \u00e0 trouver les meilleures stations, s\u00e9duit par sa simplicit\u00e9 et son utilit\u00e9.<\/li>\n<\/ul>\n<p>La remise des prix sera anim\u00e9e par Bertrand Lambert, journaliste sp\u00e9cialis\u00e9 transports et pr\u00e9sentateur de <a href=\"https:\/\/www.france.tv\/france-3\/paris-ile-de-france\/parigo\/\" rel=\"noopener noreferrer nofollow\" data-tooltip-url=\"https:\/\/www.france.tv\/france-3\/paris-ile-de-france\/parigo\/\" target=\"_blank\">l\u2019\u00e9mission Parigo<\/a>, un programme ICI Paris \u00cele-de-France diffus\u00e9 sur <a href=\"http:\/\/france.tv\" rel=\"noopener noreferrer nofollow\" data-tooltip-url=\"http:\/\/france.tv\" target=\"_blank\">france.tv\/idf<\/a> et France 3, le samedi \u00e0 12.35.<\/p>\n<p>Parigo est un magazine de d\u00e9cryptage centr\u00e9 sur les mobilit\u00e9s franciliennes diffus\u00e9 chaque semaine. Il donne la parole aux usagers, aux experts et aux d\u00e9cideurs pour mieux comprendre les enjeux d\u2019aujourd\u2019hui et les solutions de demain : RER, m\u00e9tro, v\u00e9lo, logistique urbaine, urbanisme\u2026 Chaque num\u00e9ro met en lumi\u00e8re les coulisses et les d\u00e9fis du r\u00e9seau de transport le plus dense d\u2019Europe.<\/p>\n<p>Tous les vendredis \u00e0 19h07, Bertrand Lambert re\u00e7oit \u00e9galement un invit\u00e9 pour passer en revue l&rsquo;actualit\u00e9 des transports franciliens. A l\u2019occasion des Grands Prix de la R\u00e9gion Capitale VR&amp;T 2025, un invit\u00e9 du Prix sp\u00e9cial du jury sera re\u00e7u dans l\u2019\u00e9mission <a href=\"https:\/\/www.france.tv\/france-3\/paris-ile-de-france\/ici-19-20-parigo-l-actu\/\" target=\"_blank\" rel=\"noopener nofollow\" data-tooltip-url=\"https:\/\/www.france.tv\/france-3\/paris-ile-de-france\/ici-19-20-parigo-l-actu\/\">Parigo L\u2019Actu<\/a>, vendredi 14 octobre sur France 3 Paris \u00cele-de-France.<\/p>\n<p>En parall\u00e8le de la c\u00e9r\u00e9monie, une conf\u00e9rence-d\u00e9bat est organis\u00e9e pour \u00e9changer autour du th\u00e8me \u00ab La concurrence dans les transports franciliens : bilan et perspectives \u00bb. Alors que la mise en concurrence est d\u00e9j\u00e0 une r\u00e9alit\u00e9 en grande couronne, les appels d\u2019offres pour Paris intra-muros et les lignes ferroviaires annoncent une transformation en profondeur du paysage des transports. Cette \u00e9volution soul\u00e8ve de nombreux enjeux : nouveaux acteurs, d\u00e9fis organisationnels et attentes des usagers.<\/p>\n<p>Les intervenants :<\/p>\n<ul>\n<li>St\u00e9phane Guenet, Pr\u00e9sident &#8211; Lacroix-Savac<\/li>\n<li>David O\u2019Neill, Directeur marketing et prospective &#8211; Keolis<\/li>\n<li>Xavier L\u00e9ty, Pr\u00e9sident &#8211; RATP Cap \u00cele-de-France<\/li>\n<li>Alain Ribat, Directeur Transilien &#8211; SNCF Voyageurs<\/li>\n<li>Alain Pittavino, Directeur adjoint IDF &#8211; Transdev<\/li>\n<li>Pauline Campergue, Directrice des contrats et de la tarification &#8211; \u00cele-de-France Mobilit\u00e9s<\/li>\n<\/ul>\n<p>Un partenariat au service de la mobilit\u00e9 durable<\/p>\n<p>Ce partenariat entre France 3 Paris \u00cele-de-France et VR&amp;T refl\u00e8te un engagement commun : soutenir l\u2019innovation, promouvoir la mobilit\u00e9 durable et valoriser les acteurs du changement qui transforment chaque jour les transports en \u00cele-de-France.<\/p>\n<p>Pour en savoir plus\u00a0: <a href=\"https:\/\/www.ville-rail-transports.com\/evenement\/13e-grands-prix-de-la-region-capitale\/\" rel=\"noopener noreferrer nofollow\" data-tooltip-url=\"https:\/\/www.ville-rail-transports.com\/evenement\/13e-grands-prix-de-la-region-capitale\/\" target=\"_blank\">https:\/\/www.ville-rail-transports.com\/evenement\/13e-grands-prix-de-la-region-capitale\/<\/a>\u00a0<\/p>\n","protected":false},"excerpt":{"rendered":"Article produit dans le cadre d\u2019un partenariat. La 13\u1d49 \u00e9dition des Grands Prix de la R\u00e9gion Capitale VR&amp;T&hellip;\n","protected":false},"author":2,"featured_media":459633,"comment_status":"","ping_status":"","sticky":false,"template":"","format":"standard","meta":{"footnotes":""},"categories":[1592],"tags":[1111,11,1777,674,1011,27,662,12,626,25],"class_list":{"0":"post-459632","1":"post","2":"type-post","3":"status-publish","4":"format-standard","5":"has-post-thumbnail","7":"category-ile-de-france","8":"tag-actu","9":"tag-actualites","10":"tag-eu","11":"tag-europe","12":"tag-fr","13":"tag-france","14":"tag-ile-de-france","15":"tag-news","16":"tag-paris","17":"tag-republique-francaise"},"share_on_mastodon":{"url":"https:\/\/pubeurope.com\/@fr\/115366425192851231","error":""},"_links":{"self":[{"href":"https:\/\/www.europesays.com\/fr\/wp-json\/wp\/v2\/posts\/459632","targetHints":{"allow":["GET"]}}],"collection":[{"href":"https:\/\/www.europesays.com\/fr\/wp-json\/wp\/v2\/posts"}],"about":[{"href":"https:\/\/www.europesays.com\/fr\/wp-json\/wp\/v2\/types\/post"}],"author":[{"embeddable":true,"href":"https:\/\/www.europesays.com\/fr\/wp-json\/wp\/v2\/users\/2"}],"replies":[{"embeddable":true,"href":"https:\/\/www.europesays.com\/fr\/wp-json\/wp\/v2\/comments?post=459632"}],"version-history":[{"count":0,"href":"https:\/\/www.europesays.com\/fr\/wp-json\/wp\/v2\/posts\/459632\/revisions"}],"wp:featuredmedia":[{"embeddable":true,"href":"https:\/\/www.europesays.com\/fr\/wp-json\/wp\/v2\/media\/459633"}],"wp:attachment":[{"href":"https:\/\/www.europesays.com\/fr\/wp-json\/wp\/v2\/media?parent=459632"}],"wp:term":[{"taxonomy":"category","embeddable":true,"href":"https:\/\/www.europesays.com\/fr\/wp-json\/wp\/v2\/categories?post=459632"},{"taxonomy":"post_tag","embeddable":true,"href":"https:\/\/www.europesays.com\/fr\/wp-json\/wp\/v2\/tags?post=459632"}],"curies":[{"name":"wp","href":"https:\/\/api.w.org\/{rel}","templated":true}]}}