{"id":459636,"date":"2025-10-13T10:39:18","date_gmt":"2025-10-13T10:39:18","guid":{"rendered":"https:\/\/www.europesays.com\/fr\/459636\/"},"modified":"2025-10-13T10:39:18","modified_gmt":"2025-10-13T10:39:18","slug":"avocates-parisiennes-125-ans-de-combats","status":"publish","type":"post","link":"https:\/\/www.europesays.com\/fr\/459636\/","title":{"rendered":"Avocates parisiennes, 125 ans de combats"},"content":{"rendered":"<p>  <img decoding=\"async\" src=\"https:\/\/www.europesays.com\/fr\/wp-content\/uploads\/2025\/10\/COUV FB 820X312.png\" alt=\"\" class=\"align_media_img_left_center\"\/><\/p>\n<p>Du\u00a0vendredi 24 octobre\u00a0au\u00a0mercredi 12 novembre 2025, venez d\u00e9couvrir l&rsquo;exposition gratuite en pleine air\u00a0\u00ab Avocates parisiennes : 125 ans de combats \u00bb sur le parvis de l&rsquo;H\u00f4tel de Ville, Paris 4e.\u00a0<\/p>\n<p>Ouvrir les archives de l\u2019Ordre pour raconter l\u2019histoire des femmes avocates du barreau de Paris, c\u2019est rappeler le chemin parcouru. Une histoire que l\u2019on oublie parfois, tant il serait facile de croire que nos institutions, fond\u00e9es sur le droit, ont d\u2019embl\u00e9e garanti l\u2019\u00e9galit\u00e9 entre les femmes et les hommes. Et pourtant chaque avanc\u00e9e a \u00e9t\u00e9 conquise au prix de difficiles combats. Ces archives en t\u00e9moignent et montrent que, malgr\u00e9 les progr\u00e8s, ces enjeux sont toujours d\u2019actualit\u00e9.<\/p>\n<p>Ces combats, ce sont ceux des femmes avocates \u2013 engag\u00e9es, militantes, d\u00e9termin\u00e9es \u2013 qui ont d\u00fb conqu\u00e9rir leurs droits de haute lutte. De Jeanne Chauvin, premi\u00e8re avocate en 1900, \u00e0 Dominique de la Garanderie, premi\u00e8re femme b\u00e2tonnier en 1997, pr\u00e8s d\u2019un si\u00e8cle s\u2019est \u00e9coul\u00e9 avant qu\u2019elles ne trouvent leur place dans nos institutions, un si\u00e8cle marqu\u00e9 par d\u2019importantes avanc\u00e9es, mais aussi par les railleries, les quolibets et la persistance des clich\u00e9s. Longtemps, l\u2019avocate fut r\u00e9duite \u00e0 une figure secondaire, tenue pour un avocat de moindre valeur.<\/p>\n<p>Cette histoire, c\u2019est aussi celle des femmes dans la soci\u00e9t\u00e9. Leurs combats se confondent en un seul : celui de pouvoir \u00eatre une femme et \u2013 partout \u2013 l\u00e9gitime. Il faut attendre 1922 pour qu\u2019une avocate remporte le prestigieux concours d\u2019\u00e9loquence de la Conf\u00e9rence du barreau de Paris et 1950 pour qu\u2019une femme, Lucile Tinayre-Grenaudier, si\u00e8ge au Conseil de l\u2019Ordre. Il leur fallait encore l\u2019autorisation de leur mari pour exercer. M\u00eame la f\u00e9minisation de leur titre fut contest\u00e9e : en 1978, Gis\u00e8le Halimi recevait une lettre de son b\u00e2tonnier l\u2019enjoignant \u00e0 corriger ce qu\u2019il esp\u00e9rait n\u2019\u00eatre qu\u2019une \u00ab erreur d\u2019impression \u00bb. Il faudra attendre 2022 pour que ce terme soit officiellement reconnu.<\/p>\n<p>Cette exposition, r\u00e9alis\u00e9e \u00e0 l\u2019initiative de Vanessa Bousardo, vice-b\u00e2tonni\u00e8re du barreau, avec le concours du Mus\u00e9e du barreau et de la Ville de Paris, rend hommage \u00e0 ces femmes engag\u00e9es, qui n\u2019ont jamais reni\u00e9 l\u2019id\u00e9al d\u2019\u00e9galit\u00e9 qu\u2019elles portaient, un id\u00e9al qui guide encore, en France comme ailleurs, l\u2019action des avocates, b\u00e2tonni\u00e8res et vice-b\u00e2tonni\u00e8res. Puisse-t-elle \u00e9galement inspirer celles et ceux qui poursuivent cette lutte.<\/p>\n","protected":false},"excerpt":{"rendered":"Du\u00a0vendredi 24 octobre\u00a0au\u00a0mercredi 12 novembre 2025, venez d\u00e9couvrir l&rsquo;exposition gratuite en pleine air\u00a0\u00ab Avocates parisiennes : 125 ans&hellip;\n","protected":false},"author":2,"featured_media":459637,"comment_status":"","ping_status":"","sticky":false,"template":"","format":"standard","meta":{"footnotes":""},"categories":[1888],"tags":[1111,1928,11,1927,1777,674,1011,27,12,1926,626,1925,25],"class_list":{"0":"post-459636","1":"post","2":"type-post","3":"status-publish","4":"format-standard","5":"has-post-thumbnail","7":"category-paris","8":"tag-actu","9":"tag-actu-paris","10":"tag-actualites","11":"tag-actualites-paris","12":"tag-eu","13":"tag-europe","14":"tag-fr","15":"tag-france","16":"tag-news","17":"tag-news-paris","18":"tag-paris","19":"tag-paris-news","20":"tag-republique-francaise"},"share_on_mastodon":{"url":"https:\/\/pubeurope.com\/@fr\/115366433084186336","error":""},"_links":{"self":[{"href":"https:\/\/www.europesays.com\/fr\/wp-json\/wp\/v2\/posts\/459636","targetHints":{"allow":["GET"]}}],"collection":[{"href":"https:\/\/www.europesays.com\/fr\/wp-json\/wp\/v2\/posts"}],"about":[{"href":"https:\/\/www.europesays.com\/fr\/wp-json\/wp\/v2\/types\/post"}],"author":[{"embeddable":true,"href":"https:\/\/www.europesays.com\/fr\/wp-json\/wp\/v2\/users\/2"}],"replies":[{"embeddable":true,"href":"https:\/\/www.europesays.com\/fr\/wp-json\/wp\/v2\/comments?post=459636"}],"version-history":[{"count":0,"href":"https:\/\/www.europesays.com\/fr\/wp-json\/wp\/v2\/posts\/459636\/revisions"}],"wp:featuredmedia":[{"embeddable":true,"href":"https:\/\/www.europesays.com\/fr\/wp-json\/wp\/v2\/media\/459637"}],"wp:attachment":[{"href":"https:\/\/www.europesays.com\/fr\/wp-json\/wp\/v2\/media?parent=459636"}],"wp:term":[{"taxonomy":"category","embeddable":true,"href":"https:\/\/www.europesays.com\/fr\/wp-json\/wp\/v2\/categories?post=459636"},{"taxonomy":"post_tag","embeddable":true,"href":"https:\/\/www.europesays.com\/fr\/wp-json\/wp\/v2\/tags?post=459636"}],"curies":[{"name":"wp","href":"https:\/\/api.w.org\/{rel}","templated":true}]}}