{"id":459670,"date":"2025-10-13T10:58:10","date_gmt":"2025-10-13T10:58:10","guid":{"rendered":"https:\/\/www.europesays.com\/fr\/459670\/"},"modified":"2025-10-13T10:58:10","modified_gmt":"2025-10-13T10:58:10","slug":"p-espargaro-remplacera-vinales-en-australie-et-malaisie","status":"publish","type":"post","link":"https:\/\/www.europesays.com\/fr\/459670\/","title":{"rendered":"P.Espargar\u00f3 remplacera Vi\u00f1ales en Australie et Malaisie"},"content":{"rendered":"<p>Pol Espargar\u00f3 remplacera Maverick Vi\u00f1ales (Red Bull KTM Tech3) aux Grands Prix d&rsquo;Australie et de Malaisie. Cette annonce fait suite \u00e0 la d\u00e9cision du n\u00b012 et de son \u00e9quipe de se concentrer sur sa convalescence afin de renforcer son \u00e9paule gauche, fragilis\u00e9e depuis sa chute au Sachsenring.<\/p>\n<p>Pol Espargar\u00f3 sera en piste pour la troisi\u00e8me fois cette saison, lui qui a d\u00e9j\u00e0 remplac\u00e9 son compatriote en R\u00e9publique tch\u00e8que et en Hongrie. Le pilote d&rsquo;essai de Red Bull KTM travaille dur cette ann\u00e9e et se concentre d\u00e9sormais sur les prochains week-ends de course.<\/p>\n<p><strong>Pol Espargaro :<\/strong> \u00ab Comme je l&rsquo;ai dit lors de mes pr\u00e9c\u00e9dentes participations \u00e0 un Grand Prix, je n&rsquo;aime pas particuli\u00e8rement devoir remplacer un co\u00e9quipier bless\u00e9. Je sais que Maverick a fait des efforts consid\u00e9rables pour continuer \u00e0 rouler, donc la premi\u00e8re chose que je veux dire, c&rsquo;est que j&rsquo;esp\u00e8re que cette absence l&rsquo;aidera \u00e0 acc\u00e9l\u00e9rer son r\u00e9tablissement et qu&rsquo;il pourra revenir d\u00e8s que possible, car on a besoin de lui chez KTM \u00bb.<\/p>\n<p>\u00ab Je rejoins ma famille Tech3 et, comme \u00e0 Brno et au Balaton Park, mon objectif est d&rsquo;aider le projet autant que possible et de profiter au maximum de ces week-ends pour faire progresser notre moto et soutenir les autres pilotes. Phillip Island est un circuit que j&rsquo;aime beaucoup, m\u00eame si \u00e7a fait longtemps que je n&rsquo;y ai pas roul\u00e9. Comme toujours, je vais donner le meilleur de moi-m\u00eame pour que ce week-end soit productif pour tout le monde \u00bb.<\/p>\n","protected":false},"excerpt":{"rendered":"Pol Espargar\u00f3 remplacera Maverick Vi\u00f1ales (Red Bull KTM Tech3) aux Grands Prix d&rsquo;Australie et de Malaisie. Cette annonce&hellip;\n","protected":false},"author":2,"featured_media":331623,"comment_status":"","ping_status":"","sticky":false,"template":"","format":"standard","meta":{"footnotes":""},"categories":[1413],"tags":[1011,27,1457,1456,60,2032],"class_list":{"0":"post-459670","1":"post","2":"type-post","3":"status-publish","4":"format-standard","5":"has-post-thumbnail","7":"category-moto","8":"tag-fr","9":"tag-france","10":"tag-moto","11":"tag-motocycle","12":"tag-sports","13":"tag-text"},"share_on_mastodon":{"url":"https:\/\/pubeurope.com\/@fr\/115366507655000910","error":""},"_links":{"self":[{"href":"https:\/\/www.europesays.com\/fr\/wp-json\/wp\/v2\/posts\/459670","targetHints":{"allow":["GET"]}}],"collection":[{"href":"https:\/\/www.europesays.com\/fr\/wp-json\/wp\/v2\/posts"}],"about":[{"href":"https:\/\/www.europesays.com\/fr\/wp-json\/wp\/v2\/types\/post"}],"author":[{"embeddable":true,"href":"https:\/\/www.europesays.com\/fr\/wp-json\/wp\/v2\/users\/2"}],"replies":[{"embeddable":true,"href":"https:\/\/www.europesays.com\/fr\/wp-json\/wp\/v2\/comments?post=459670"}],"version-history":[{"count":0,"href":"https:\/\/www.europesays.com\/fr\/wp-json\/wp\/v2\/posts\/459670\/revisions"}],"wp:featuredmedia":[{"embeddable":true,"href":"https:\/\/www.europesays.com\/fr\/wp-json\/wp\/v2\/media\/331623"}],"wp:attachment":[{"href":"https:\/\/www.europesays.com\/fr\/wp-json\/wp\/v2\/media?parent=459670"}],"wp:term":[{"taxonomy":"category","embeddable":true,"href":"https:\/\/www.europesays.com\/fr\/wp-json\/wp\/v2\/categories?post=459670"},{"taxonomy":"post_tag","embeddable":true,"href":"https:\/\/www.europesays.com\/fr\/wp-json\/wp\/v2\/tags?post=459670"}],"curies":[{"name":"wp","href":"https:\/\/api.w.org\/{rel}","templated":true}]}}