{"id":459671,"date":"2025-10-13T10:59:10","date_gmt":"2025-10-13T10:59:10","guid":{"rendered":"https:\/\/www.europesays.com\/fr\/459671\/"},"modified":"2025-10-13T10:59:10","modified_gmt":"2025-10-13T10:59:10","slug":"russell-peut-etre-aussi-bon-que-verstappen","status":"publish","type":"post","link":"https:\/\/www.europesays.com\/fr\/459671\/","title":{"rendered":"Russell peut \u00eatre aussi bon que Verstappen !"},"content":{"rendered":"<p itemprop=\"description\">Juan Pablo Montoya estime que Mercedes<br \/>\nn\u2019a pas besoin de recruter Max Verstappen. Selon lui, George<br \/>\nRussell a d\u00e9j\u00e0 tout pour atteindre le m\u00eame niveau que le quadruple<br \/>\nchampion du monde.<\/p>\n<p>L\u2019ancien pilote de F1 Juan Pablo Montoya a cr\u00e9\u00e9 la surprise en<br \/>\naffirmant que George Russell pourrait devenir \u00ab\u00a0aussi bon que<br \/>\nMax Verstappen\u00a0\u00bb\u00a0dans un futur proche. Une d\u00e9claration<br \/>\nforte, surtout venant d\u2019un septuple vainqueur de Grand Prix, qui<br \/>\nvoit en Russell le futur pilier de Mercedes.<\/p>\n<p>Alors que le Britannique r\u00e9alise une <a href=\"https:\/\/f1i.autojournal.fr\/calendrier-f1-2025-dates-horaires-grands-prix\/\" target=\"_blank\" rel=\"noopener\"><br \/>\nsaison F1 2025<\/a> impressionnante, son avenir chez les Fl\u00e8ches<br \/>\nd\u2019Argent reste flou. Les discussions autour d\u2019un nouveau contrat<br \/>\ns\u2019\u00e9ternisent, malgr\u00e9 ses performances remarqu\u00e9es depuis le d\u00e9but de<br \/>\nla saison. Ce flou s\u2019expliquerait en partie par la strat\u00e9gie de<br \/>\nToto Wolff, encore attentif \u00e0 une \u00e9ventuelle opportunit\u00e9 d\u2019attirer<br \/>\nVerstappen, bien que le N\u00e9erlandais ait confirm\u00e9 son engagement<br \/>\nchez Red Bull pour l\u2019instant.<\/p>\n<p>Wolff joue la prudence, Montoya y voit une erreur<\/p>\n<p>Depuis plusieurs mois, le patron de Mercedes temporise. La<br \/>\nrumeur d\u2019un transfert de Verstappen continue d\u2019alimenter le<br \/>\npaddock, et Wolff ne ferme pas la porte \u00e0 un coup de th\u00e9\u00e2tre avant<br \/>\nle nouveau r\u00e8glement du <a href=\"https:\/\/f1i.autojournal.fr\/calendrier-f1-2026-dates-horaires-grands-prix\/\" target=\"_blank\" rel=\"noopener\"><br \/>\ncalendrier F1 2026<\/a>. Mais pour Montoya, cette approche est<br \/>\ninutile : l\u2019\u00e9quipe a d\u00e9j\u00e0 ce qu\u2019il lui faut en interne.<\/p>\n<p>\u00ab\u00a0Je ne sais pas ce que Toto pense, mais George montre<br \/>\nclairement qu\u2019ils n\u2019ont pas besoin de Max, car ils ont d\u00e9j\u00e0<br \/>\nquelqu\u2019un d\u2019aussi bon, a expliqu\u00e9 Montoya dans son podcast<br \/>\nMontoyAS. Tout ce que cette situation montre, c\u2019est que Russell<br \/>\nest la personne \u00e0 s\u00e9curiser pour l\u2019avenir.\u00a0\u00bb<\/p>\n<p>Mercedes, qui a rarement offert des contrats longue dur\u00e9e \u00e0 ses<br \/>\npilotes, semble toutefois h\u00e9siter \u00e0 s\u2019engager pleinement avec<br \/>\nRussell sur plusieurs saisons. Un signe que Wolff garde une porte<br \/>\nouverte \u00e0 d\u2019autres sc\u00e9narios, notamment en cas de disponibilit\u00e9 du<br \/>\nchampion n\u00e9erlandais \u00e0 l&rsquo;horizon 2027.<\/p>\n<p>Russell force la main \u00e0 Mercedes<\/p>\n<p>Pour Montoya, il n\u2019y a plus de d\u00e9bat. George Russell, auteur de<br \/>\ndeux victoires cette saison, dont une \u00e9clatante \u00e0 Singapour, a<br \/>\nprouv\u00e9 qu\u2019il pouvait gagner avec une voiture th\u00e9oriquement<br \/>\ninf\u00e9rieure.<\/p>\n<p>\u00ab\u00a0La fa\u00e7on dont il pilote pousse Mercedes dans ses<br \/>\nretranchements. Ils vont devoir lui donner ce qu\u2019il demande, aussi<br \/>\nd&rsquo;un point de vue financier\u00a0\u00bb estime le Colombien.<\/p>\n<p>Face \u00e0 lui, le jeune Kimi Antonelli, prot\u00e9g\u00e9 de Mercedes,<br \/>\nincarne l\u2019avenir \u00e0 long terme de l\u2019\u00e9curie. Mais \u00e0 court terme,<br \/>\nMontoya est cat\u00e9gorique : Russell m\u00e9rite d\u2019\u00eatre la priorit\u00e9 absolue<br \/>\nde Toto Wolff.<\/p>\n<p>En clair, selon Montoya, Mercedes n\u2019a pas besoin de Verstappen<br \/>\npour redevenir championne du monde : le successeur est d\u00e9j\u00e0 dans le<br \/>\ngarage de Brackley.<\/p>\n","protected":false},"excerpt":{"rendered":"Juan Pablo Montoya estime que Mercedes n\u2019a pas besoin de recruter Max Verstappen. Selon lui, George Russell a&hellip;\n","protected":false},"author":2,"featured_media":459672,"comment_status":"","ping_status":"","sticky":false,"template":"","format":"standard","meta":{"footnotes":""},"categories":[1412],"tags":[1451,1452,1453,1454,1455,1011,27,9124,58434,2236,60],"class_list":{"0":"post-459671","1":"post","2":"type-post","3":"status-publish","4":"format-standard","5":"has-post-thumbnail","7":"category-f1","8":"tag-f1","9":"tag-formula-1","10":"tag-formula1","11":"tag-formule-1","12":"tag-formule1","13":"tag-fr","14":"tag-france","15":"tag-george-russell","16":"tag-juan-pablo-montoya","17":"tag-max-verstappen","18":"tag-sports"},"share_on_mastodon":{"url":"https:\/\/pubeurope.com\/@fr\/115366511538976682","error":""},"_links":{"self":[{"href":"https:\/\/www.europesays.com\/fr\/wp-json\/wp\/v2\/posts\/459671","targetHints":{"allow":["GET"]}}],"collection":[{"href":"https:\/\/www.europesays.com\/fr\/wp-json\/wp\/v2\/posts"}],"about":[{"href":"https:\/\/www.europesays.com\/fr\/wp-json\/wp\/v2\/types\/post"}],"author":[{"embeddable":true,"href":"https:\/\/www.europesays.com\/fr\/wp-json\/wp\/v2\/users\/2"}],"replies":[{"embeddable":true,"href":"https:\/\/www.europesays.com\/fr\/wp-json\/wp\/v2\/comments?post=459671"}],"version-history":[{"count":0,"href":"https:\/\/www.europesays.com\/fr\/wp-json\/wp\/v2\/posts\/459671\/revisions"}],"wp:featuredmedia":[{"embeddable":true,"href":"https:\/\/www.europesays.com\/fr\/wp-json\/wp\/v2\/media\/459672"}],"wp:attachment":[{"href":"https:\/\/www.europesays.com\/fr\/wp-json\/wp\/v2\/media?parent=459671"}],"wp:term":[{"taxonomy":"category","embeddable":true,"href":"https:\/\/www.europesays.com\/fr\/wp-json\/wp\/v2\/categories?post=459671"},{"taxonomy":"post_tag","embeddable":true,"href":"https:\/\/www.europesays.com\/fr\/wp-json\/wp\/v2\/tags?post=459671"}],"curies":[{"name":"wp","href":"https:\/\/api.w.org\/{rel}","templated":true}]}}