{"id":459676,"date":"2025-10-13T11:02:11","date_gmt":"2025-10-13T11:02:11","guid":{"rendered":"https:\/\/www.europesays.com\/fr\/459676\/"},"modified":"2025-10-13T11:02:11","modified_gmt":"2025-10-13T11:02:11","slug":"canal-bouleverse-sa-grille-de-programmes","status":"publish","type":"post","link":"https:\/\/www.europesays.com\/fr\/459676\/","title":{"rendered":"Canal+ bouleverse sa grille de programmes"},"content":{"rendered":"<p>    Diane Keaton.<br \/>\n                Bauer-Griffin\/INSTARImages\/ABACA.<\/p>\n<p>\n    Cin\u00e9+ Frisson rediffusera ce mardi 14 octobre la trilogie Le Parrain, en hommage \u00e0 l\u2019actrice d\u00e9c\u00e9d\u00e9e \u00e0 l\u2019\u00e2ge de 79 ans, en Californie.<\/p>\n<p class=\"fig-paragraph\">La com\u00e9dienne et r\u00e9alisatrice am\u00e9ricaine\u00a0<a href=\"http:\/\/www.lefigaro.fr\/culture\/diane-keaton-adieu-chere-annie-hall-20251012\" target=\"_blank\" data-fig-type=\"Article\" rel=\"noopener\" data-gtm-custom-categorie=\"navigation\" data-gtm-custom-action=\"crossclick\" data-gtm-custom-label=\"Contextuel\" data-gtm-event=\"customEventSPE\" data-fig-domain=\"LEFIGARO\"><strong>Diane Keaton<\/strong><\/a> \u00a0est d\u00e9c\u00e9d\u00e9e \u00e0 l\u2019\u00e2ge de 79 ans, comme l\u2019a annonc\u00e9 un porte-parole de la famille au magazine\u00a0<a href=\"https:\/\/people.com\/diane-keaton-dead-oscar-winning-actress-dies-at-79-exclusive-8603118\" target=\"_blank\" rel=\"noopener\" data-gtm-custom-categorie=\"navigation\" data-gtm-custom-action=\"crossclick\" data-gtm-custom-label=\"Contextuel\" data-gtm-event=\"customEventSPE\">People<\/a>, ce samedi 11 octobre. \u00abActrice singuli\u00e8re \u00e0 l\u2019\u00e9l\u00e9gance discr\u00e8te, Diane Keaton a marqu\u00e9 plusieurs g\u00e9n\u00e9rations de spectateurs par sa libert\u00e9 de ton, son style unique et une filmographie impressionnante\u00bb, \u00e9crit\u00a0<a href=\"https:\/\/tvmag.lefigaro.fr\/programme-tv\/chaine\/34\/tous-les-programmes-de-canal\" target=\"_blank\" rel=\"noopener\" data-gtm-custom-categorie=\"navigation\" data-gtm-custom-action=\"crossclick\" data-gtm-custom-label=\"Contextuel\" data-gtm-event=\"customEventSPE\">Canal+<\/a>\u00a0dans un communiqu\u00e9 qui a d\u00e9cid\u00e9 de bouleverser sa programmation en son hommage.<\/p>\n<p class=\"fig-paragraph\">Ainsi, sur Cin\u00e9+ Frisson d\u00e8s 20 h 50, les t\u00e9l\u00e9spectateurs pourront voir ou revoir les trois volets du Parrain. \u00abDans cette trilogie mythique, Diane Keaton incarne Kay Adams, compagne puis \u00e9pouse de Michael Corleone. T\u00e9moin de l\u2019ascension et de la chute du clan Corleone, elle incarne avec finesse une femme prise entre amour, d\u00e9sillusion et r\u00e9volte face au monde impitoyable de la mafia. Un r\u00f4le cl\u00e9 dans l\u2019une des plus grandes fresques du cin\u00e9ma am\u00e9ricain\u00bb, pr\u00e9sente le groupe.<\/p>\n<p>                                    <a class=\"fig-a11y-skip a11y-hidden\" href=\"#fig-a11y-skip-main-inarticle\"><br \/>\n        Passer la publicit\u00e9<br \/>\n    <\/a><\/p>\n<p class=\"fig-paragraph\">Les abonn\u00e9s de Canal+ pourront \u00e9galement une partie de la filmographie de Diane Keaton. En effet, sur l\u2019App Canal+ figurent Morning Glory de\u00a0<a href=\"https:\/\/www.lefigaro.fr\/tag\/roger-michell\" target=\"_blank\" rel=\"noopener\" data-gtm-custom-categorie=\"navigation\" data-gtm-custom-action=\"crossclick\" data-gtm-custom-label=\"Contextuel\" data-gtm-event=\"customEventSPE\">Roger Michell<\/a>, Ruth et Alex de Richard Loncraine, Le club des ex de Hugh Wilson, la Cr\u00e9ation Originale\u00a0<a href=\"https:\/\/tvmag.lefigaro.fr\/programme-tv\/programme\/the-young-pope-f23508662\" target=\"_blank\" rel=\"noopener\" data-gtm-custom-categorie=\"navigation\" data-gtm-custom-action=\"crossclick\" data-gtm-custom-label=\"Contextuel\" data-gtm-event=\"customEventSPE\">The Young Pope<\/a> \u00a0de Paolo Sorrentino. D\u2019autres films suivront, pr\u00e9cise le communiqu\u00e9 du groupe.<\/p>\n<p class=\"fig-body-link\">\n            \u00c0 lire aussi<br \/>\n        <a class=\"fig-body-link__link\" href=\"http:\/\/www.lefigaro.fr\/cinema\/le-parrain-annie-hall-manhattan-le-talent-et-l-humour-de-diane-keaton-rembobines-en-cinq-films-20251013\" target=\"_blank\" data-fig-type=\"NewsFlash\" rel=\"noopener\" data-gtm-custom-categorie=\"navigation\" data-gtm-custom-action=\"crossclick\" data-gtm-custom-label=\"Contextuel\" data-gtm-event=\"customEventSPE\" data-fig-domain=\"LEFIGARO\">Le Parrain, Annie Hall, Manhattan&#8230; Le talent et l\u2019humour de Diane Keaton rembobin\u00e9s en cinq films<br \/>\n    <\/a>\n<\/p>\n<p class=\"fig-paragraph\">L\u2019actrice\u00a0<a href=\"https:\/\/www.lefigaro.fr\/tag\/reese-witherspoon\" target=\"_blank\" rel=\"noopener\" data-gtm-custom-categorie=\"navigation\" data-gtm-custom-action=\"crossclick\" data-gtm-custom-label=\"Contextuel\" data-gtm-event=\"customEventSPE\">Reese Witherspoon<\/a>, actuellement \u00e0 l\u2019affiche de la s\u00e9rie\u00a0<a href=\"http:\/\/tvmag.lefigaro.fr\/programme-tv\/series\/the-morning-show-un-milliardaire-convoite-les-stars-du-petit-ecran-20230913\" target=\"_blank\" data-fig-type=\"Article\" rel=\"noopener\" data-gtm-custom-categorie=\"navigation\" data-gtm-custom-action=\"crossclick\" data-gtm-custom-label=\"Contextuel\" data-gtm-event=\"customEventSPE\" data-fig-domain=\"TVMAG\">The Morning Show<\/a> \u00a0aux c\u00f4t\u00e9s de\u00a0<a href=\"https:\/\/www.lefigaro.fr\/tag\/marion-cotillard\" target=\"_blank\" rel=\"noopener\" data-gtm-custom-categorie=\"navigation\" data-gtm-custom-action=\"crossclick\" data-gtm-custom-label=\"Contextuel\" data-gtm-event=\"customEventSPE\">Marion Cotillard<\/a>, est revenue sur sa premi\u00e8re rencontre avec Diane Keaton, \u00e0 l\u2019occasion d\u2019un \u00e9v\u00e8nement organis\u00e9 par sa compagnie Hello Sunshine, le 10 octobre dernier. \u00abJ\u2019avais 15 ans, je venais de Nashville, Tennessee, et je ne connaissais personne. J\u2019ai auditionn\u00e9 pour elle. Je suis arriv\u00e9e avec un fort accent country, je jouais une petite fille du Sud, et elle m\u2019a demand\u00e9\u00a0: \u201cTu inventes \u00e7a\u00a0? Cet accent que tu fais\u00a0?\u201d Et j\u2019ai r\u00e9pondu\u00a0: \u201cNon, Madame. Je viens vraiment de Nashville, dans le Tennessee, et je suis ici parce que j\u2019aimerais \u00eatre dans votre film\u201d\u00bb. Ce qui lui a r\u00e9ussi, puisque Diane Keaton lui avait r\u00e9pondu\u00a0: \u00abTu es embauch\u00e9e aujourd\u2019hui, demain, et le jour d\u2019apr\u00e8s. Je ne sais pas qui tu es, mais je suis tr\u00e8s contente de t\u2019avoir\u00bb.<\/p>\n","protected":false},"excerpt":{"rendered":"Diane Keaton. Bauer-Griffin\/INSTARImages\/ABACA. Cin\u00e9+ Frisson rediffusera ce mardi 14 octobre la trilogie Le Parrain, en hommage \u00e0 l\u2019actrice&hellip;\n","protected":false},"author":2,"featured_media":459677,"comment_status":"","ping_status":"","sticky":false,"template":"","format":"standard","meta":{"footnotes":""},"categories":[1359],"tags":[10474,58208,58,59,1011,27,973],"class_list":{"0":"post-459676","1":"post","2":"type-post","3":"status-publish","4":"format-standard","5":"has-post-thumbnail","7":"category-people","8":"tag-canal","9":"tag-diane-keaton","10":"tag-divertissement","11":"tag-entertainment","12":"tag-fr","13":"tag-france","14":"tag-people"},"share_on_mastodon":{"url":"https:\/\/pubeurope.com\/@fr\/115366523497524567","error":""},"_links":{"self":[{"href":"https:\/\/www.europesays.com\/fr\/wp-json\/wp\/v2\/posts\/459676","targetHints":{"allow":["GET"]}}],"collection":[{"href":"https:\/\/www.europesays.com\/fr\/wp-json\/wp\/v2\/posts"}],"about":[{"href":"https:\/\/www.europesays.com\/fr\/wp-json\/wp\/v2\/types\/post"}],"author":[{"embeddable":true,"href":"https:\/\/www.europesays.com\/fr\/wp-json\/wp\/v2\/users\/2"}],"replies":[{"embeddable":true,"href":"https:\/\/www.europesays.com\/fr\/wp-json\/wp\/v2\/comments?post=459676"}],"version-history":[{"count":0,"href":"https:\/\/www.europesays.com\/fr\/wp-json\/wp\/v2\/posts\/459676\/revisions"}],"wp:featuredmedia":[{"embeddable":true,"href":"https:\/\/www.europesays.com\/fr\/wp-json\/wp\/v2\/media\/459677"}],"wp:attachment":[{"href":"https:\/\/www.europesays.com\/fr\/wp-json\/wp\/v2\/media?parent=459676"}],"wp:term":[{"taxonomy":"category","embeddable":true,"href":"https:\/\/www.europesays.com\/fr\/wp-json\/wp\/v2\/categories?post=459676"},{"taxonomy":"post_tag","embeddable":true,"href":"https:\/\/www.europesays.com\/fr\/wp-json\/wp\/v2\/tags?post=459676"}],"curies":[{"name":"wp","href":"https:\/\/api.w.org\/{rel}","templated":true}]}}