{"id":459678,"date":"2025-10-13T11:03:11","date_gmt":"2025-10-13T11:03:11","guid":{"rendered":"https:\/\/www.europesays.com\/fr\/459678\/"},"modified":"2025-10-13T11:03:11","modified_gmt":"2025-10-13T11:03:11","slug":"jai-relu-trois-fois-le-mail-pour-etre-bien-sur-un-francais-finaliste-du-wildlife-photographer-of-the-year-2","status":"publish","type":"post","link":"https:\/\/www.europesays.com\/fr\/459678\/","title":{"rendered":"\u00ab J\u2019ai relu trois fois le mail pour \u00eatre bien s\u00fbr \u00bb\u2026 Un Fran\u00e7ais finaliste du Wildlife Photographer of the Year"},"content":{"rendered":"<p class=\"mb-4 text-lg md:leading-8 break-words\"><strong>interview &#8211; Le photographe fran\u00e7ais Emmanuel Tardy figure parmi les cent finalistes du prestigieux prix de photographie naturaliste organis\u00e9 chaque ann\u00e9e par le Natural History Museum de Londres<\/strong><\/p>\n<p class=\"mb-4 text-lg md:leading-8 break-words\">C\u2019est la s\u00e9lection dont r\u00eave tout <a href=\"https:\/\/www.20minutes.fr\/dossier\/photo?at_medium=RSS%20feed&amp;at_campaign=ynews&amp;utm_source=yahoo&amp;utm_medium=rss&amp;utm_campaign=news_feed&amp;utm_content=in_article_link\" rel=\"nofollow noopener\" target=\"_blank\" data-ylk=\"slk:photographe;elm:context_link;itc:0;sec:content-canvas\" class=\"link \">photographe <\/a>naturaliste. En attendant de savoir s\u2019il fera partie des grands gagnants le 14\u00a0octobre, Emmanuel Tardy, 57 ans, a d\u00e9j\u00e0 le privil\u00e8ge d\u2019avoir \u00e9t\u00e9 s\u00e9lectionn\u00e9 comme finaliste du <a href=\"https:\/\/www.nhm.ac.uk\/wpy?at_medium=RSS%20feed&amp;at_campaign=ynews&amp;utm_source=yahoo&amp;utm_medium=rss&amp;utm_campaign=news_feed&amp;utm_content=in_article_link\" rel=\"nofollow noopener\" target=\"_blank\" data-ylk=\"slk:Wildlife Photographer of the Year;elm:context_link;itc:0;sec:content-canvas\" class=\"link \">Wildlife Photographer of the Year<\/a> parmi les 60.636 photographies envoy\u00e9es depuis les quatre coins du monde. C\u2019est une photo de paresseux, accroch\u00e9 \u00e0 un piquet de fil barbel\u00e9, au <a href=\"https:\/\/www.20minutes.fr\/dossier\/costa_rica?at_medium=RSS%20feed&amp;at_campaign=ynews&amp;utm_source=yahoo&amp;utm_medium=rss&amp;utm_campaign=news_feed&amp;utm_content=in_article_link\" rel=\"nofollow noopener\" target=\"_blank\" data-ylk=\"slk:Costa Rica;elm:context_link;itc:0;sec:content-canvas\" class=\"link \">Costa Rica<\/a> qui a retenu l\u2019attention du jury de ce prix organis\u00e9 par le Natural History Museum de Londres<\/p>\n<p>Que peut-on voir sur la photo s\u00e9lectionn\u00e9e\u00a0?<\/p>\n<p class=\"mb-4 text-lg md:leading-8 break-words\">C\u2019est un <a href=\"https:\/\/www.20minutes.fr\/loisirs\/4059272-20231025-quoi-ressemble-vie-paresseux?at_medium=RSS%20feed&amp;at_campaign=ynews&amp;utm_source=yahoo&amp;utm_medium=rss&amp;utm_campaign=news_feed&amp;utm_content=in_article_link\" rel=\"nofollow noopener\" target=\"_blank\" data-ylk=\"slk:paresseux;elm:context_link;itc:0;sec:content-canvas\" class=\"link \">paresseux<\/a> qui est accroch\u00e9 \u00e0 un poteau en ciment avec du fil de fer barbel\u00e9. Cette image repr\u00e9sente le contraste entre le monde sauvage et le monde domestique cr\u00e9\u00e9 par les hommes. Et on voit dans le prolongement de cette image, dans la profondeur de champ, un chemin qui m\u00e8ne vers la civilisation. Donc c\u2019est un animal sauvage perdu au milieu de la civilisation et il n\u2019a rien \u00e0 faire l\u00e0 en fait.<\/p>\n<p>Quelles sont les circonstances de la prise de vue\u00a0?<\/p>\n<p class=\"mb-4 text-lg md:leading-8 break-words\">C\u2019est une photo d\u2019opportunit\u00e9, je n\u2019ai pas cherch\u00e9 \u00e0 faire ce type d\u2019image. J\u2019\u00e9tais en vacances au Costa Rica avec mon \u00e9pouse et, sur la route, on est arriv\u00e9 dans un embouteillage pas tr\u00e8s loin de la Fortuna, l\u00e0 o\u00f9 on allait. On \u00e9tait coinc\u00e9 parmi d\u2019autres v\u00e9hicules et le bouche-\u00e0-oreille disait qu\u2019un paresseux \u00e9tait en train de traverser la route. Et effectivement quand on est arriv\u00e9 \u00e0 sa hauteur, on a vu pas mal d\u2019agitations, pas mal de monde qui \u00e9tait sorti de son v\u00e9hicule pour pouvo(&#8230;)<\/p>\n<p class=\"mb-4 text-lg md:leading-8 break-words\"><a href=\"https:\/\/www.20minutes.fr\/arts-stars\/culture\/4175308-20251013-relu-trois-fois-mail-etre-bien-francais-finaliste-wildlife-photographer-of-the-year?at_medium=RSS%20feed&amp;at_campaign=ynews&amp;utm_source=yahoo&amp;utm_medium=rss&amp;utm_campaign=news_feed&amp;utm_content=read_more_link&quot;\" rel=\"nofollow noopener\" target=\"_blank\" data-ylk=\"slk:Lire la suite sur 20minutes;elm:context_link;itc:0;sec:content-canvas\" class=\"link \">Lire la suite sur 20minutes<\/a><\/p>\n<p>\u00c0 lire aussi :<br \/><a href=\"https:\/\/www.20minutes.fr\/arts-stars\/medias\/4058355-20231018-fascine-fond-mer-mysteres-confie-laureat-plus-belle-photo-animaliere-2023?at_medium=RSS%20feed&amp;at_campaign=ynews&amp;utm_source=yahoo&amp;utm_medium=rss&amp;utm_campaign=news_feed&amp;utm_content=related_content_link\" rel=\"nofollow noopener\" target=\"_blank\" data-ylk=\"slk:\u00ab\u00a0Ce qui me fascine au fond de la mer, ce sont ses myst\u00e8res\u00a0\u00bb, confie le laur\u00e9at de la plus belle photo animali\u00e8re 2023;elm:context_link;itc:0;sec:content-canvas\" class=\"link \">\u00ab\u00a0Ce qui me fascine au fond de la mer, ce sont ses myst\u00e8res\u00a0\u00bb, confie le laur\u00e9at de la plus belle photo animali\u00e8re 2023<\/a><br \/><a href=\"https:\/\/www.20minutes.fr\/planete\/3147899-20211014-montpellier-laurent-ballesta-remporte-prix-wildlife-photographe-annee?at_medium=RSS%20feed&amp;at_campaign=ynews&amp;utm_source=yahoo&amp;utm_medium=rss&amp;utm_campaign=news_feed&amp;utm_content=related_content_link\" rel=\"nofollow noopener\" target=\"_blank\" data-ylk=\"slk:Montpellier : Laurent Ballesta remporte le prix Wildlife du photographe de l&#039;ann\u00e9e;elm:context_link;itc:0;sec:content-canvas\" class=\"link \">Montpellier : Laurent Ballesta remporte le prix Wildlife du photographe de l&rsquo;ann\u00e9e<\/a><\/p>\n","protected":false},"excerpt":{"rendered":"interview &#8211; Le photographe fran\u00e7ais Emmanuel Tardy figure parmi les cent finalistes du prestigieux prix de photographie naturaliste&hellip;\n","protected":false},"author":2,"featured_media":459679,"comment_status":"","ping_status":"","sticky":false,"template":"","format":"standard","meta":{"footnotes":""},"categories":[1358],"tags":[1348,1384,1385,1386,58,58437,59,1011,27,7243,58435,58438,58436],"class_list":{"0":"post-459678","1":"post","2":"type-post","3":"status-publish","4":"format-standard","5":"has-post-thumbnail","7":"category-arts-et-design","8":"tag-arts","9":"tag-arts-and-design","10":"tag-arts-et-design","11":"tag-design","12":"tag-divertissement","13":"tag-emmanuel-tardy","14":"tag-entertainment","15":"tag-fr","16":"tag-france","17":"tag-le-monde","18":"tag-natural-history-museum-de-londres","19":"tag-photographe-francais","20":"tag-vacances-au-costa-rica"},"share_on_mastodon":{"url":"https:\/\/pubeurope.com\/@fr\/115366527291462515","error":""},"_links":{"self":[{"href":"https:\/\/www.europesays.com\/fr\/wp-json\/wp\/v2\/posts\/459678","targetHints":{"allow":["GET"]}}],"collection":[{"href":"https:\/\/www.europesays.com\/fr\/wp-json\/wp\/v2\/posts"}],"about":[{"href":"https:\/\/www.europesays.com\/fr\/wp-json\/wp\/v2\/types\/post"}],"author":[{"embeddable":true,"href":"https:\/\/www.europesays.com\/fr\/wp-json\/wp\/v2\/users\/2"}],"replies":[{"embeddable":true,"href":"https:\/\/www.europesays.com\/fr\/wp-json\/wp\/v2\/comments?post=459678"}],"version-history":[{"count":0,"href":"https:\/\/www.europesays.com\/fr\/wp-json\/wp\/v2\/posts\/459678\/revisions"}],"wp:featuredmedia":[{"embeddable":true,"href":"https:\/\/www.europesays.com\/fr\/wp-json\/wp\/v2\/media\/459679"}],"wp:attachment":[{"href":"https:\/\/www.europesays.com\/fr\/wp-json\/wp\/v2\/media?parent=459678"}],"wp:term":[{"taxonomy":"category","embeddable":true,"href":"https:\/\/www.europesays.com\/fr\/wp-json\/wp\/v2\/categories?post=459678"},{"taxonomy":"post_tag","embeddable":true,"href":"https:\/\/www.europesays.com\/fr\/wp-json\/wp\/v2\/tags?post=459678"}],"curies":[{"name":"wp","href":"https:\/\/api.w.org\/{rel}","templated":true}]}}