{"id":459696,"date":"2025-10-13T11:12:17","date_gmt":"2025-10-13T11:12:17","guid":{"rendered":"https:\/\/www.europesays.com\/fr\/459696\/"},"modified":"2025-10-13T11:12:17","modified_gmt":"2025-10-13T11:12:17","slug":"nexans-julien-hueber-nomme-dg-pour-remplacer-christopher-guerin-le-titre-chute-13-10-2025-a-1208","status":"publish","type":"post","link":"https:\/\/www.europesays.com\/fr\/459696\/","title":{"rendered":"Nexans: Julien Hueber nomm\u00e9 DG pour remplacer Christopher Gu\u00e9rin, le titre chute &#8211; 13\/10\/2025 \u00e0 12:08"},"content":{"rendered":"<p>        <img fetchpriority=\"high\" decoding=\"async\" src=\"https:\/\/www.europesays.com\/fr\/wp-content\/uploads\/2025\/10\/a7d0e25bf886cac6c00febc5a2e86dfb-760x507.jpg\" alt=\"Un logo de Nexans est visible sur son stand, au Rexel Expo, au centre d'exposition de la Porte de Versailles \u00e0 Paris\" loading=\"eager\" width=\"760\" height=\"507\" style=\"max-width: 100%!important; height: auto;\"\/><\/p>\n<p class=\"c-image-news__legend\">Un logo de Nexans est visible sur son stand, au Rexel Expo, au centre d&rsquo;exposition de la Porte de Versailles \u00e0 Paris<\/p>\n<p>\n Nexans chute en Bourse lundi apr\u00e8s la nomination \u00e0 effet imm\u00e9diat de Julien Hueber au poste de directeur g\u00e9n\u00e9ral du groupe, le sp\u00e9cialiste des c\u00e2bles industriels ayant par ailleurs annonc\u00e9 sa d\u00e9cision de se s\u00e9parer de son pr\u00e9d\u00e9cesseur Christopher Gu\u00e9rin.\n<\/p>\n<p>\n \u00ab\u00a0Le conseil d&rsquo;administration souhaite cr\u00e9er une nouvelle dynamique afin d&rsquo;optimiser davantage les performances tout en mettant en \u0153uvre la feuille de route pr\u00e9sent\u00e9e lors du dernier Capital Market Day\u00a0\u00bb, selon un communiqu\u00e9.\n<\/p>\n<p>\n Christopher Gu\u00e9rin, \u00e0 la t\u00eate de Nexans depuis sept ans, \u00ab\u00a0sera \u00e0 la disposition\u00a0\u00bb de son successeur jusqu&rsquo;au 31 octobre.\n<\/p>\n<p>\n A la Bourse de Paris, vers 08h45 GMT, le titre reculait de 8,7% \u00e0 115,5 euros, contre un gain de 0,53% pour le SBF120 au m\u00eame moment.\n<\/p>\n<p>\n \u00ab\u00a0Ce changement soudain de DG risque de cr\u00e9er de l&rsquo;incertitude, au moins jusqu&rsquo;\u00e0 ce que les raisons sous-jacentes de cette d\u00e9cision soient clarifi\u00e9es\u00a0\u00bb, a \u00e9crit Matteo Bonizzoni, analyste chez Kepler Cheuvreux, dans une note.\n<\/p>\n<p>\n Directeur g\u00e9n\u00e9ral ex\u00e9cutif de PWR Grid &amp; Connect Europe et membre du comit\u00e9 ex\u00e9cutif depuis 2018, Julien Hueber a rejoint Nexans en 2002, selon le communiqu\u00e9.\n<\/p>\n<p>\n \u00ab\u00a0Il poss\u00e8de une solide exp\u00e9rience dans les domaines de la cha\u00eene d\u2019approvisionnement et des achats, une connaissance approfondie de la r\u00e9gion Asie-Pacifique et notamment de la Chine et de la Cor\u00e9e du Sud\u00a0\u00bb, ajoute le communiqu\u00e9.\n<\/p>\n<p>\n Plus de pr\u00e9cisions pourraient \u00eatre apport\u00e9es le 23 octobre, selon l&rsquo;analyste, lors de la publication des r\u00e9sultats du troisi\u00e8me trimestre.\n<\/p>\n<p>\n (R\u00e9dig\u00e9 par Coralie Lamarque, avec Mathias de Rozario et J\u00e9r\u00f4me Terroy ; \u00e9dit\u00e9 par Augustin Turpin)<\/p>\n","protected":false},"excerpt":{"rendered":"Un logo de Nexans est visible sur son stand, au Rexel Expo, au centre d&rsquo;exposition de la Porte&hellip;\n","protected":false},"author":2,"featured_media":459697,"comment_status":"","ping_status":"","sticky":false,"template":"","format":"standard","meta":{"footnotes":""},"categories":[6],"tags":[400,398,408,35,405,33,34,1011,27,403,402,399,404,401,406,407],"class_list":{"0":"post-459696","1":"post","2":"type-post","3":"status-publish","4":"format-standard","5":"has-post-thumbnail","7":"category-economie","8":"tag-action-cac-40","9":"tag-bourse-de-paris","10":"tag-boursorama","11":"tag-business","12":"tag-cotations","13":"tag-economie","14":"tag-economy","15":"tag-fr","16":"tag-france","17":"tag-indices-devises","18":"tag-investir","19":"tag-investissement","20":"tag-marche-boursier","21":"tag-sicav","22":"tag-trackers","23":"tag-warrants"},"share_on_mastodon":{"url":"https:\/\/pubeurope.com\/@fr\/115366563047684591","error":""},"_links":{"self":[{"href":"https:\/\/www.europesays.com\/fr\/wp-json\/wp\/v2\/posts\/459696","targetHints":{"allow":["GET"]}}],"collection":[{"href":"https:\/\/www.europesays.com\/fr\/wp-json\/wp\/v2\/posts"}],"about":[{"href":"https:\/\/www.europesays.com\/fr\/wp-json\/wp\/v2\/types\/post"}],"author":[{"embeddable":true,"href":"https:\/\/www.europesays.com\/fr\/wp-json\/wp\/v2\/users\/2"}],"replies":[{"embeddable":true,"href":"https:\/\/www.europesays.com\/fr\/wp-json\/wp\/v2\/comments?post=459696"}],"version-history":[{"count":0,"href":"https:\/\/www.europesays.com\/fr\/wp-json\/wp\/v2\/posts\/459696\/revisions"}],"wp:featuredmedia":[{"embeddable":true,"href":"https:\/\/www.europesays.com\/fr\/wp-json\/wp\/v2\/media\/459697"}],"wp:attachment":[{"href":"https:\/\/www.europesays.com\/fr\/wp-json\/wp\/v2\/media?parent=459696"}],"wp:term":[{"taxonomy":"category","embeddable":true,"href":"https:\/\/www.europesays.com\/fr\/wp-json\/wp\/v2\/categories?post=459696"},{"taxonomy":"post_tag","embeddable":true,"href":"https:\/\/www.europesays.com\/fr\/wp-json\/wp\/v2\/tags?post=459696"}],"curies":[{"name":"wp","href":"https:\/\/api.w.org\/{rel}","templated":true}]}}