{"id":459708,"date":"2025-10-13T11:18:10","date_gmt":"2025-10-13T11:18:10","guid":{"rendered":"https:\/\/www.europesays.com\/fr\/459708\/"},"modified":"2025-10-13T11:18:10","modified_gmt":"2025-10-13T11:18:10","slug":"en-controlant-une-voiture-mal-garee-la-police-fait-une-decouverte-inattendue-dans-le-coffre","status":"publish","type":"post","link":"https:\/\/www.europesays.com\/fr\/459708\/","title":{"rendered":"en contr\u00f4lant une voiture mal gar\u00e9e, la police fait une d\u00e9couverte inattendue dans le coffre"},"content":{"rendered":"<p>            Par<br \/>\n        <strong><br \/>\n            <a href=\"https:\/\/actu.fr\/auteur\/pierre-emile-bouchy-actu-fr\" title=\"Consulter tous les articles de Paul-Emile Bouchy\" target=\"_blank\" rel=\"noopener\">Paul-Emile Bouchy<\/a><br \/>\n        <\/strong><\/p>\n<p>        Publi\u00e9 le<\/p>\n<p>            13 oct. 2025 \u00e0 12h24        <\/p>\n<p>Mercredi 8 octobre, dans l\u2019apr\u00e8s-midi, la <a href=\"https:\/\/actu.fr\/tag\/police\" target=\"_blank\" rel=\"noopener\">police<\/a> a r\u00e9alis\u00e9 <strong>une op\u00e9ration anti-stup\u00e9fiants<\/strong> rue Saint-Nicolas, dans le centre-ville de <a href=\"https:\/\/actu.fr\/grand-est\/nancy_54395\" target=\"_blank\" rel=\"noopener\">Nancy<\/a> (Meurthe-et-Moselle).<\/p>\n<p class=\" wall-content\">C\u2019est <strong>en contr\u00f4lant une voiture mal gar\u00e9e<\/strong> que les policiers ont fait une importante d\u00e9couverte dans son coffre. On vous dit tout.<\/p>\n<p>10 kg de k\u00e9tamine et des bonbonnes de gaz hilarant<\/p>\n<p class=\" wall-content\">Voyant une voiture mal stationn\u00e9e dans la rue, les forces de l\u2019ordre ont d\u00e9cid\u00e9 de proc\u00e9der \u00e0 un contr\u00f4le. Alors que les policiers souhaitaient ouvrir le coffre, le propri\u00e9taire s\u2019est interpos\u00e9 et a protest\u00e9 pour le laisser fermer.<\/p>\n<p class=\" wall-content\">\u00c0 l\u2019int\u00e9rieur,<strong> la police y a d\u00e9couvert 10 kilogrammes de k\u00e9tamine<\/strong> et <strong>plusieurs bonbonnes de protoxyde d\u2019azote<\/strong>, couramment appel\u00e9 gaz hilarant.<\/p>\n<p>Le propri\u00e9taire de la voiture plac\u00e9 en garde \u00e0 vue<\/p>\n<p class=\" wall-content\">\u00c2g\u00e9 de 24 ans et originaire de Nancy, le propri\u00e9taire du v\u00e9hicule a \u00e9t\u00e9 <strong>plac\u00e9 en garde \u00e0 vue<\/strong>. Il a indiqu\u00e9 ne pas \u00eatre au courant de ce qu\u2019il y avait dans le coffre de la voiture.<\/p>\n<p class=\" wall-content\">Inconnu des services de police, il est pr\u00e9sent\u00e9 ce lundi en comparution imm\u00e9diate.<\/p>\n<p class=\" wall-content\">Personnalisez votre actualit\u00e9 en ajoutant vos villes et m\u00e9dias en favori avec <a href=\"https:\/\/moncompte.actu.fr\" title=\"D\u00e9couvez Mon Actu\" rel=\"nofollow noopener\" data-trk=\"{&quot;cta&quot;:{&quot;action&quot;:&quot;https:\\\/\\\/moncompte.actu.fr&quot;,&quot;category&quot;:&quot;mon compte&quot;,&quot;from&quot;:&quot;article footer&quot;,&quot;name&quot;:&quot;Mon actu&quot;,&quot;type&quot;:&quot;cta&quot;}}\" target=\"_blank\">Mon Actu<\/a>.<\/p>\n","protected":false},"excerpt":{"rendered":"Par Paul-Emile Bouchy Publi\u00e9 le 13 oct. 2025 \u00e0 12h24 Mercredi 8 octobre, dans l\u2019apr\u00e8s-midi, la police a&hellip;\n","protected":false},"author":2,"featured_media":459709,"comment_status":"","ping_status":"","sticky":false,"template":"","format":"standard","meta":{"footnotes":""},"categories":[9635],"tags":[1111,11,1052,1777,674,118,1011,27,775,1702,12,1072,25],"class_list":{"0":"post-459708","1":"post","2":"type-post","3":"status-publish","4":"format-standard","5":"has-post-thumbnail","7":"category-nancy","8":"tag-actu","9":"tag-actualites","10":"tag-drogue","11":"tag-eu","12":"tag-europe","13":"tag-faits-divers","14":"tag-fr","15":"tag-france","16":"tag-grand-est","17":"tag-nancy","18":"tag-news","19":"tag-police","20":"tag-republique-francaise"},"share_on_mastodon":{"url":"https:\/\/pubeurope.com\/@fr\/115366586265243211","error":""},"_links":{"self":[{"href":"https:\/\/www.europesays.com\/fr\/wp-json\/wp\/v2\/posts\/459708","targetHints":{"allow":["GET"]}}],"collection":[{"href":"https:\/\/www.europesays.com\/fr\/wp-json\/wp\/v2\/posts"}],"about":[{"href":"https:\/\/www.europesays.com\/fr\/wp-json\/wp\/v2\/types\/post"}],"author":[{"embeddable":true,"href":"https:\/\/www.europesays.com\/fr\/wp-json\/wp\/v2\/users\/2"}],"replies":[{"embeddable":true,"href":"https:\/\/www.europesays.com\/fr\/wp-json\/wp\/v2\/comments?post=459708"}],"version-history":[{"count":0,"href":"https:\/\/www.europesays.com\/fr\/wp-json\/wp\/v2\/posts\/459708\/revisions"}],"wp:featuredmedia":[{"embeddable":true,"href":"https:\/\/www.europesays.com\/fr\/wp-json\/wp\/v2\/media\/459709"}],"wp:attachment":[{"href":"https:\/\/www.europesays.com\/fr\/wp-json\/wp\/v2\/media?parent=459708"}],"wp:term":[{"taxonomy":"category","embeddable":true,"href":"https:\/\/www.europesays.com\/fr\/wp-json\/wp\/v2\/categories?post=459708"},{"taxonomy":"post_tag","embeddable":true,"href":"https:\/\/www.europesays.com\/fr\/wp-json\/wp\/v2\/tags?post=459708"}],"curies":[{"name":"wp","href":"https:\/\/api.w.org\/{rel}","templated":true}]}}