{"id":459732,"date":"2025-10-13T11:30:14","date_gmt":"2025-10-13T11:30:14","guid":{"rendered":"https:\/\/www.europesays.com\/fr\/459732\/"},"modified":"2025-10-13T11:30:14","modified_gmt":"2025-10-13T11:30:14","slug":"un-exercice-de-securite-civile-organise-ce-jeudi-sur-le-site-arlanxeo","status":"publish","type":"post","link":"https:\/\/www.europesays.com\/fr\/459732\/","title":{"rendered":"un exercice de s\u00e9curit\u00e9 civile organis\u00e9 ce jeudi sur le site Arlanxeo"},"content":{"rendered":"<p>Un exercice de s\u00e9curit\u00e9 civile ax\u00e9 autour du risque industriel se tiendra le jeudi 16\u00a0octobre, \u00e0 partir de 9\u00a0h\u00a015, sur le site de l\u2019entreprise Arlanxeo (class\u00e9 Seveso seuil haut) \u00e0 La Wantzenau, qui produit du caoutchouc synth\u00e9tique.<\/p>\n<p>Dans le cadre de cet exercice, des moyens terrestres (pompiers, Samu et forces de l\u2019ordre) seront engag\u00e9s et visibles sur la voie publique.<\/p>\n<p>Ce contenu est bloqu\u00e9 car vous n&rsquo;avez pas accept\u00e9 les cookies et autres traceurs.<\/p>\n<p>En cliquant sur \u00ab J\u2019accepte \u00bb, les cookies et autres traceurs seront d\u00e9pos\u00e9s et vous pourrez visualiser les contenus  (<a href=\"\" class=\"consentModule_policy\" target=\"_blank\" title=\"Consulter la politique de protection des donn\u00e9es du fournisseur\">plus d&rsquo;informations<\/a>).<\/p>\n<p>En cliquant sur \u00ab J\u2019accepte tous les cookies \u00bb, vous autorisez des d\u00e9p\u00f4ts de cookies et autres traceurs pour le stockage de vos donn\u00e9es sur nos sites et applications \u00e0 des fins de personnalisation et de ciblage publicitaire.<\/p>\n<p class=\"consentModule_secondaryText\">Vous gardez la possibilit\u00e9 de retirer votre consentement \u00e0 tout moment en consultant notre <a href=\"https:\/\/www.dna.fr\/protection-des-donnees\" target=\"_blank\" title=\"Consulter notre politique de protection des donn\u00e9es\" rel=\"noopener\">politique de protection des donn\u00e9es<\/a>. <br \/>&#13;<br \/>\n            <a href=\"https:\/\/www.dna.fr\/faits-divers-justice\/2025\/10\/13\/javascript:Didomi.notice.show()\" class=\"consentModule_cmp\" target=\"_blank\" rel=\"noopener\">G\u00e9rer mes choix<\/a>&#13;\n        <\/p>\n<p>&#13;<br \/>\n                        J&rsquo;accepte&#13;<br \/>\n            J&rsquo;accepte tous les cookies&#13;\n        <\/p>\n<p>  \ufeffDes sir\u00e8nes audibles et un blocage routier<\/p>\n<p>Les sir\u00e8nes de l\u2019entreprise seront activ\u00e9es et pourront \u00eatre audibles par la population r\u00e9sidant ou circulant \u00e0 proximit\u00e9 de ce site industriel. De plus, un blocage routier autour du site d\u2019Arlanxeo sera simul\u00e9 en conditions r\u00e9elles sur une dur\u00e9e de dix minutes.<\/p>\n<p>Le but de cet exercice est de tester l\u2019organisation des acteurs et proc\u00e9dures de gestion de crise dans des conditions aussi proches que possible de celles d\u2019une alerte r\u00e9elle.<\/p>\n<p>En d\u00e9but de matin\u00e9e, un test du <a href=\"https:\/\/fr-alert.gouv.fr\/\" target=\"_blank\" rel=\"noopener\">dispositif d\u2019alerte des populations FR-Alert<\/a> sera effectu\u00e9 en marge de l\u2019exercice.\u00a0Les personnes pr\u00e9sentes au moment du test dans le secteur de La Wantzenau, et notamment dans un rayon de 3 kilom\u00e8tres du site industriel d\u2019Arlanxeo, recevront une alerte fictive sur leur t\u00e9l\u00e9phone portable.<\/p>\n<p>  Une explosion en 2024<\/p>\n<p><a href=\"https:\/\/www.dna.fr\/faits-divers-justice\/2024\/07\/04\/une-explosion-entendue-a-l-usine-arlanxeo-de-la-wantzenau\" target=\"_blank\" rel=\"noopener\">En juillet\u00a02024<\/a> , les habitants de La Wantzenau et des communes environnantes du nord de Strasbourg avaient entendu une \u00ab\u00a0impressionnante\u00a0\u00bb d\u00e9tonation. Lors du nettoyage d\u2019une cuve, contenant habituellement de l\u2019eau et un hydrocarbure, celle-ci avait explos\u00e9, engendrant une forte d\u00e9tonation. Sans avoir provoqu\u00e9 d\u2019incendie ni de d\u00e9gagement de fum\u00e9e.<\/p>\n","protected":false},"excerpt":{"rendered":"Un exercice de s\u00e9curit\u00e9 civile ax\u00e9 autour du risque industriel se tiendra le jeudi 16\u00a0octobre, \u00e0 partir de&hellip;\n","protected":false},"author":2,"featured_media":459733,"comment_status":"","ping_status":"","sticky":false,"template":"","format":"standard","meta":{"footnotes":""},"categories":[2820],"tags":[1111,11,2880,1777,674,274,107,1011,27,775,9440,12,25,104,640,3265],"class_list":{"0":"post-459732","1":"post","2":"type-post","3":"status-publish","4":"format-standard","5":"has-post-thumbnail","7":"category-strasbourg","8":"tag-actu","9":"tag-actualites","10":"tag-edition-strasbourg","11":"tag-eu","12":"tag-europe","13":"tag-faits-divers-justice","14":"tag-fil-info","15":"tag-fr","16":"tag-france","17":"tag-grand-est","18":"tag-la-wantzenau","19":"tag-news","20":"tag-republique-francaise","21":"tag-societe","22":"tag-strasbourg","23":"tag-strasbourg-nord"},"share_on_mastodon":{"url":"https:\/\/pubeurope.com\/@fr\/115366633499889365","error":""},"_links":{"self":[{"href":"https:\/\/www.europesays.com\/fr\/wp-json\/wp\/v2\/posts\/459732","targetHints":{"allow":["GET"]}}],"collection":[{"href":"https:\/\/www.europesays.com\/fr\/wp-json\/wp\/v2\/posts"}],"about":[{"href":"https:\/\/www.europesays.com\/fr\/wp-json\/wp\/v2\/types\/post"}],"author":[{"embeddable":true,"href":"https:\/\/www.europesays.com\/fr\/wp-json\/wp\/v2\/users\/2"}],"replies":[{"embeddable":true,"href":"https:\/\/www.europesays.com\/fr\/wp-json\/wp\/v2\/comments?post=459732"}],"version-history":[{"count":0,"href":"https:\/\/www.europesays.com\/fr\/wp-json\/wp\/v2\/posts\/459732\/revisions"}],"wp:featuredmedia":[{"embeddable":true,"href":"https:\/\/www.europesays.com\/fr\/wp-json\/wp\/v2\/media\/459733"}],"wp:attachment":[{"href":"https:\/\/www.europesays.com\/fr\/wp-json\/wp\/v2\/media?parent=459732"}],"wp:term":[{"taxonomy":"category","embeddable":true,"href":"https:\/\/www.europesays.com\/fr\/wp-json\/wp\/v2\/categories?post=459732"},{"taxonomy":"post_tag","embeddable":true,"href":"https:\/\/www.europesays.com\/fr\/wp-json\/wp\/v2\/tags?post=459732"}],"curies":[{"name":"wp","href":"https:\/\/api.w.org\/{rel}","templated":true}]}}