{"id":459742,"date":"2025-10-13T11:35:11","date_gmt":"2025-10-13T11:35:11","guid":{"rendered":"https:\/\/www.europesays.com\/fr\/459742\/"},"modified":"2025-10-13T11:35:11","modified_gmt":"2025-10-13T11:35:11","slug":"george-eddy-voix-du-basket-en-france-defend-le-terrain-de-proce","status":"publish","type":"post","link":"https:\/\/www.europesays.com\/fr\/459742\/","title":{"rendered":"George Eddy, voix du basket en France, d\u00e9fend le terrain de Proc\u00e9"},"content":{"rendered":"<p>            Par<br \/>\n        <strong><br \/>\n            <a href=\"https:\/\/actu.fr\/auteur\/thomas-bernard\" title=\"Consulter tous les articles de Thomas Bernard\" rel=\"nofollow noopener\" target=\"_blank\">Thomas Bernard<\/a><br \/>\n        <\/strong><\/p>\n<p>        Publi\u00e9 le<\/p>\n<p>            13 oct. 2025 \u00e0 13h16        <\/p>\n<p>Cet \u00e9t\u00e9, des habitu\u00e9s du terrain de basket de Proc\u00e9 ont interpell\u00e9 des \u00e9lus de la Ville de Nantes <strong>afin de r\u00e9nover un \u00e9quipement trop v\u00e9tuste<\/strong>. Bitume ab\u00eem\u00e9, paniers vieillissants et lignes effac\u00e9es, les basketteurs nantais aspirent \u00e0 donner un nouveau visage \u00e0 leur terrain de jeu favori, pr\u00e8s du <a href=\"https:\/\/actu.fr\/pays-de-la-loire\/nantes_44109\/ete-a-nantes-les-enfants-sont-accros-au-babybob-l-attraction-mythique-du-parc-de-proce_52705480.html\" rel=\"nofollow noopener\" target=\"_blank\">parc de Proc\u00e9<\/a>. En ao\u00fbt dernier, nous avions rencontr\u00e9 le collectif <a href=\"https:\/\/www.instagram.com\/playground_proce\/\" rel=\"nofollow noopener\" target=\"_blank\">Playground Proc\u00e9<\/a> qui porte un projet de r\u00e9novation.<\/p>\n<p class=\" wall-content\"><a href=\"https:\/\/www.instagram.com\/p\/DNisCgWMxbF\/embed\" title=\"Ouvrir le lien sur Instagram\" rel=\"nofollow noopener\" target=\"_blank\">Visualiser le contenu sur Instagram<\/a><\/p>\n<p>\u00ab\u2009Je compte sur vous\u2009\u00bb<\/p>\n<p class=\" wall-content\">Le groupe nantais a lanc\u00e9 une p\u00e9tition pour interpeller les \u00e9lus de la cit\u00e9 des ducs de Bretagne. \u00c0 l\u2019heure o\u00f9 nous \u00e9crivons ces lignes, <strong>plus de 900\u00a0personnes<\/strong> <a href=\"https:\/\/www.leslignesbougent.org\/petitions\/renovation-du-terrain-de-basket-du-parc-de-proce-playgroundproce-21996\/\" rel=\"nofollow noopener\" target=\"_blank\">ont sign\u00e9 la p\u00e9tition en faveur de la r\u00e9novation<\/a>.<\/p>\n<p class=\" wall-content\">R\u00e9cemment, le collectif Playground Proc\u00e9 a pu compter sur le soutien de <a href=\"https:\/\/actu.fr\/pays-de-la-loire\/challans_85047\/george-eddy-voix-du-basket-en-france-confie-ses-souvenirs-en-vendee_62340175.html\" rel=\"nofollow noopener\" target=\"_blank\">George Eddy<\/a>, c\u00e9l\u00e8bre commentateur de basket sur Canal+. Dans une vid\u00e9o publi\u00e9e sur Instagram, samedi 11 octobre, la voix du basket fran\u00e7ais a <strong>apport\u00e9 son soutien au projet de r\u00e9novation<\/strong>.<\/p>\n<p class=\" wall-content\"><a href=\"https:\/\/www.instagram.com\/playgroundtime.asso\/reel\/DPq9YmPDNjy\/embed\" title=\"Ouvrir le lien sur Instagram\" rel=\"nofollow noopener\" target=\"_blank\">Visualiser le contenu sur Instagram<\/a><\/p>\n<p class=\" wall-content\">\u00abAllez la Ville de Nantes, r\u00e9novez ces trois terrains\u2009! Je compte sur vous\u2009!\u2009\u00bb, s\u2019exclame l\u2019ancien joueur de basket professionnel. George Eddy est le pr\u00e9sident de <a href=\"https:\/\/www.instagram.com\/playgroundtime.asso\/\" rel=\"nofollow noopener\" target=\"_blank\">l\u2019association Playground Time<\/a> dont le but est de cr\u00e9er, r\u00e9habiliter et d\u00e9velopper les playgrounds et la pratique du basket.<\/p>\n<p class=\" wall-content\">Pour rappel, le collectif a particip\u00e9 \u00e0 une r\u00e9union en mairie avec Franckie Trichet et Ali Rebouh, \u00e9lus de la Ville de Nantes. Des premiers \u00e9changes jug\u00e9s positifs. Une \u00e9tude devrait \u00eatre r\u00e9alis\u00e9e pour refaire les trac\u00e9s des lignes et fixer de nouvelles planches aux poteaux existants.<\/p>\n<p class=\" wall-content\">Personnalisez votre actualit\u00e9 en ajoutant vos villes et m\u00e9dias en favori avec <a href=\"https:\/\/moncompte.actu.fr\" title=\"D\u00e9couvez Mon Actu\" rel=\"nofollow noopener\" data-trk=\"{&quot;cta&quot;:{&quot;action&quot;:&quot;https:\\\/\\\/moncompte.actu.fr&quot;,&quot;category&quot;:&quot;mon compte&quot;,&quot;from&quot;:&quot;article footer&quot;,&quot;name&quot;:&quot;Mon actu&quot;,&quot;type&quot;:&quot;cta&quot;}}\" target=\"_blank\">Mon Actu<\/a>.<\/p>\n<p>                    <script async src=\"\/\/www.instagram.com\/embed.js\"><\/script><\/p>\n","protected":false},"excerpt":{"rendered":"Par Thomas Bernard Publi\u00e9 le 13 oct. 2025 \u00e0 13h16 Cet \u00e9t\u00e9, des habitu\u00e9s du terrain de basket&hellip;\n","protected":false},"author":2,"featured_media":459743,"comment_status":"","ping_status":"","sticky":false,"template":"","format":"standard","meta":{"footnotes":""},"categories":[2818],"tags":[1111,11,1777,674,1011,27,766,12,2636,25,104,517],"class_list":{"0":"post-459742","1":"post","2":"type-post","3":"status-publish","4":"format-standard","5":"has-post-thumbnail","7":"category-nantes","8":"tag-actu","9":"tag-actualites","10":"tag-eu","11":"tag-europe","12":"tag-fr","13":"tag-france","14":"tag-nantes","15":"tag-news","16":"tag-pays-de-la-loire","17":"tag-republique-francaise","18":"tag-societe","19":"tag-sport"},"share_on_mastodon":{"url":"https:\/\/pubeurope.com\/@fr\/115366653124691722","error":""},"_links":{"self":[{"href":"https:\/\/www.europesays.com\/fr\/wp-json\/wp\/v2\/posts\/459742","targetHints":{"allow":["GET"]}}],"collection":[{"href":"https:\/\/www.europesays.com\/fr\/wp-json\/wp\/v2\/posts"}],"about":[{"href":"https:\/\/www.europesays.com\/fr\/wp-json\/wp\/v2\/types\/post"}],"author":[{"embeddable":true,"href":"https:\/\/www.europesays.com\/fr\/wp-json\/wp\/v2\/users\/2"}],"replies":[{"embeddable":true,"href":"https:\/\/www.europesays.com\/fr\/wp-json\/wp\/v2\/comments?post=459742"}],"version-history":[{"count":0,"href":"https:\/\/www.europesays.com\/fr\/wp-json\/wp\/v2\/posts\/459742\/revisions"}],"wp:featuredmedia":[{"embeddable":true,"href":"https:\/\/www.europesays.com\/fr\/wp-json\/wp\/v2\/media\/459743"}],"wp:attachment":[{"href":"https:\/\/www.europesays.com\/fr\/wp-json\/wp\/v2\/media?parent=459742"}],"wp:term":[{"taxonomy":"category","embeddable":true,"href":"https:\/\/www.europesays.com\/fr\/wp-json\/wp\/v2\/categories?post=459742"},{"taxonomy":"post_tag","embeddable":true,"href":"https:\/\/www.europesays.com\/fr\/wp-json\/wp\/v2\/tags?post=459742"}],"curies":[{"name":"wp","href":"https:\/\/api.w.org\/{rel}","templated":true}]}}