{"id":459747,"date":"2025-10-13T11:38:12","date_gmt":"2025-10-13T11:38:12","guid":{"rendered":"https:\/\/www.europesays.com\/fr\/459747\/"},"modified":"2025-10-13T11:38:12","modified_gmt":"2025-10-13T11:38:12","slug":"rendez-vous-incontournable-des-gourmands-la-celebre-nocturne-de-victor-hugo-fete-ses-10-ans","status":"publish","type":"post","link":"https:\/\/www.europesays.com\/fr\/459747\/","title":{"rendered":"rendez-vous incontournable des gourmands, la c\u00e9l\u00e8bre Nocturne de Victor Hugo f\u00eate ses 10 ans"},"content":{"rendered":"<p>            Par<br \/>\n        <strong><br \/>\n            <a href=\"https:\/\/actu.fr\/auteur\/guillaume-laurens\" title=\"Consulter tous les articles de Guillaume Laurens\" target=\"_blank\" rel=\"noopener\">Guillaume Laurens<\/a><br \/>\n        <\/strong><\/p>\n<p>        Publi\u00e9 le<\/p>\n<p>            13 oct. 2025 \u00e0 12h58        <\/p>\n<p>Avis aux amateurs\u2009! L\u2019incontournable <strong>Nocturne du march\u00e9 Victor-Hugo<\/strong> f\u00eate ses 10\u00a0ans ce mercredi 15\u00a0octobre 2025 au c\u0153ur de <a href=\"https:\/\/actu.fr\/toulouse\/\" target=\"_blank\" rel=\"noopener\"><strong>Toulouse<\/strong><\/a>, et met les petits plats dans les grands \u00e0 l\u2019occasion de cette <strong>34\u1d49\u00a0\u00e9dition<\/strong>.<\/p>\n<p class=\" wall-content\">Pr\u00e9vu \u00e0 la rentr\u00e9e de septembre, <a href=\"https:\/\/actu.fr\/occitanie\/toulouse_31555\/bloquons-tout-ce-grand-evenement-populaire-de-la-rentree-est-annule-a-toulouse-annoncent-les-organisateurs_63133797.html\" target=\"_blank\" rel=\"noopener\">l\u2019\u00e9v\u00e9nement avait \u00e9t\u00e9 annul\u00e9 \u00e0 la derni\u00e8re minute en raison de la manifestation \u00ab\u2009Bloquons tout\u2009\u00bb,<\/a> qui se tenait en centre-ville ce jour-l\u00e0.<\/p>\n<p>Le march\u00e9 exceptionnellement ouvert de 18h30 \u00e0 22h30<\/p>\n<p class=\" wall-content\">Ouvert habituellement de 6\u00a0heures \u00e0 14\u00a0heures, le <strong>plus vieux march\u00e9 couvert de France<\/strong>, sera exceptionnellement accessible <strong>de 18h30 \u00e0 22h30<\/strong> ce mercredi.<\/p>\n<p class=\" wall-content\">Rappelons que le lieu rassemble <a href=\"https:\/\/www.marche-victor-hugo.fr\/nos-commercants\/\" target=\"_blank\" rel=\"noopener\">pr\u00e8s de <strong>70 commer\u00e7ants<\/strong><\/a>, essentiellement de bouche (bouchers, charcutiers, volaillers, boulangers, primeurs, cavistes, traiteurs, poissonniers, cr\u00e9miers, chocolatiers, restaurants, et autres \u00e9piceries fines).<\/p>\n<p>Dans \u00ab\u2009une atmosph\u00e8re automnale chaleureuse\u2009\u00bb<\/p>\n<p class=\" wall-content\">Pour ses 10\u00a0ans, la Nocturne invite \u00ab\u2009les festifs, les \u00e9picuriens et les amateurs de convivialit\u00e9 \u00e0 venir c\u00e9l\u00e9brer\u2009\u00bb son anniversaire \u00ab\u2009dans une atmosph\u00e8re automnale chaleureuse\u2009\u00bb.<\/p>\n<p class=\" wall-content\">Dans ce march\u00e9 qui met la Ville rose en app\u00e9tit depuis 1896, l\u2019\u00e9v\u00e9nement vise \u00e0 \u00ab\u2009mettre \u00e0 l\u2019honneur une d\u00e9cennie de <strong>rendez-vous festifs<\/strong>, de <strong>d\u00e9couvertes gustatives<\/strong> et de <strong>partages<\/strong> autour de la gastronomie locale\u2009\u00bb.<\/p>\n<p>Vid\u00e9os : en ce moment sur Actu\u00ab\u2009Hommage \u00e0 un art de vivre\u2009\u00bb<\/p>\n<p class=\" wall-content\">Depuis dix ans, \u00e0 plusieurs reprises dans l\u2019ann\u00e9e, le march\u00e9 Victor Hugo joue <strong>les prolongations<\/strong>. Alors que les Toulousains rentrent du travail, le c\u0153ur gourmand de la Ville rose s\u2019illumine, les \u00e9tals s\u2019animent et les visiteurs affluent en soir\u00e9e. Entre \u00ab\u2009amour du terroir, excellence des produits et passion de ses artisans\u2009\u00bb, le march\u00e9 Victor Hugo et ses commer\u00e7ants promettent ce mercredi un \u00ab\u2009moment suspendu\u2009\u00bb.<\/p>\n<p>Votre r\u00e9gion, votre actu !<\/p>\n<p>Recevez chaque jour les infos qui comptent pour vous.<\/p>\n<p>\t<a href=\"https:\/\/actu.fr\/newsletter\" class=\"ac-btn ac-btn--corner ac-btn--medium ac-btn--blue800\" target=\"_blank\" rel=\"noopener\">S&rsquo;incrire<\/a><\/p>\n<blockquote class=\"ac-article-quote wall-content\">\n<p>Ce rendez-vous, devenu au fil des ann\u00e9es un incontournable de Toulouse et sa r\u00e9gion, c\u00e9l\u00e8bre bien plus qu\u2019un march\u00e9 : il rend hommage \u00e0 un art de vivre, \u00e0 la richesse et la diversit\u00e9, \u00e0 des visages familiers derri\u00e8re les comptoirs, passionn\u00e9s et fiers de leur loge.<\/p>\n<p>    <strong>L&rsquo;association des commer\u00e7ants du March\u00e9 Victor-Hugo<\/strong>\n            <\/p><\/blockquote>\n<p class=\" wall-content\">Mercredi, les amateurs d\u2019un jour ou de toujours sont invit\u00e9s \u00e0 venir partager cet anniversaire \u00ab\u2009sous le signe de la convivialit\u00e9, du go\u00fbt et du savoir-faire\u2009\u00bb, <strong>en musique<\/strong> bien \u00e9videmment\u2009!<\/p>\n<p><strong>Infos pratiques\u2009:<\/strong><br \/>Nocturne de Victor-Hugo<br \/>Mercredi 15\u00a0octobre \u00e0 partir de 18h30<br \/>M\u00e9tro Jean-Jaur\u00e8s (ligne A) ou Jeanne-D\u2019Arc (ligne B)<br \/>\u00c9v\u00e8nement gratuit et ouvert \u00e0 tous<\/p>\n<p>    <a href=\"https:\/\/www.google.com\/maps\/embed?pb=!1m18!1m12!1m3!1d2888.9843639453998!2d1.4438494778544895!3d43.60686717110454!2m3!1f0!2f0!3f0!3m2!1i1024!2i768!4f13.1!3m3!1m2!1s0x12aea54a2eaa3f27%3A0xc3a8323592eafa22!2sMarch%C3%A9%20Victor-Hugo!5e0!3m2!1sfr!2sfr!4v1760351210660!5m2!1sfr!2sfr\" title=\"Ouvrie le lien\" target=\"_blank\" rel=\"noopener\">Cliquez ici pour visualiser le contenu<\/a><\/p>\n<p class=\" wall-content\">Personnalisez votre actualit\u00e9 en ajoutant vos villes et m\u00e9dias en favori avec <a href=\"https:\/\/moncompte.actu.fr\" title=\"D\u00e9couvez Mon Actu\" rel=\"nofollow noopener\" data-trk=\"{&quot;cta&quot;:{&quot;action&quot;:&quot;https:\\\/\\\/moncompte.actu.fr&quot;,&quot;category&quot;:&quot;mon compte&quot;,&quot;from&quot;:&quot;article footer&quot;,&quot;name&quot;:&quot;Mon actu&quot;,&quot;type&quot;:&quot;cta&quot;}}\" target=\"_blank\">Mon Actu<\/a>.<\/p>\n","protected":false},"excerpt":{"rendered":"Par Guillaume Laurens Publi\u00e9 le 13 oct. 2025 \u00e0 12h58 Avis aux amateurs\u2009! L\u2019incontournable Nocturne du march\u00e9 Victor-Hugo&hellip;\n","protected":false},"author":2,"featured_media":459748,"comment_status":"","ping_status":"","sticky":false,"template":"","format":"standard","meta":{"footnotes":""},"categories":[2816],"tags":[1111,11,1777,674,1011,27,1652,12,2680,25,1341,2312],"class_list":{"0":"post-459747","1":"post","2":"type-post","3":"status-publish","4":"format-standard","5":"has-post-thumbnail","7":"category-toulouse","8":"tag-actu","9":"tag-actualites","10":"tag-eu","11":"tag-europe","12":"tag-fr","13":"tag-france","14":"tag-loisirs-culture","15":"tag-news","16":"tag-occitanie","17":"tag-republique-francaise","18":"tag-sortir-a-toulouse","19":"tag-toulouse"},"share_on_mastodon":{"url":"https:\/\/pubeurope.com\/@fr\/115366664927267433","error":""},"_links":{"self":[{"href":"https:\/\/www.europesays.com\/fr\/wp-json\/wp\/v2\/posts\/459747","targetHints":{"allow":["GET"]}}],"collection":[{"href":"https:\/\/www.europesays.com\/fr\/wp-json\/wp\/v2\/posts"}],"about":[{"href":"https:\/\/www.europesays.com\/fr\/wp-json\/wp\/v2\/types\/post"}],"author":[{"embeddable":true,"href":"https:\/\/www.europesays.com\/fr\/wp-json\/wp\/v2\/users\/2"}],"replies":[{"embeddable":true,"href":"https:\/\/www.europesays.com\/fr\/wp-json\/wp\/v2\/comments?post=459747"}],"version-history":[{"count":0,"href":"https:\/\/www.europesays.com\/fr\/wp-json\/wp\/v2\/posts\/459747\/revisions"}],"wp:featuredmedia":[{"embeddable":true,"href":"https:\/\/www.europesays.com\/fr\/wp-json\/wp\/v2\/media\/459748"}],"wp:attachment":[{"href":"https:\/\/www.europesays.com\/fr\/wp-json\/wp\/v2\/media?parent=459747"}],"wp:term":[{"taxonomy":"category","embeddable":true,"href":"https:\/\/www.europesays.com\/fr\/wp-json\/wp\/v2\/categories?post=459747"},{"taxonomy":"post_tag","embeddable":true,"href":"https:\/\/www.europesays.com\/fr\/wp-json\/wp\/v2\/tags?post=459747"}],"curies":[{"name":"wp","href":"https:\/\/api.w.org\/{rel}","templated":true}]}}