{"id":459750,"date":"2025-10-13T11:40:09","date_gmt":"2025-10-13T11:40:09","guid":{"rendered":"https:\/\/www.europesays.com\/fr\/459750\/"},"modified":"2025-10-13T11:40:09","modified_gmt":"2025-10-13T11:40:09","slug":"quatre-restaurants-recoivent-une-recompense-gaultmillau","status":"publish","type":"post","link":"https:\/\/www.europesays.com\/fr\/459750\/","title":{"rendered":"quatre restaurants re\u00e7oivent une r\u00e9compense Gault&#038;Millau"},"content":{"rendered":"<p>            Par<br \/>\n        <strong><br \/>\n            <a href=\"https:\/\/actu.fr\/auteur\/hervine-mahaud\" title=\"Consulter tous les articles de Hervine Mahaud\" rel=\"nofollow noopener\" target=\"_blank\">Hervine Mahaud<\/a><br \/>\n        <\/strong><\/p>\n<p>        Publi\u00e9 le<\/p>\n<p>            13 oct. 2025 \u00e0 12h30        <\/p>\n<p>Le <b>Gault&amp;Millau Tour 2025<\/b> a fait \u00e9tape dans les <b>Hauts-de-France<\/b>, et plus pr\u00e9cis\u00e9ment \u00e0 la Cit\u00e9 des \u00c9changes de Marcq-en-Baroeul (Nord), ce <b>lundi 13 octobre<\/b>, pour r\u00e9compenser les talents qui font rayonner la gastronomie r\u00e9gionale. Cette ann\u00e9e, la <b>m\u00e9tropole de Lille<\/b> s\u2019illustre une nouvelle fois, avec <b>quatre \u00e9tablissements<\/b> distingu\u00e9s, confirmant son statut de p\u00f4le gastronomique incontournable.<\/p>\n<p>Ginko, le grand gagnant lillois<\/p>\n<p class=\" wall-content\">C\u2019est sans doute <b>la table la plus remarqu\u00e9e de l\u2019ann\u00e9e \u00e0 Lille<\/b>. Le restaurant <b>Ginko<\/b> d\u00e9croche <b>deux distinctions majeures<\/b>. D\u2019abord le titre \u00ab\u00a0Grand de Demain\u00a0\u00bb, remis \u00e0\u00a0<b>Valentina Giacobbe<\/b>, cheffe et cofondatrice du restaurant. Un troph\u00e9e qui salue les cuisiniers prometteurs et les concepts en pleine ascension.\u00a0<b>Julien Ingaud-Jaubert<\/b>, chef p\u00e2tissier, re\u00e7oit le troph\u00e9e \u00ab\u00a0P\u00e2tissier\u00a0\u00bb, pour sa cr\u00e9ativit\u00e9 et la pr\u00e9cision de ses desserts.<\/p>\n<p class=\" wall-content\">Avec sa cuisine moderne et audacieuse, <a href=\"https:\/\/actu.fr\/hauts-de-france\/lille_59350\/a-lille-ce-restaurant-recemment-etoile-est-lun-des-moins-chers-de-france_62503088.html\" rel=\"nofollow noopener\" target=\"_blank\">d\u00e9j\u00e0 aur\u00e9ol\u00e9e d\u2019une \u00e9toile<\/a>, <b>Ginko<\/b> s\u2019impose comme un incontournable du paysage culinaire lillois.<\/p>\n<p>Limpide \u00e0 Lambersart, la cuisine de la mer \u00e0 l\u2019honneur<\/p>\n<p class=\" wall-content\">Install\u00e9 \u00e0 <b>Lambersart<\/b>, <a href=\"https:\/\/actu.fr\/economie\/ces-etablissements-pres-de-lille-en-lice-pour-devenir-le-meilleur-restaurant-de-france-a-vous-de-voter_62854988.html\" rel=\"nofollow noopener\" target=\"_blank\">Limpide<\/a> continue d\u2019imposer sa signature. Son chef <b>Karl Widmer<\/b> d\u00e9croche le troph\u00e9e \u00ab\u00a0Cuisine de la Mer, des Lacs et des Rivi\u00e8res\u00a0\u00bb.<\/p>\n<p class=\" wall-content\">Une r\u00e9compense qui consacre son travail autour des produits aquatiques, qu\u2019il sublime dans des assiettes d\u2019une grande justesse. Limpide s\u00e9duit par sa ma\u00eetrise technique et son \u00e9l\u00e9gance \u00e9pur\u00e9e, une table qui illustre parfaitement le renouveau gastronomique de la m\u00e9tropole.<\/p>\n<p>Coup de Main et 49R, les autres belles adresses lilloises prim\u00e9es<\/p>\n<p class=\" wall-content\">\u00c0 Lille, <b>Coup de Main<\/b> s\u2019impose dans la cat\u00e9gorie \u00ab\u00a0Terroir d\u2019Exception.\u00a0\u00bb Son chef <b>Victor Berthe, <\/b>qui est \u00e9galement nomm\u00e9 dans la cat\u00e9gorie \u00ab\u00a0Jeune Talent 2026\u00a0\u00bb pour la prochaine \u00e9dition du Gault&amp;Millau, met \u00e0 l\u2019honneur les produits locaux et les circuits courts, pour une cuisine sinc\u00e8re, g\u00e9n\u00e9reuse et ancr\u00e9e dans le territoire.<\/p>\n<p>Votre r\u00e9gion, votre actu !<\/p>\n<p>Recevez chaque jour les infos qui comptent pour vous.<\/p>\n<p>\t<a href=\"https:\/\/actu.fr\/newsletter\" class=\"ac-btn ac-btn--corner ac-btn--medium ac-btn--blue800\" rel=\"nofollow noopener\" target=\"_blank\">S&rsquo;incrire<\/a><\/p>\n<p class=\" wall-content\">Le restaurant <b>49R<\/b>, \u00e9galement situ\u00e9 dans le Vieux-Lille, remporte le troph\u00e9e \u00ab\u00a0Accueil\u00a0\u00bb. Ses fondateurs <b>Constance et Alexandre Dathy<\/b> se distinguent par leur convivialit\u00e9 et la chaleur de leur service. Une reconnaissance qui r\u00e9compense autant le professionnalisme que l\u2019esprit de partage.<\/p>\n<p class=\" wall-content\">Avec <b>Ginko<\/b>, <b>Limpide<\/b>, <b>Coup de Main<\/b> et <b>49R<\/b>, la m\u00e9tropole lilloise aligne quatre distinctions au palmar\u00e8s 2025 du Gault&amp;Millau Tour.<\/p>\n<p class=\" wall-content\">Entre cr\u00e9ativit\u00e9, excellence technique et engagement local, ces \u00e9tablissements confirment la diversit\u00e9 et la vitalit\u00e9 de la sc\u00e8ne gastronomique lilloise, d\u00e9sormais reconnue au niveau national.<\/p>\n<p>Les autres laur\u00e9ats des Hauts-de-France<\/p>\n<p class=\" wall-content\">Le Gault&amp;Millau Tour a \u00e9galement distingu\u00e9 plusieurs talents ailleurs dans la r\u00e9gion :<\/p>\n<ul class=\" wall-content\">\n<li><b>Le Westminster<\/b> (Le Touquet) : Gault&amp;Millau d\u2019Or pour <b>William Eliott<\/b> ;<b\/><\/li>\n<li><b>Orizon<\/b> (Boulogne-sur-Mer) : Jeune Talent pour <b>Emmanuel Pillot<\/b> ;<b\/><\/li>\n<li><b>La Petite Auberge<\/b> (Laon) : Techniques d\u2019Excellence pour <b>Marc-Willy Zorn<\/b> ;<b\/><\/li>\n<li><b>Le Presbyt\u00e8re<\/b> (Lecelles) : Tradition d\u2019Aujourd\u2019hui pour <b>Romain Vienne<\/b> ;<b\/><\/li>\n<li><b>L\u2019Essentiel<\/b> (Petit-Attiches) : Sommelier pour <b>Beno\u00eet Boute<\/b> ;<b\/><\/li>\n<li><b>Schorre<\/b> (Saint-Val\u00e9ry-sur-Somme) : Jeune Talent en Salle pour <b>Laurie Graux<\/b>.<\/li>\n<\/ul>\n<p class=\" wall-content\">Personnalisez votre actualit\u00e9 en ajoutant vos villes et m\u00e9dias en favori avec <a href=\"https:\/\/moncompte.actu.fr\" title=\"D\u00e9couvez Mon Actu\" rel=\"nofollow noopener\" data-trk=\"{&quot;cta&quot;:{&quot;action&quot;:&quot;https:\\\/\\\/moncompte.actu.fr&quot;,&quot;category&quot;:&quot;mon compte&quot;,&quot;from&quot;:&quot;article footer&quot;,&quot;name&quot;:&quot;Mon actu&quot;,&quot;type&quot;:&quot;cta&quot;}}\" target=\"_blank\">Mon Actu<\/a>.<\/p>\n","protected":false},"excerpt":{"rendered":"Par Hervine Mahaud Publi\u00e9 le 13 oct. 2025 \u00e0 12h30 Le Gault&amp;Millau Tour 2025 a fait \u00e9tape dans&hellip;\n","protected":false},"author":2,"featured_media":459751,"comment_status":"","ping_status":"","sticky":false,"template":"","format":"standard","meta":{"footnotes":""},"categories":[2815],"tags":[1111,11,1777,674,1011,27,1661,811,1307,12,25,1340,104],"class_list":{"0":"post-459750","1":"post","2":"type-post","3":"status-publish","4":"format-standard","5":"has-post-thumbnail","7":"category-lille","8":"tag-actu","9":"tag-actualites","10":"tag-eu","11":"tag-europe","12":"tag-fr","13":"tag-france","14":"tag-gastronomie","15":"tag-hauts-de-france","16":"tag-lille","17":"tag-news","18":"tag-republique-francaise","19":"tag-restaurant","20":"tag-societe"},"share_on_mastodon":{"url":"https:\/\/pubeurope.com\/@fr\/115366672982878380","error":""},"_links":{"self":[{"href":"https:\/\/www.europesays.com\/fr\/wp-json\/wp\/v2\/posts\/459750","targetHints":{"allow":["GET"]}}],"collection":[{"href":"https:\/\/www.europesays.com\/fr\/wp-json\/wp\/v2\/posts"}],"about":[{"href":"https:\/\/www.europesays.com\/fr\/wp-json\/wp\/v2\/types\/post"}],"author":[{"embeddable":true,"href":"https:\/\/www.europesays.com\/fr\/wp-json\/wp\/v2\/users\/2"}],"replies":[{"embeddable":true,"href":"https:\/\/www.europesays.com\/fr\/wp-json\/wp\/v2\/comments?post=459750"}],"version-history":[{"count":0,"href":"https:\/\/www.europesays.com\/fr\/wp-json\/wp\/v2\/posts\/459750\/revisions"}],"wp:featuredmedia":[{"embeddable":true,"href":"https:\/\/www.europesays.com\/fr\/wp-json\/wp\/v2\/media\/459751"}],"wp:attachment":[{"href":"https:\/\/www.europesays.com\/fr\/wp-json\/wp\/v2\/media?parent=459750"}],"wp:term":[{"taxonomy":"category","embeddable":true,"href":"https:\/\/www.europesays.com\/fr\/wp-json\/wp\/v2\/categories?post=459750"},{"taxonomy":"post_tag","embeddable":true,"href":"https:\/\/www.europesays.com\/fr\/wp-json\/wp\/v2\/tags?post=459750"}],"curies":[{"name":"wp","href":"https:\/\/api.w.org\/{rel}","templated":true}]}}