{"id":459763,"date":"2025-10-13T11:47:21","date_gmt":"2025-10-13T11:47:21","guid":{"rendered":"https:\/\/www.europesays.com\/fr\/459763\/"},"modified":"2025-10-13T11:47:21","modified_gmt":"2025-10-13T11:47:21","slug":"les-difficultes-des-prefectures-dile-de-france-a-renouveler-a-temps-les-titres-de-sejour-plongent-des-habitants-dans-le-desarroi","status":"publish","type":"post","link":"https:\/\/www.europesays.com\/fr\/459763\/","title":{"rendered":"Les difficult\u00e9s des pr\u00e9fectures d&rsquo;Ile-de-France \u00e0 renouveler \u00e0 temps les titres de s\u00e9jour plongent des habitants dans le d\u00e9sarroi"},"content":{"rendered":"\n<p>Lorsque le compagnon d\u2019Assa a perdu sa m\u00e8re, il n\u2019a pas pu se rendre en C\u00f4te d\u2019Ivoire pour l\u2019enterrement. La faute \u00e0 une demande de titre de s\u00e9jour en suspens depuis presque un an et demi.<\/p>\n<p>L\u2019avocate de la famille leur a en effet d\u00e9conseill\u00e9 de quitter le territoire, au risque de ne pouvoir y revenir, malgr\u00e9 la d\u00e9livrance d\u2019un r\u00e9c\u00e9piss\u00e9 attestant de la proc\u00e9dure en cours.<\/p>\n<p>\u201cOn nous avait dit que \u00e7a prendrait quatre mois et on nous avait donn\u00e9 un r\u00e9c\u00e9piss\u00e9 de six mois\u201d, raconte la jeune femme, Italienne, dont le compagnon, qui travaille dans le BTP, ne souhaite pas s\u2019exprimer.<\/p>\n<p>Depuis, quatre autres r\u00e9c\u00e9piss\u00e9s ont suivi, sans que le dossier n\u2019ait \u00e9t\u00e9 examin\u00e9 \u00e0 ce jour.<\/p>\n<p>\u201cC\u2019est tr\u00e8s compliqu\u00e9 \u00e0 g\u00e9rer,\u00a0tous les jours on attend de recevoir le message\u201d, s\u2019insurge la jeune femme install\u00e9e en Seine-Saint-Denis.<\/p>\n<p>Comme sa famille, de nombreux \u00e9trangers, m\u00eame en situation r\u00e9guli\u00e8re, voient leurs vies p\u00e9nalis\u00e9es par l\u2019engorgement de certaines pr\u00e9fectures, particuli\u00e8rement celles d\u2019Ile-de-France.<\/p>\n<p>\u201cOn se retrouve avec des gens qui perdent leur travail, leur logement, leur couverture maladie\u201d, d\u00e9nonce Marie Barbarot, charg\u00e9 de projet \u00e0 la Cimade, association qui d\u00e9fend les droits de migrants et lance ce lundi une campagne pour d\u00e9noncer \u201cla complexit\u00e9 et l\u2019absurdit\u00e9 des proc\u00e9dures administratives\u201d.<\/p>\n<p>Dans le Val-de-Marne, fin septembre, une manifestation s\u2019est aussi tenue \u00e0 l\u2019appel d\u2019associations et syndicats d\u00e9non\u00e7ant des \u201crendez-vous impossibles\u201d, des \u201cdossiers bloqu\u00e9s\u201d.<\/p>\n<p>Jean Bidimbou, Congolais de 65 ans, vit en France depuis 2007 et d\u00e9pend de la pr\u00e9fecture de Seine-et-Marne. D\u00e9but septembre, son contrat de travail \u00e0 la SNCF a \u00e9t\u00e9 suspendu car son titre a expir\u00e9 fin ao\u00fbt, malgr\u00e9 une demande de renouvellement d\u00e9pos\u00e9e en mai.<\/p>\n<p>Quant \u00e0 Rekia Belal, Alg\u00e9rienne de 35 ans, elle est rest\u00e9e plus de deux mois sans titre de s\u00e9jour avant d\u2019obtenir fin juillet une attestation de prolongation, valable trois mois. Une situation qui l\u2019a emp\u00each\u00e9e de percevoir des indemnit\u00e9s ch\u00f4mage et qui, dans le contexte des tensions diplomatiques franco-alg\u00e9riennes, l\u2019a pouss\u00e9e \u00e0 \u201crester \u00e0 la maison\u201d par \u201cpeur\u201d.<\/p>\n<p>A la pr\u00e9fecture de Seine-Saint-Denis, l\u2019une des plus engorg\u00e9es, le probl\u00e8me de ces ruptures de droit est consid\u00e9r\u00e9 comme une \u201cpriorit\u00e9\u201d par le pr\u00e9fet Julien Charles.<\/p>\n<p>Rappelant les \u201cvolumes hors normes\u201d trait\u00e9s par ses services, avec pr\u00e8s de 350 000 titres de s\u00e9jour en circulation dans le d\u00e9partement, le pr\u00e9fet pointe les cons\u00e9quences d\u2019un piratage informatique, lors d\u2019un entretien \u00e0 l\u2019AFP.<\/p>\n<p><strong><a href=\"https:\/\/94.citoyens.com\/2025\/rdv-titres-de-sejour-en-seine-saint-denis-la-prefecture-coupe-un-module-internet-apres-un-hacking-massif,30-06-2025.html\" target=\"_blank\" rel=\"noopener\">Lire notre article : RDV titres de s\u00e9jour en Seine-Saint-Denis\u00a0: la pr\u00e9fecture coupe un module internet apr\u00e8s un hacking massif<\/a><\/strong><\/p>\n<p>Pendant \u201cune bonne partie de l\u2019ann\u00e9e 2024\u201d, jusqu\u2019\u00e0 60% des rendez-vous mis en ligne sur une semaine par la pr\u00e9fecture pouvaient ainsi \u00eatre \u201caspir\u00e9s\u201d en quelques minutes pour ensuite \u00eatre revendus autour de 200 euros.<\/p>\n<p>D\u00e9sormais, c\u2019est la pr\u00e9fecture qui convoque les personnes, selon l\u2019urgence de leur situation afin de \u201cprioriser les rendez-vous\u201d.<\/p>\n<p>Pour le pr\u00e9fet, la mise en place de \u201cproc\u00e9dures acc\u00e9l\u00e9r\u00e9es\u201d, d\u2019op\u00e9rations \u201ccoups de poing\u201d pour r\u00e9duire le stock de titres pr\u00eats mais non d\u00e9livr\u00e9s et le rapprochement avec des interlocuteurs du monde \u00e9conomique et acad\u00e9mique ont permis de sensiblement diminuer le nombre de rupture de droit, m\u00eame s\u2019il faut selon lui \u201crester humble\u201d.<\/p>\n<p>\u201cJe ne consid\u00e8re pas qu\u2019on soit au bout du chemin\u201d, reconnait-il.<\/p>\n<p>Saisines en forte hausse<\/p>\n<p>L\u2019Etat s\u2019est fix\u00e9 l\u2019objectif d\u2019un d\u00e9lai de 55 jours en 2025 pour instruire les demandes de renouvellement des titres de s\u00e9jour et de 100 jours pour les premi\u00e8res demandes.<\/p>\n<p>Mais \u201cdans les faits, pour ce qui concerne les pr\u00e9fectures traitant le plus de demandes de titres de s\u00e9jour, les d\u00e9lais sont encore tr\u00e8s \u00e9loign\u00e9s de ces objectifs\u201d, a constat\u00e9, dans un document publi\u00e9 en mars, le D\u00e9fenseur des droits, dont les saisines sur ce sujet ont explos\u00e9 ces derni\u00e8res ann\u00e9es.<\/p>\n<p>A titre d\u2019exemple, en Essonne, les d\u00e9lais d\u2019instruction pour un renouvellement \u00e9taient de 60 jours en 2021, 101 jours en 2022, 89 jours en 2023.<\/p>\n<p>La pr\u00e9fecture du Val-d\u2019Oise, elle, \u00e9voque sur son site internet un d\u00e9lai qui varie \u201cen g\u00e9n\u00e9ral (\u2026) entre 60 et 90 jours\u201d pour les renouvellements et \u201cva au-del\u00e0\u201d pour les premi\u00e8res demandes.<\/p>\n","protected":false},"excerpt":{"rendered":"Lorsque le compagnon d\u2019Assa a perdu sa m\u00e8re, il n\u2019a pas pu se rendre en C\u00f4te d\u2019Ivoire pour&hellip;\n","protected":false},"author":2,"featured_media":459764,"comment_status":"","ping_status":"","sticky":false,"template":"","format":"standard","meta":{"footnotes":""},"categories":[1592],"tags":[1111,11,4733,214,57840,1936,7935,1777,674,1011,27,662,311,58451,2088,12,626,16421,7134,14583,25,1937,1945,39625,2215,58452,2292],"class_list":{"0":"post-459763","1":"post","2":"type-post","3":"status-publish","4":"format-standard","5":"has-post-thumbnail","7":"category-ile-de-france","8":"tag-actu","9":"tag-actualites","10":"tag-associations","11":"tag-chomage","12":"tag-defenseur-des-droits","13":"tag-essonne","14":"tag-est-parisien","15":"tag-eu","16":"tag-europe","17":"tag-fr","18":"tag-france","19":"tag-ile-de-france","20":"tag-informatique","21":"tag-julien-charles","22":"tag-manifestation","23":"tag-news","24":"tag-paris","25":"tag-piratage","26":"tag-prefecture-de-seine-saint-denis","27":"tag-prefet","28":"tag-republique-francaise","29":"tag-seine-et-marne","30":"tag-seine-saint-denis","31":"tag-site-internet","32":"tag-sncf","33":"tag-titres-de-sejour","34":"tag-val-doise"},"share_on_mastodon":{"url":"https:\/\/pubeurope.com\/@fr\/115366700488542061","error":""},"_links":{"self":[{"href":"https:\/\/www.europesays.com\/fr\/wp-json\/wp\/v2\/posts\/459763","targetHints":{"allow":["GET"]}}],"collection":[{"href":"https:\/\/www.europesays.com\/fr\/wp-json\/wp\/v2\/posts"}],"about":[{"href":"https:\/\/www.europesays.com\/fr\/wp-json\/wp\/v2\/types\/post"}],"author":[{"embeddable":true,"href":"https:\/\/www.europesays.com\/fr\/wp-json\/wp\/v2\/users\/2"}],"replies":[{"embeddable":true,"href":"https:\/\/www.europesays.com\/fr\/wp-json\/wp\/v2\/comments?post=459763"}],"version-history":[{"count":0,"href":"https:\/\/www.europesays.com\/fr\/wp-json\/wp\/v2\/posts\/459763\/revisions"}],"wp:featuredmedia":[{"embeddable":true,"href":"https:\/\/www.europesays.com\/fr\/wp-json\/wp\/v2\/media\/459764"}],"wp:attachment":[{"href":"https:\/\/www.europesays.com\/fr\/wp-json\/wp\/v2\/media?parent=459763"}],"wp:term":[{"taxonomy":"category","embeddable":true,"href":"https:\/\/www.europesays.com\/fr\/wp-json\/wp\/v2\/categories?post=459763"},{"taxonomy":"post_tag","embeddable":true,"href":"https:\/\/www.europesays.com\/fr\/wp-json\/wp\/v2\/tags?post=459763"}],"curies":[{"name":"wp","href":"https:\/\/api.w.org\/{rel}","templated":true}]}}