{"id":459789,"date":"2025-10-13T12:01:18","date_gmt":"2025-10-13T12:01:18","guid":{"rendered":"https:\/\/www.europesays.com\/fr\/459789\/"},"modified":"2025-10-13T12:01:18","modified_gmt":"2025-10-13T12:01:18","slug":"pourquoi-la-nomination-dedouard-geffray-a-leducation-fait-reagir","status":"publish","type":"post","link":"https:\/\/www.europesays.com\/fr\/459789\/","title":{"rendered":"pourquoi la nomination d\u2019\u00c9douard Geffray \u00e0 l\u2019\u00c9ducation fait r\u00e9agir"},"content":{"rendered":"<p class=\"article-p mdl\">De num\u00e9ro 2 du minist\u00e8re de l&rsquo;\u00c9ducation nationale pendant cinq ans, \u00e0 ministre.\u00a0N&rsquo;\u00e9tant pas reconduite au sein du gouvernement Lecornu II,\u00a0\u00c9lisabeth Borne a laiss\u00e9 ses dossiers \u00e0 un sp\u00e9cialiste,\u00a0\u00c9douard Geffray.\u00a0<\/p>\n<p class=\"article-p mdl\">Ce haut fonctionnaire est devenu le septi\u00e8me locataire du minist\u00e8re de Grenelle, depuis 2022. \u00c0 47 ans,\u00a0\u00c9douard Geffray conna\u00eet bien les couloirs de ce minist\u00e8re, puisqu&rsquo;il en a \u00e9t\u00e9 pour en avoir \u00e9t\u00e9 la cheville ouvri\u00e8re en tant que directeur g\u00e9n\u00e9ral de l&rsquo;enseignement scolaire (Dgesco) de 2019 \u00e0 2024. Une position strat\u00e9gique au sein du minist\u00e8re.\u00a0<\/p>\n<p class=\"article-p mdl\">\u00c9douard Geffray a travaill\u00e9 aux c\u00f4t\u00e9s de Jean-Michel Blanquer, ministre de l&rsquo;\u00c9ducation nationale de 2017 \u00e0 2022, notamment lors de la tr\u00e8s d\u00e9licate gestion de la crise du Covid dans les \u00e9tablissements scolaires. Il a aussi travaill\u00e9 sur la mise en \u0153uvre de <strong>la r\u00e9forme du bac<\/strong> voulue par ce m\u00eame ministre. Toujours pr\u00e9sent au minist\u00e8re, lors de la nomination de Gabriel Attal \u00e0 sa t\u00eate en 2023, \u00c9douard Geffray a contribu\u00e9 \u00e0 la mise en place des groupes de niveaux au coll\u00e8ge.\u00a0\u00a0<\/p>\n<p>            L&rsquo;affaire du suicide de Christine Renon<\/p>\n<p class=\"article-p mdl\">\u00c0 peine nomm\u00e9 ministre de l&rsquo;\u00c9ducation nationale, \u00c9douard Geffray a fait face \u00e0 sa premi\u00e8re pol\u00e9mique. Selon\u00a0<a class=\"link\" href=\"https:\/\/x.com\/ChartrainOlivi2\/status\/1481735335604363268\" target=\"_blank\">Olivier Chartrain, journaliste sp\u00e9cialiste \u00e9ducation \u00e0 L&rsquo;Humanit\u00e9<\/a>, en d\u00e9cembre 2019, il avait compar\u00e9 le suicide de Christine Renon \u00ab\u00a0\u00e0 une chute dans un escalier\u00a0\u00bb.<\/p>\n<p class=\"article-p mdl\">Le 21 septembre 2019, la directrice d&rsquo;\u00e9cole,\u00a0<a class=\"link\" href=\"https:\/\/www.rtl.fr\/actu\/politique\/suicide-a-pantin-il-faut-saluer-la-memoire-de-christine-renon-declare-blanquer-sur-rtl-7798381154\" title=\"Suicide \u00e0 Pantin : &quot;Il faut saluer la m\u00e9moire de Christine Renon&quot;, d\u00e9clare Blanquer sur RTL\" target=\"_blank\" rel=\"noopener\">Christine Renon, s&rsquo;est suicid\u00e9e dans son \u00e9tablissement de Pantin<\/a>, en Seine-Saint-Denis. Elle avait laiss\u00e9 une lettre dans laquelle elle d\u00e9non\u00e7ait ses conditions de travail. Comme l&rsquo;indique la loi du 29 juillet 1983, portant sur les droits et les obligations des fonctionnaires, tout accident survenu \u00ab\u00a0dans le temps et le lieu du service\u00a0\u00bb d&rsquo;un fonctionnaire est \u00ab\u00a0pr\u00e9sum\u00e9 imputable au service\u00a0\u00bb.\u00a0<\/p>\n<p>            Des propos qui ont choqu\u00e9 des enseignants<\/p>\n<p class=\"article-p mdl\">\u00c0 l&rsquo;\u00e9poque directeur g\u00e9n\u00e9ral de l&rsquo;enseignement scolaire au sein du minist\u00e8re,\u00a0\u00c9douard Geffray avait indiqu\u00e9, comme le rapportait\u00a0<a class=\"link\" href=\"https:\/\/www.mediapart.fr\/journal\/france\/090120\/l-inspection-generale-degage-toute-responsabilite-de-l-education-nationale-dans-le-suicide-de-christine-re?utm_source=global&amp;utm_medium=social&amp;utm_campaign=SharingApp&amp;xtor=CS3-5\" target=\"_blank\" rel=\"noopener\">cet article de\u00a0Mediapart<\/a>\u00a0: \u00ab\u00a0Cette jurisprudence s&rsquo;applique \u00e0 n&rsquo;importe quel accident, par exemple si je tombe dans l&rsquo;escalier\u00a0\u00bb. Des propos qui avaient choqu\u00e9 des enseignants, comme l&rsquo;indiquait Mediapart.<\/p>\n<p class=\"article-p mdl\">\u00c0 l&rsquo;\u00e9t\u00e9 2024,\u00a0\u00c9douard Geffray\u00a0est retourn\u00e9 au\u00a0Conseil d&rsquo;\u00c9tat o\u00f9 il avait \u00e9t\u00e9 directeur g\u00e9n\u00e9ral des ressources humaines au sein de ce m\u00eame minist\u00e8re (2017-2019).\u00a0\u00c9douard Geffray est\u00a0aussi titulaire d&rsquo;une ma\u00eetrise d&rsquo;histoire et dipl\u00f4m\u00e9 de l&rsquo;Institut d&rsquo;\u00e9tudes politiques de Paris, sort de l&rsquo;\u00c9cole nationale d&rsquo;administration (ENA) en 2005 (promotion Romain Gary). Il a \u00e9t\u00e9 secr\u00e9taire g\u00e9n\u00e9ral de la Cnil (Commission nationale de l&rsquo;informatique et des libert\u00e9s) de 2012 \u00e0 2017, avant d&rsquo;occuper bri\u00e8vement le poste de directeur de cabinet de Fran\u00e7ois Bayrou, Garde des Sceaux, de mai \u00e0 juin 2017.<\/p>\n<p>    La r\u00e9daction vous recommande<\/p>\n<p class=\"s-newsletter__title\">\n                L\u2019actualit\u00e9 par la r\u00e9daction de RTL dans votre bo\u00eete mail.\n            <\/p>\n<p class=\"s-newsletter__subtitle\">\n                Gr\u00e2ce \u00e0 votre compte RTL abonnez-vous \u00e0 la newsletter RTL info pour suivre toute l&rsquo;actualit\u00e9 au quotidien\n            <\/p>\n<p>\n                                    Lire la suite\n                                <\/p>\n","protected":false},"excerpt":{"rendered":"De num\u00e9ro 2 du minist\u00e8re de l&rsquo;\u00c9ducation nationale pendant cinq ans, \u00e0 ministre.\u00a0N&rsquo;\u00e9tant pas reconduite au sein du&hellip;\n","protected":false},"author":2,"featured_media":459790,"comment_status":"","ping_status":"","sticky":false,"template":"","format":"standard","meta":{"footnotes":""},"categories":[2],"tags":[11,1126,1073,107,1011,27,418,12,25,11067],"class_list":{"0":"post-459789","1":"post","2":"type-post","3":"status-publish","4":"format-standard","5":"has-post-thumbnail","7":"category-actualites","8":"tag-actualites","9":"tag-education-nationale","10":"tag-emmanuel-macron","11":"tag-fil-info","12":"tag-fr","13":"tag-france","14":"tag-gouvernement","15":"tag-news","16":"tag-republique-francaise","17":"tag-sebastien-lecornu"},"share_on_mastodon":{"url":"https:\/\/pubeurope.com\/@fr\/115366755718424530","error":""},"_links":{"self":[{"href":"https:\/\/www.europesays.com\/fr\/wp-json\/wp\/v2\/posts\/459789","targetHints":{"allow":["GET"]}}],"collection":[{"href":"https:\/\/www.europesays.com\/fr\/wp-json\/wp\/v2\/posts"}],"about":[{"href":"https:\/\/www.europesays.com\/fr\/wp-json\/wp\/v2\/types\/post"}],"author":[{"embeddable":true,"href":"https:\/\/www.europesays.com\/fr\/wp-json\/wp\/v2\/users\/2"}],"replies":[{"embeddable":true,"href":"https:\/\/www.europesays.com\/fr\/wp-json\/wp\/v2\/comments?post=459789"}],"version-history":[{"count":0,"href":"https:\/\/www.europesays.com\/fr\/wp-json\/wp\/v2\/posts\/459789\/revisions"}],"wp:featuredmedia":[{"embeddable":true,"href":"https:\/\/www.europesays.com\/fr\/wp-json\/wp\/v2\/media\/459790"}],"wp:attachment":[{"href":"https:\/\/www.europesays.com\/fr\/wp-json\/wp\/v2\/media?parent=459789"}],"wp:term":[{"taxonomy":"category","embeddable":true,"href":"https:\/\/www.europesays.com\/fr\/wp-json\/wp\/v2\/categories?post=459789"},{"taxonomy":"post_tag","embeddable":true,"href":"https:\/\/www.europesays.com\/fr\/wp-json\/wp\/v2\/tags?post=459789"}],"curies":[{"name":"wp","href":"https:\/\/api.w.org\/{rel}","templated":true}]}}