{"id":459793,"date":"2025-10-13T12:05:15","date_gmt":"2025-10-13T12:05:15","guid":{"rendered":"https:\/\/www.europesays.com\/fr\/459793\/"},"modified":"2025-10-13T12:05:15","modified_gmt":"2025-10-13T12:05:15","slug":"warren-abrahams-selectionneur-de-lequipe-belge-de-rugby-a-7-est-mort-a-43-ans-en-plein-tournoi-au-kenya","status":"publish","type":"post","link":"https:\/\/www.europesays.com\/fr\/459793\/","title":{"rendered":"Warren Abrahams, s\u00e9lectionneur de l\u2019\u00e9quipe belge de rugby \u00e0 7, est mort \u00e0 43 ans, en plein tournoi au Kenya"},"content":{"rendered":"<p>Le monde du <a href=\"https:\/\/www.20minutes.fr\/sport\/rugby\/\" class=\"c-link c-link--is-underlined\" target=\"_blank\" rel=\"noopener\">rugby<\/a> rend massivement hommage depuis dimanche \u00e0 Warren Abrahams. Cet ancien rugbyman sud-africain, qui avait ensuite dirig\u00e9 plusieurs s\u00e9lections nationales f\u00e9minines comme le <a href=\"https:\/\/www.20minutes.fr\/dossier\/pays_de_galles\" class=\"c-link c-link--is-underlined\" target=\"_blank\" rel=\"noopener\">pays de Galles<\/a> et l\u2019Angleterre, puis depuis avril\u00a02025 l\u2019\u00e9quipe nationale belge de rugby \u00e0 7, est en effet d\u00e9c\u00e9d\u00e9 lors d\u2019un tournoi \u00e0 Nairobi (<a href=\"https:\/\/www.20minutes.fr\/monde\/kenya\/\" class=\"c-link c-link--is-underlined\" target=\"_blank\" rel=\"noopener\">Kenya<\/a>).<\/p>\n<p class=\"mb-xxl@xs color-ultramarine font-weight-semi-bold@xs font-source-serif-pro heading-s@xs\">L\u2019acc\u00e8s \u00e0 ce contenu a \u00e9t\u00e9 bloqu\u00e9 afin de respecter votre choix de consentement<\/p>\n<p class=\"mb-m@xs text-l@xs\">En cliquant sur\u00ab J\u2019accepte \u00bb, vous acceptez le d\u00e9p\u00f4t de cookies par des services externes et aurez ainsi acc\u00e8s aux contenus de nos partenaires.<\/p>\n<p class=\"mb-xl@xs text-s@xs\">Plus d\u2019informations sur la page<a href=\"https:\/\/www.20minutes.fr\/gestion-cookies\" class=\"mx-xxs@xs color-ultramarine\" target=\"_blank\" rel=\"noopener\">Politique de gestion des cookies<\/a><\/p>\n<p>J\u2019accepte<\/p>\n<p>La triste nouvelle a \u00e9t\u00e9 officialis\u00e9e dimanche par la f\u00e9d\u00e9ration belge de rugby. \u00ab\u00a0Nous sommes boulevers\u00e9s par le d\u00e9c\u00e8s soudain de l\u2019entra\u00eeneur principal des BelSevens Warren Abrahams, indique-t-elle <a href=\"https:\/\/www.instagram.com\/p\/DPtMI7ujkNJ\/\" rel=\"nofollow noopener\" target=\"_blank\" class=\"c-link c-link--is-underlined\">sur son compte Instagram<\/a>. Warren \u00e9tait bien plus qu\u2019un coach. Il \u00e9tait un mentor, un leader, et avant tout un \u00eatre humain d\u2019une grande gentillesse et g\u00e9n\u00e9rosit\u00e9.\u00a0\u00bb<\/p>\n<p>La s\u00e9lection belge a aussit\u00f4t quitt\u00e9 le tournoi de Nairobi<\/p>\n<p>Si les circonstances de ce \u00ab\u00a0d\u00e9c\u00e8s soudain\u00a0\u00bb de l\u2019entra\u00eeneur sud-africain de 43 ans ne sont pas encore connues, la f\u00e9d\u00e9 a annonc\u00e9 que l\u2019\u00e9quipe f\u00e9minine s\u2019\u00e9tait imm\u00e9diatement retir\u00e9e du tournoi k\u00e9nyan Safari 7\u2019s \u00e0 la suite de ce drame. \u00ab\u00a0Toutes les mesures n\u00e9cessaires ont \u00e9t\u00e9 prises afin d\u2019accompagner et de soutenir au mieux les joueuses et le staff. L\u2019\u00e9quipe est d\u00e9j\u00e0 rentr\u00e9e en <a href=\"https:\/\/www.20minutes.fr\/dossier\/belgique\" class=\"c-link c-link--is-underlined\" target=\"_blank\" rel=\"noopener\">Belgique<\/a> et continuera de b\u00e9n\u00e9ficier d\u2019un soutien psychologique pour l&rsquo;aider \u00e0 traverser cette \u00e9preuve\u00a0\u00bb, pr\u00e9cise Belgium Rugby.<\/p>\n<p><a href=\"https:\/\/www.20minutes.fr\/sport\/rugby\/\" class=\"c-link c-btn c-btn--primary\" target=\"_blank\" rel=\"noopener\">Notre dossier sur le rugby<\/a><\/p>\n<p>Fondateur de la structure Rugby Creative, Warren Abrahams laisse aussi derri\u00e8re lui <a href=\"https:\/\/x.com\/RugbyCreative\/status\/1976207440506126710\" rel=\"nofollow\" target=\"_blank\" class=\"c-link c-link--is-underlined\">un dernier message inspirant<\/a> post\u00e9 jeudi dernier sur le r\u00e9seau social X\u00a0: \u00ab\u00a0On ne devient pas un ma\u00eetre parce qu\u2019on est capable de retenir des connaissances. On devient un ma\u00eetre quand on est capable de les transmettre\u00a0\u00bb.<\/p>\n<p><script async src=\"\/\/www.instagram.com\/embed.js\"><\/script><\/p>\n","protected":false},"excerpt":{"rendered":"Le monde du rugby rend massivement hommage depuis dimanche \u00e0 Warren Abrahams. Cet ancien rugbyman sud-africain, qui avait&hellip;\n","protected":false},"author":2,"featured_media":459794,"comment_status":"","ping_status":"","sticky":false,"template":"","format":"standard","meta":{"footnotes":""},"categories":[1416],"tags":[5594,828,3983,1011,27,8557,479,1468,517,29249,60],"class_list":{"0":"post-459793","1":"post","2":"type-post","3":"status-publish","4":"format-standard","5":"has-post-thumbnail","7":"category-rugby","8":"tag-afrique-du-sud","9":"tag-belgique","10":"tag-deces","11":"tag-fr","12":"tag-france","13":"tag-kenya","14":"tag-rugby","15":"tag-rugby-football","16":"tag-sport","17":"tag-sport-feminin","18":"tag-sports"},"share_on_mastodon":{"url":"https:\/\/pubeurope.com\/@fr\/115366771055759963","error":""},"_links":{"self":[{"href":"https:\/\/www.europesays.com\/fr\/wp-json\/wp\/v2\/posts\/459793","targetHints":{"allow":["GET"]}}],"collection":[{"href":"https:\/\/www.europesays.com\/fr\/wp-json\/wp\/v2\/posts"}],"about":[{"href":"https:\/\/www.europesays.com\/fr\/wp-json\/wp\/v2\/types\/post"}],"author":[{"embeddable":true,"href":"https:\/\/www.europesays.com\/fr\/wp-json\/wp\/v2\/users\/2"}],"replies":[{"embeddable":true,"href":"https:\/\/www.europesays.com\/fr\/wp-json\/wp\/v2\/comments?post=459793"}],"version-history":[{"count":0,"href":"https:\/\/www.europesays.com\/fr\/wp-json\/wp\/v2\/posts\/459793\/revisions"}],"wp:featuredmedia":[{"embeddable":true,"href":"https:\/\/www.europesays.com\/fr\/wp-json\/wp\/v2\/media\/459794"}],"wp:attachment":[{"href":"https:\/\/www.europesays.com\/fr\/wp-json\/wp\/v2\/media?parent=459793"}],"wp:term":[{"taxonomy":"category","embeddable":true,"href":"https:\/\/www.europesays.com\/fr\/wp-json\/wp\/v2\/categories?post=459793"},{"taxonomy":"post_tag","embeddable":true,"href":"https:\/\/www.europesays.com\/fr\/wp-json\/wp\/v2\/tags?post=459793"}],"curies":[{"name":"wp","href":"https:\/\/api.w.org\/{rel}","templated":true}]}}