{"id":459803,"date":"2025-10-13T12:11:10","date_gmt":"2025-10-13T12:11:10","guid":{"rendered":"https:\/\/www.europesays.com\/fr\/459803\/"},"modified":"2025-10-13T12:11:10","modified_gmt":"2025-10-13T12:11:10","slug":"les-supporters-men-ont-voulu-pour-cette-frappe-face-a-lajax-mais-je-nai-jamais-triche-maxwel-cornet-se-confie-sur-lol-le-progres","status":"publish","type":"post","link":"https:\/\/www.europesays.com\/fr\/459803\/","title":{"rendered":"\u00ab Les supporters m\u2019en ont voulu pour cette frappe face \u00e0 l\u2019Ajax, mais je n\u2019ai jamais trich\u00e9 \u00bb : Maxwel Cornet se confie sur l&#039;OL &#8211; Le Progr\u00e8s"},"content":{"rendered":"<ol>\n<li><a href=\"https:\/\/news.google.com\/rss\/articles\/CBMijAJBVV95cUxQT2M0WVZMWEFKbUttSVMtOTM4QlRmd0ViQVlnQ28wTDJoZmNVSmd3Q1d5dW1aNmdYYWgtQ2d2bVRsT19hWnNWWnlXNzJCbXpSek92b1RSZXFONVZ4eTRkbms0RXZUUExfV0Ffc2lmYTNWMTN5R2hodmhiM2tVa3h6cHItenZXWFhoU0Uzd21xNWNkb0dpM0hIblIxUVk0VGFmUVN2VkVLb1ZIUURTTnJyZmFGZlVxaWh2cFRQOWxWb3pIV0QxVWdvQmhwQ2k1ZXZoa01sdGY1a1Y1ekl3LUZaMWhYdDUyeFFzS01iNU9uUnRZWUpsX3RicHBEOWJ6M2pOeVdiUS1IaEJxcW5N?oc=5\" target=\"_blank\" rel=\"noopener\">\u00ab Les supporters m\u2019en ont voulu pour cette frappe face \u00e0 l\u2019Ajax, mais je n\u2019ai jamais trich\u00e9 \u00bb : Maxwel Cornet se confie sur l&rsquo;OL<\/a>&nbsp;&nbsp;Le Progr\u00e8s<\/li>\n<li><a href=\"https:\/\/news.google.com\/rss\/articles\/CBMigwFBVV95cUxPYnoxUjJiekNKb1lRWVVsd3VjYTJqbkRZRDlLZEM2M1dRT2NZOWkzUGJLUkpPcUMzWE9zaC1VRWlQOXBFVEk5S3FsQkcyQUxiSEgwRkRtcUpEb0otVExiSFBnNWNVNGFYajJCRVVrWFh6TzdfQzdIa29aVlVUd1RpUkNMYw?oc=5\" target=\"_blank\" rel=\"noopener\">Mercato OL : Maxwel Cornet, l&rsquo;improbable retour<\/a>&nbsp;&nbsp;Daily Mercato<\/li>\n<li><a href=\"https:\/\/news.google.com\/rss\/articles\/CBMidkFVX3lxTE9WbEFHX1prbDdadEhzYkNHT0d0d3RVdHZ0RW1ZOHJGbHhwMjhjNFR4amJFeHR5NVcwN0U0WmhaYUhKY2JGVUdNU3VwMnItQTY5WFJ4dTJGdThocVF5R3R1UmpnYnhMeHdUWDYwSWF2dWVZZFZZdlE?oc=5\" target=\"_blank\" rel=\"noopener\">OL : Un ancien Lyonnais veut imiter Ghezzal<\/a>&nbsp;&nbsp;Foot01<\/li>\n<li><a href=\"https:\/\/news.google.com\/rss\/articles\/CBMioAFBVV95cUxQbDZLcTlHYW5kTVBXMXBYRFV0OXhUdlF3VlhGdjVkNWVWRnItTGNNR1lfUjFqYnBhOXNZOHRLXzRhZnVoMTFSNER1S2loeENkNVpod181azk2aVk0RUtSSjJUTHEyZUx2aVVlQXVBQnF6Z3BHeXVNSEQ1M2ZjUkt6T1JCUkZzajZFVFhRbmlrYTBmb1VnR2dtbUpWeV9lREIx?oc=5\" target=\"_blank\" rel=\"noopener\">\u00ab\u00a0Lyon m&rsquo;a vraiment marqu\u00e9\u00a0\u00bb : Maxwel Cornet pr\u00eat \u00e0 revenir \u00e0 l&rsquo;OL ?<\/a>&nbsp;&nbsp;lyonfoot.com<\/li>\n<li><a href=\"https:\/\/news.google.com\/rss\/articles\/CBMilAFBVV95cUxPMGd3MThfc2xJZkVpUjJpNWNNYXEtdUgxQklBWHVOX1V0M3pnbGtUMENXQXVSLVpIUDJwYkJacUZGSzB0cnhZZEFoQld0SWFQZnhhNmZLSmVkTldDVGQxaWpwOXZaUXpBajc3MThySUJxdWdfdzZFX1dWMlhWanhyRVRUcGQ3N2hndVBCMXU3ZGlWNWd0?oc=5\" target=\"_blank\" rel=\"noopener\">Football &#8211; Gone un jour, gone toujours. OL : la nouvelle vie italienne du Lyonnais de coeur Maxwel Cornet<\/a>&nbsp;&nbsp;Le Progr\u00e8s<\/li>\n<\/ol>\n","protected":false},"excerpt":{"rendered":"\u00ab Les supporters m\u2019en ont voulu pour cette frappe face \u00e0 l\u2019Ajax, mais je n\u2019ai jamais trich\u00e9 \u00bb&hellip;\n","protected":false},"author":2,"featured_media":459804,"comment_status":"","ping_status":"","sticky":false,"template":"","format":"standard","meta":{"footnotes":""},"categories":[1410],"tags":[2757,63,1011,27,2428,2756,2755,517,60],"class_list":{"0":"post-459803","1":"post","2":"type-post","3":"status-publish","4":"format-standard","5":"has-post-thumbnail","7":"category-football","8":"tag-edition-lyon-villeurbanne","9":"tag-football","10":"tag-fr","11":"tag-france","12":"tag-lyon","13":"tag-lyon-bassin","14":"tag-ol-olympique-lyonnais-football","15":"tag-sport","16":"tag-sports"},"share_on_mastodon":{"url":"https:\/\/pubeurope.com\/@fr\/115366794862916247","error":""},"_links":{"self":[{"href":"https:\/\/www.europesays.com\/fr\/wp-json\/wp\/v2\/posts\/459803","targetHints":{"allow":["GET"]}}],"collection":[{"href":"https:\/\/www.europesays.com\/fr\/wp-json\/wp\/v2\/posts"}],"about":[{"href":"https:\/\/www.europesays.com\/fr\/wp-json\/wp\/v2\/types\/post"}],"author":[{"embeddable":true,"href":"https:\/\/www.europesays.com\/fr\/wp-json\/wp\/v2\/users\/2"}],"replies":[{"embeddable":true,"href":"https:\/\/www.europesays.com\/fr\/wp-json\/wp\/v2\/comments?post=459803"}],"version-history":[{"count":0,"href":"https:\/\/www.europesays.com\/fr\/wp-json\/wp\/v2\/posts\/459803\/revisions"}],"wp:featuredmedia":[{"embeddable":true,"href":"https:\/\/www.europesays.com\/fr\/wp-json\/wp\/v2\/media\/459804"}],"wp:attachment":[{"href":"https:\/\/www.europesays.com\/fr\/wp-json\/wp\/v2\/media?parent=459803"}],"wp:term":[{"taxonomy":"category","embeddable":true,"href":"https:\/\/www.europesays.com\/fr\/wp-json\/wp\/v2\/categories?post=459803"},{"taxonomy":"post_tag","embeddable":true,"href":"https:\/\/www.europesays.com\/fr\/wp-json\/wp\/v2\/tags?post=459803"}],"curies":[{"name":"wp","href":"https:\/\/api.w.org\/{rel}","templated":true}]}}