{"id":459816,"date":"2025-10-13T12:18:12","date_gmt":"2025-10-13T12:18:12","guid":{"rendered":"https:\/\/www.europesays.com\/fr\/459816\/"},"modified":"2025-10-13T12:18:12","modified_gmt":"2025-10-13T12:18:12","slug":"a-57-ans-elle-decouvre-ce-petit-dejeuner-etonnamment-simple","status":"publish","type":"post","link":"https:\/\/www.europesays.com\/fr\/459816\/","title":{"rendered":"\u00c0 57\u00a0ans, elle d\u00e9couvre ce petit-d\u00e9jeuner \u00e9tonnamment simple"},"content":{"rendered":"<p>\n                Ce rituel matinal lui a permis de traverser la m\u00e9nopause sans reprendre les kilos perdus.            <\/p>\n<p>Il y a des routines qui changent une vie. \u00c0 57\u00a0ans, Petra Genco a trouv\u00e9 la sienne au r\u00e9veil\u00a0: un petit-d\u00e9jeuner qui ne varie jamais. Sa communaut\u00e9 en ligne, forte de plusieurs millions d&rsquo;abonn\u00e9s, en redemande. Derri\u00e8re cette histoire, une r\u00e9alit\u00e9 plus large\u00a0: l&rsquo;importance d&rsquo;un premier repas riche en prot\u00e9ines et bien pens\u00e9 pour tenir la journ\u00e9e.<\/p>\n<p>En France, la moiti\u00e9 des femmes entre 45\u00a0et 65\u00a0ans sont en surpoids ou ob\u00e8ses, selon Sant\u00e9 publique France. La <a href=\"https:\/\/sante.journaldesfemmes.fr\/fiches-sexo-gyneco\/2504370-menopause-definition-age-premiers-symptomes-traitements\/\" title=\"M\u00e9nopause\" target=\"_blank\" rel=\"noopener\">m\u00e9nopause<\/a> est un moment charni\u00e8re\u00a0: les bouleversements hormonaux entra\u00eenent une redistribution des graisses, un ralentissement du m\u00e9tabolisme et une perte progressive de masse musculaire. Le ph\u00e9nom\u00e8ne est document\u00e9 par l&rsquo;Inserm, qui parle d&rsquo;une \u00ab\u00a0<a href=\"https:\/\/sante.journaldesfemmes.fr\/fiches-maladies\/2891729-sarcopenie-symptomes-cause-test-traitement\/\" title=\"Sarcop\u00e9nie\" target=\"_blank\" rel=\"noopener\">sarcop\u00e9nie<\/a> silencieuse\u00a0\u00bb, marqu\u00e9e par une fonte musculaire parfois invisible, mais r\u00e9elle. R\u00e9sultat\u00a0: beaucoup de femmes constatent une prise de poids alors m\u00eame qu&rsquo;elles n&rsquo;ont pas chang\u00e9 leurs habitudes.<\/p>\n<p>Pour Petra Genco,\u00a0le d\u00e9clic s&rsquo;est produit \u00e0 la plage, un \u00e9t\u00e9, quand elle a r\u00e9alis\u00e9 que ses efforts pour rester en forme n&rsquo;\u00e9taient plus suffisants. \u00ab\u00a0Je me suis promis de perdre ces kilos en trop avant mes prochaines vacances\u00a0\u00bb, raconte-t-elle sur Instagram. Le chemin n&rsquo;a pas \u00e9t\u00e9 imm\u00e9diat. Elle a d\u00fb exp\u00e9rimenter, ajuster, chercher ce qui fonctionnerait sur le long terme. En six mois, elle a perdu 13\u00a0kilos, et elle affirme que sa discipline matinale y est pour beaucoup.<\/p>\n<p>Son histoire\u00a0illustre un constat partag\u00e9 par de nombreux experts\u00a0: le petit-d\u00e9jeuner est loin d&rsquo;\u00eatre anodin. En France, 80\u00a0% des adultes en prennent un, mais dans une version souvent sucr\u00e9e, \u00e0 base de c\u00e9r\u00e9ales industrielles, de viennoiseries ou de pain blanc. Or, ce type de repas d\u00e9clenche un pic de glyc\u00e9mie rapide, suivi d&rsquo;une baisse brutale d&rsquo;\u00e9nergie. L&rsquo;effet est double\u00a0: une sensation de faim revient vite et la tentation de grignoter s&rsquo;installe. \u00c0 l&rsquo;inverse, un petit-d\u00e9jeuner prot\u00e9in\u00e9 et riche en fibres permet d&rsquo;allonger la sati\u00e9t\u00e9.<\/p>\n<p>Une \u00e9tude publi\u00e9e dans Obesity Research &amp; Clinical Practice\u00a0montre que consommer 30\u00a0grammes de prot\u00e9ines au petit-d\u00e9jeuner r\u00e9duit significativement les fringales dans la journ\u00e9e. D&rsquo;autres travaux, parus dans The American Journal of Clinical Nutrition, confirment que la pr\u00e9sence d&rsquo;\u0153ufs ou de produits laitiers riches en prot\u00e9ines am\u00e9liore le contr\u00f4le de l&rsquo;app\u00e9tit et facilite la perte de poids chez les femmes m\u00e9nopaus\u00e9es.<\/p>\n<p>\u00ab\u00a0C&rsquo;est vraiment facile \u00e0 faire, cela prend environ cinq minutes et c&rsquo;est plein de prot\u00e9ines, donc cela me gardera rassasi\u00e9e pendant longtemps, m&#8217;emp\u00eachera de grignoter\u00a0\u00bb, r\u00e9sume la cinquantenaire.\u00a0La recette en question ?\u00a0Chaque matin, elle casse trois \u0153ufs, les brouille doucement dans une po\u00eale avec une noisette de beurre, ajoute un demi-avocat coup\u00e9 en d\u00e9s et termine par une g\u00e9n\u00e9reuse cuiller\u00e9e de fromage blanc. Parfois, quelques fraises viennent compl\u00e9ter l&rsquo;assiette.<\/p>\n<p>Ici, les prot\u00e9ines stimulent la production de peptides intestinaux comme la ghr\u00e9line et le GLP-1, qui r\u00e9gulent la faim. Elles participent aussi \u00e0 l&rsquo;entretien de la masse musculaire. Les bons gras, tels que l&rsquo;avocat, ralentissent la digestion et prolongent la sati\u00e9t\u00e9. Quant aux fibres, elles participent \u00e0 la r\u00e9gulation du sucre dans le sang. Bref, le combo parfait !<\/p>\n","protected":false},"excerpt":{"rendered":"Ce rituel matinal lui a permis de traverser la m\u00e9nopause sans reprendre les kilos perdus. Il y a&hellip;\n","protected":false},"author":2,"featured_media":459817,"comment_status":"","ping_status":"","sticky":false,"template":"","format":"standard","meta":{"footnotes":""},"categories":[10],"tags":[58459,51761,51763,53013,1011,27,72,51766,51767,71],"class_list":{"0":"post-459816","1":"post","2":"type-post","3":"status-publish","4":"format-standard","5":"has-post-thumbnail","7":"category-sante","8":"tag-cms-journaldesfemmes-3241246","9":"tag-controller-content","10":"tag-format-papier","11":"tag-forme-et-minceur","12":"tag-fr","13":"tag-france","14":"tag-health","15":"tag-les-histoires-du-jdf","16":"tag-parallaxeinfeed","17":"tag-sante"},"share_on_mastodon":{"url":"https:\/\/pubeurope.com\/@fr\/115366822906638975","error":""},"_links":{"self":[{"href":"https:\/\/www.europesays.com\/fr\/wp-json\/wp\/v2\/posts\/459816","targetHints":{"allow":["GET"]}}],"collection":[{"href":"https:\/\/www.europesays.com\/fr\/wp-json\/wp\/v2\/posts"}],"about":[{"href":"https:\/\/www.europesays.com\/fr\/wp-json\/wp\/v2\/types\/post"}],"author":[{"embeddable":true,"href":"https:\/\/www.europesays.com\/fr\/wp-json\/wp\/v2\/users\/2"}],"replies":[{"embeddable":true,"href":"https:\/\/www.europesays.com\/fr\/wp-json\/wp\/v2\/comments?post=459816"}],"version-history":[{"count":0,"href":"https:\/\/www.europesays.com\/fr\/wp-json\/wp\/v2\/posts\/459816\/revisions"}],"wp:featuredmedia":[{"embeddable":true,"href":"https:\/\/www.europesays.com\/fr\/wp-json\/wp\/v2\/media\/459817"}],"wp:attachment":[{"href":"https:\/\/www.europesays.com\/fr\/wp-json\/wp\/v2\/media?parent=459816"}],"wp:term":[{"taxonomy":"category","embeddable":true,"href":"https:\/\/www.europesays.com\/fr\/wp-json\/wp\/v2\/categories?post=459816"},{"taxonomy":"post_tag","embeddable":true,"href":"https:\/\/www.europesays.com\/fr\/wp-json\/wp\/v2\/tags?post=459816"}],"curies":[{"name":"wp","href":"https:\/\/api.w.org\/{rel}","templated":true}]}}