{"id":459820,"date":"2025-10-13T12:20:19","date_gmt":"2025-10-13T12:20:19","guid":{"rendered":"https:\/\/www.europesays.com\/fr\/459820\/"},"modified":"2025-10-13T12:20:19","modified_gmt":"2025-10-13T12:20:19","slug":"miss-france-2026-se-trouve-parmi-lune-de-ces-30-candidates-les-voici","status":"publish","type":"post","link":"https:\/\/www.europesays.com\/fr\/459820\/","title":{"rendered":"Miss France 2026\u00a0se trouve parmi l\u2019une de ces 30\u00a0candidates, les voici"},"content":{"rendered":"<p>        <img decoding=\"async\" loading=\"lazy\" src=\"https:\/\/www.europesays.com\/fr\/wp-content\/uploads\/2025\/10\/71c50f3_upload-1-dxarekvlqxgz-afp-20241214-36qc4vg-v2-highres-topshotfrancemissbeautycontest2025.jpg\"  width=\"728\" height=\"409\" alt=\"Le concours de Miss France 2026\u00a0se tiendra \u00e0 Amiens, le 6\u00a0d\u00e9cembre prochain.\"\/>  <\/p>\n<p>ROMAIN PERROCHEAU \/ AFP<\/p>\n<p>Le concours de Miss France 2026\u00a0se tiendra \u00e0 Amiens, le 6\u00a0d\u00e9cembre prochain.<\/p>\n<p class=\"asset asset-text\">T\u00c9L\u00c9VISION &#8211; Qui pour succ\u00e9der \u00e0 <a href=\"https:\/\/www.huffingtonpost.fr\/divertissement\/video\/miss-france-2025-qui-est-angelique-angarni-filopon-la-successeure-d-eve-gilles_243562.html\" target=\"_blank\" rel=\"noopener\">Ang\u00e9lique Angarni-Filopon<\/a>\u00a0? Ce dimanche 12\u00a0octobre, le casting des 30\u00a0pr\u00e9tendantes au titre de <a href=\"https:\/\/www.huffingtonpost.fr\/medias\/article\/l-ex-miss-france-camille-cerf-a-postule-pour-remplacer-olivier-minne-dans-fort-boyard_253810.html\" target=\"_blank\" rel=\"noopener\">Miss France<\/a> 2026\u00a0s\u2019est enfin vu compl\u00e9ter avec le sacre d\u2019Yn\u00e8s Lallemand, \u00e9lue Miss Champagne-Ardenne dans la soir\u00e9e \u00e0 Reims, \u00e0 pr\u00e8s de deux mois de l\u2019\u00e9lection de <a href=\"https:\/\/www.huffingtonpost.fr\/life\/article\/pour-octobre-rose-vaimalama-chaves-montre-son-soutien-par-un-geste-tres-fort_255646.html\" target=\"_blank\" rel=\"noopener\">la reine de beaut\u00e9<\/a> nationale.<\/p>\n<p class=\"asset asset-text\">L\u2019\u00e9mission doit se tenir le 6\u00a0d\u00e9cembre prochain en direct sur TF1\u00a0depuis le Z\u00e9nith d\u2019Amiens, en Picardie, avec Jean-Pierre Foucault \u00e0 la pr\u00e9sentation, comme depuis plus de trente ans. Le jury de cette nouvelle \u00e9dition, entre autres compos\u00e9 de Marie-Jos\u00e9 P\u00e9rec et <a href=\"https:\/\/www.huffingtonpost.fr\/justice\/article\/pourquoi-nawell-madani-accusee-d-avoir-frappe-un-enfant-va-echapper-a-un-proces_255847.html\" target=\"_blank\" rel=\"noopener\">Nawall Madani<\/a> en 2024, n\u2019a pas encore \u00e9t\u00e9 d\u00e9voil\u00e9.<\/p>\n<p class=\"asset asset-text\">En attendant l\u2019arriv\u00e9e imminente de nouvelles informations \u00e0 ce sujet et sur le reste de la soir\u00e9e, Le HuffPost vous propose de d\u00e9couvrir ci-dessous le profil des aspirantes \u00e0 la couronne.<\/p>\n<p>    <strong>Miss Alsace\u00a0:<\/strong>    <\/p>\n<p class=\"asset asset-text\">Julie Decroix a 20\u00a0ans, et est actuellement \u00e9tudiante en psychologie \u00e0 l\u2019universit\u00e9 de Strasbourg. Elle a \u00e9t\u00e9 \u00e9lue dans la ville de Kirrwiller, le 26\u00a0juin.<\/p>\n<p> La lecture de ce contenu est susceptible d\u2019entra\u00eener un d\u00e9p\u00f4t de cookies de la part de l\u2019op\u00e9rateur tiers qui l\u2019h\u00e9berge. Compte-tenu des choix que vous avez exprim\u00e9s en mati\u00e8re de d\u00e9p\u00f4t de cookies, nous avons bloqu\u00e9 l\u2019affichage de ce contenu. Si vous souhaitez y acc\u00e9der, vous devez accepter la cat\u00e9gorie de cookies \u201cContenus tiers\u201d en cliquant sur le bouton ci-dessous. <\/p>\n<p> Lire la Vid\u00e9o        <strong>Miss Aquitaine\u00a0:<\/strong>    <\/p>\n<p class=\"asset asset-text\">A\u00efnhoa Lahitete\u00a0a 19\u00a0ans, et suit actuellement des \u00e9tudes en droit. Originaire du Pays basque, elle a \u00e9t\u00e9 \u00e9lue le 5\u00a0octobre au Futuroscope, pr\u00e8s de Poitiers.<\/p>\n<p> La lecture de ce contenu est susceptible d\u2019entra\u00eener un d\u00e9p\u00f4t de cookies de la part de l\u2019op\u00e9rateur tiers qui l\u2019h\u00e9berge. Compte-tenu des choix que vous avez exprim\u00e9s en mati\u00e8re de d\u00e9p\u00f4t de cookies, nous avons bloqu\u00e9 l\u2019affichage de ce contenu. Si vous souhaitez y acc\u00e9der, vous devez accepter la cat\u00e9gorie de cookies \u201cContenus tiers\u201d en cliquant sur le bouton ci-dessous. <\/p>\n<p> Lire la Vid\u00e9o        <strong>Miss Auvergne\u00a0:<\/strong>    <\/p>\n<p class=\"asset asset-text\">Alice De Lima Guimaraes a 19\u00a0ans, et est \u00e9tudiante en classe de pr\u00e9pa litt\u00e9raire. Elle est originaire de Vichy, commune de l\u2019Allier o\u00f9 elle a \u00e9t\u00e9 \u00e9lue le 5\u00a0juillet.<\/p>\n<p> La lecture de ce contenu est susceptible d\u2019entra\u00eener un d\u00e9p\u00f4t de cookies de la part de l\u2019op\u00e9rateur tiers qui l\u2019h\u00e9berge. Compte-tenu des choix que vous avez exprim\u00e9s en mati\u00e8re de d\u00e9p\u00f4t de cookies, nous avons bloqu\u00e9 l\u2019affichage de ce contenu. Si vous souhaitez y acc\u00e9der, vous devez accepter la cat\u00e9gorie de cookies \u201cContenus tiers\u201d en cliquant sur le bouton ci-dessous. <\/p>\n<p> Lire la Vid\u00e9o        <strong>Miss Bourgogne\u00a0:<\/strong>    <\/p>\n<p class=\"asset asset-text\">Charl\u00e8ne Laurin a 22\u00a0ans, et travaille en tant que pr\u00e9paratrice en pharmacie. Elle s\u2019est vue \u00e9lire \u00e0 Chalon-sur-Sa\u00f4ne\u00a0le 21\u00a0septembre.<\/p>\n<p> La lecture de ce contenu est susceptible d\u2019entra\u00eener un d\u00e9p\u00f4t de cookies de la part de l\u2019op\u00e9rateur tiers qui l\u2019h\u00e9berge. Compte-tenu des choix que vous avez exprim\u00e9s en mati\u00e8re de d\u00e9p\u00f4t de cookies, nous avons bloqu\u00e9 l\u2019affichage de ce contenu. Si vous souhaitez y acc\u00e9der, vous devez accepter la cat\u00e9gorie de cookies \u201cContenus tiers\u201d en cliquant sur le bouton ci-dessous. <\/p>\n<p> Lire la Vid\u00e9o        <strong>Miss Bretagne\u00a0:<\/strong>    <\/p>\n<p class=\"asset asset-text\">Ninon Crolas a 18\u00a0ans, et est \u00e9tudiante en premi\u00e8re ann\u00e9e d\u2019\u00e9cole d\u2019infirmi\u00e8re. Elle a \u00e9t\u00e9 \u00e9lue dans la commune de Ploemeur, dans le Morbihan, le 26\u00a0septembre.<\/p>\n<p> La lecture de ce contenu est susceptible d\u2019entra\u00eener un d\u00e9p\u00f4t de cookies de la part de l\u2019op\u00e9rateur tiers qui l\u2019h\u00e9berge. Compte-tenu des choix que vous avez exprim\u00e9s en mati\u00e8re de d\u00e9p\u00f4t de cookies, nous avons bloqu\u00e9 l\u2019affichage de ce contenu. Si vous souhaitez y acc\u00e9der, vous devez accepter la cat\u00e9gorie de cookies \u201cContenus tiers\u201d en cliquant sur le bouton ci-dessous. <\/p>\n<p> Lire la Vid\u00e9o        <strong>Miss Centre-Val de Loire\u00a0:<\/strong>    <\/p>\n<p class=\"asset asset-text\">Anna Valero a 19\u00a0ans, et suit des \u00e9tudes de m\u00e9decine dans l\u2019id\u00e9e de se sp\u00e9cialiser en cardiologie. Elle a \u00e9t\u00e9 \u00e9lue \u00e0 Dreux le 6\u00a0juillet.<\/p>\n<p> La lecture de ce contenu est susceptible d\u2019entra\u00eener un d\u00e9p\u00f4t de cookies de la part de l\u2019op\u00e9rateur tiers qui l\u2019h\u00e9berge. Compte-tenu des choix que vous avez exprim\u00e9s en mati\u00e8re de d\u00e9p\u00f4t de cookies, nous avons bloqu\u00e9 l\u2019affichage de ce contenu. Si vous souhaitez y acc\u00e9der, vous devez accepter la cat\u00e9gorie de cookies \u201cContenus tiers\u201d en cliquant sur le bouton ci-dessous. <\/p>\n<p> Lire la Vid\u00e9o        <strong>Miss Champagne-Ardenne\u00a0:<\/strong>    <\/p>\n<p class=\"asset asset-text\">Yn\u00e8s Lallemand\u00a0a 19\u00a0ans, et est \u00e9tudiante en droit. Originaire de Reims, elle a \u00e9t\u00e9 \u00e9lue dans sa ville natale le 12\u00a0octobre dernier.<\/p>\n<p> La lecture de ce contenu est susceptible d\u2019entra\u00eener un d\u00e9p\u00f4t de cookies de la part de l\u2019op\u00e9rateur tiers qui l\u2019h\u00e9berge. Compte-tenu des choix que vous avez exprim\u00e9s en mati\u00e8re de d\u00e9p\u00f4t de cookies, nous avons bloqu\u00e9 l\u2019affichage de ce contenu. Si vous souhaitez y acc\u00e9der, vous devez accepter la cat\u00e9gorie de cookies \u201cContenus tiers\u201d en cliquant sur le bouton ci-dessous. <\/p>\n<p> Lire la Vid\u00e9o        <strong>Miss Corse\u00a0:<\/strong>    <\/p>\n<p class=\"asset asset-text\">Manon Mateus\u00a0a 23\u00a0ans, et d\u00e9j\u00e0 plusieurs activit\u00e9s en tant qu\u2019entrepreneuse, dont sa propre gelateria ambulante. Elle a \u00e9t\u00e9 \u00e9lue \u00e0 Porticcio\u00a0le 24\u00a0juillet.<\/p>\n<p> La lecture de ce contenu est susceptible d\u2019entra\u00eener un d\u00e9p\u00f4t de cookies de la part de l\u2019op\u00e9rateur tiers qui l\u2019h\u00e9berge. Compte-tenu des choix que vous avez exprim\u00e9s en mati\u00e8re de d\u00e9p\u00f4t de cookies, nous avons bloqu\u00e9 l\u2019affichage de ce contenu. Si vous souhaitez y acc\u00e9der, vous devez accepter la cat\u00e9gorie de cookies \u201cContenus tiers\u201d en cliquant sur le bouton ci-dessous. <\/p>\n<p> Lire la Vid\u00e9o        <strong>Miss C\u00f4te d\u2019Azur\u00a0:<\/strong>    <\/p>\n<p class=\"asset asset-text\">Luna Maiolino\u00a0a 19\u00a0ans, et suit des \u00e9tudes en techniques de commercialisation. Elle a \u00e9t\u00e9 \u00e9lue le 27\u00a0juillet \u00e0 Fr\u00e9jus, dans le Var.<\/p>\n<p> La lecture de ce contenu est susceptible d\u2019entra\u00eener un d\u00e9p\u00f4t de cookies de la part de l\u2019op\u00e9rateur tiers qui l\u2019h\u00e9berge. Compte-tenu des choix que vous avez exprim\u00e9s en mati\u00e8re de d\u00e9p\u00f4t de cookies, nous avons bloqu\u00e9 l\u2019affichage de ce contenu. Si vous souhaitez y acc\u00e9der, vous devez accepter la cat\u00e9gorie de cookies \u201cContenus tiers\u201d en cliquant sur le bouton ci-dessous. <\/p>\n<p> Lire la Vid\u00e9o        <strong>Miss Franche-Comt\u00e9\u00a0:<\/strong>    <\/p>\n<p class=\"asset asset-text\">Jade Cholley a 19\u00a0ans, et est actuellement en deuxi\u00e8me ann\u00e9e de BTS professions immobili\u00e8res. Elle a \u00e9t\u00e9 \u00e9lue le 14\u00a0septembre \u00e0 Port-sur-Sa\u00f4ne, dans la Haute-Sa\u00f4ne.<\/p>\n<p> La lecture de ce contenu est susceptible d\u2019entra\u00eener un d\u00e9p\u00f4t de cookies de la part de l\u2019op\u00e9rateur tiers qui l\u2019h\u00e9berge. Compte-tenu des choix que vous avez exprim\u00e9s en mati\u00e8re de d\u00e9p\u00f4t de cookies, nous avons bloqu\u00e9 l\u2019affichage de ce contenu. Si vous souhaitez y acc\u00e9der, vous devez accepter la cat\u00e9gorie de cookies \u201cContenus tiers\u201d en cliquant sur le bouton ci-dessous. <\/p>\n<p> Lire la Vid\u00e9o        <strong>Miss Guadeloupe\u00a0:<\/strong>    <\/p>\n<p class=\"asset asset-text\">Naomi Torrent a 30\u00a0ans, et est analyste financi\u00e8re. La \u00ab\u00a0doyenne\u00a0\u00bb de cette \u00e9dition a \u00e9t\u00e9 \u00e9lue le 19\u00a0juillet au Gosier.<\/p>\n<p> La lecture de ce contenu est susceptible d\u2019entra\u00eener un d\u00e9p\u00f4t de cookies de la part de l\u2019op\u00e9rateur tiers qui l\u2019h\u00e9berge. Compte-tenu des choix que vous avez exprim\u00e9s en mati\u00e8re de d\u00e9p\u00f4t de cookies, nous avons bloqu\u00e9 l\u2019affichage de ce contenu. Si vous souhaitez y acc\u00e9der, vous devez accepter la cat\u00e9gorie de cookies \u201cContenus tiers\u201d en cliquant sur le bouton ci-dessous. <\/p>\n<p> Lire la Vid\u00e9o        <strong>Miss Guyane\u00a0:<\/strong>    <\/p>\n<p class=\"asset asset-text\">Alicia Mertosetiko a 20\u00a0ans, et est en deuxi\u00e8me ann\u00e9e de BTS professions immobili\u00e8res. Elle a \u00e9t\u00e9 \u00e9lue le 12\u00a0juillet \u00e0 Matoury.<\/p>\n<p> La lecture de ce contenu est susceptible d\u2019entra\u00eener un d\u00e9p\u00f4t de cookies de la part de l\u2019op\u00e9rateur tiers qui l\u2019h\u00e9berge. Compte-tenu des choix que vous avez exprim\u00e9s en mati\u00e8re de d\u00e9p\u00f4t de cookies, nous avons bloqu\u00e9 l\u2019affichage de ce contenu. Si vous souhaitez y acc\u00e9der, vous devez accepter la cat\u00e9gorie de cookies \u201cContenus tiers\u201d en cliquant sur le bouton ci-dessous. <\/p>\n<p> Lire la Vid\u00e9o        <strong>Miss \u00cele-de-France\u00a0:<\/strong>    <\/p>\n<p class=\"asset asset-text\">Mareva Michel a 21\u00a0ans, et est actuellement en \u00e9cole de commerce \u00e0 Cergy, pr\u00e8s de Paris. Elle a \u00e9t\u00e9 \u00e9lue le 20\u00a0septembre \u00e0 Dammarie-les-Lys.<\/p>\n<p> La lecture de ce contenu est susceptible d\u2019entra\u00eener un d\u00e9p\u00f4t de cookies de la part de l\u2019op\u00e9rateur tiers qui l\u2019h\u00e9berge. Compte-tenu des choix que vous avez exprim\u00e9s en mati\u00e8re de d\u00e9p\u00f4t de cookies, nous avons bloqu\u00e9 l\u2019affichage de ce contenu. Si vous souhaitez y acc\u00e9der, vous devez accepter la cat\u00e9gorie de cookies \u201cContenus tiers\u201d en cliquant sur le bouton ci-dessous. <\/p>\n<p> Lire la Vid\u00e9o        <strong>Miss Languedoc\u00a0:<\/strong>    <\/p>\n<p class=\"asset asset-text\">Lou Lambert a 19\u00a0ans, et est \u00e9tudiante en droit \u00e0 Montpellier. Elle a \u00e9t\u00e9 \u00e9lue le 30\u00a0juillet dans la ville d\u2019Al\u00e8s.<\/p>\n<p> La lecture de ce contenu est susceptible d\u2019entra\u00eener un d\u00e9p\u00f4t de cookies de la part de l\u2019op\u00e9rateur tiers qui l\u2019h\u00e9berge. Compte-tenu des choix que vous avez exprim\u00e9s en mati\u00e8re de d\u00e9p\u00f4t de cookies, nous avons bloqu\u00e9 l\u2019affichage de ce contenu. Si vous souhaitez y acc\u00e9der, vous devez accepter la cat\u00e9gorie de cookies \u201cContenus tiers\u201d en cliquant sur le bouton ci-dessous. <\/p>\n<p> Lire la Vid\u00e9o        <strong>Miss Limousin\u00a0:<\/strong>    <\/p>\n<p class=\"asset asset-text\">Alo\u00efce Sejotte a 24\u00a0ans, et travaille en tant que fabricante de maroquinerie de luxe. Elle a \u00e9t\u00e9 \u00e9lue le 4\u00a0octobre \u00e0 Aubusson, dans la Creuse.<\/p>\n<p> La lecture de ce contenu est susceptible d\u2019entra\u00eener un d\u00e9p\u00f4t de cookies de la part de l\u2019op\u00e9rateur tiers qui l\u2019h\u00e9berge. Compte-tenu des choix que vous avez exprim\u00e9s en mati\u00e8re de d\u00e9p\u00f4t de cookies, nous avons bloqu\u00e9 l\u2019affichage de ce contenu. Si vous souhaitez y acc\u00e9der, vous devez accepter la cat\u00e9gorie de cookies \u201cContenus tiers\u201d en cliquant sur le bouton ci-dessous. <\/p>\n<p> Lire la Vid\u00e9o        <strong>Miss Lorraine\u00a0:<\/strong>    <\/p>\n<p class=\"asset asset-text\">Camille L\u2019\u00c9tang\u00a0a 23\u00a0ans, et est infirmi\u00e8re. Elle a \u00e9t\u00e9 \u00e9lue le 11\u00a0octobre dernier \u00e0 Amn\u00e9ville, en Moselle.<\/p>\n<p> La lecture de ce contenu est susceptible d\u2019entra\u00eener un d\u00e9p\u00f4t de cookies de la part de l\u2019op\u00e9rateur tiers qui l\u2019h\u00e9berge. Compte-tenu des choix que vous avez exprim\u00e9s en mati\u00e8re de d\u00e9p\u00f4t de cookies, nous avons bloqu\u00e9 l\u2019affichage de ce contenu. Si vous souhaitez y acc\u00e9der, vous devez accepter la cat\u00e9gorie de cookies \u201cContenus tiers\u201d en cliquant sur le bouton ci-dessous. <\/p>\n<p> Lire la Vid\u00e9o        <strong>Miss Martinique\u00a0:<\/strong>    <\/p>\n<p class=\"asset asset-text\">L\u00e9aline Patry a 21\u00a0ans, et \u00e9tudie le stylisme et le mod\u00e9lisme. Elle a \u00e9t\u00e9 \u00e9lue le 13\u00a0septembre \u00e0 Fort-de-France.<\/p>\n<p> La lecture de ce contenu est susceptible d\u2019entra\u00eener un d\u00e9p\u00f4t de cookies de la part de l\u2019op\u00e9rateur tiers qui l\u2019h\u00e9berge. Compte-tenu des choix que vous avez exprim\u00e9s en mati\u00e8re de d\u00e9p\u00f4t de cookies, nous avons bloqu\u00e9 l\u2019affichage de ce contenu. Si vous souhaitez y acc\u00e9der, vous devez accepter la cat\u00e9gorie de cookies \u201cContenus tiers\u201d en cliquant sur le bouton ci-dessous. <\/p>\n<p> Lire la Vid\u00e9o        <strong>Miss Mayotte\u00a0:<\/strong>    <\/p>\n<p class=\"asset asset-text\">Kamillat Hervian a 24\u00a0ans, et est \u00e9tudiante en droit. Elle a \u00e9t\u00e9 \u00e9lue le 30\u00a0ao\u00fbt \u00e0 Chirongui, \u00e0 l\u2019issue d\u2019une c\u00e9r\u00e9monie mouvement\u00e9e truff\u00e9e de probl\u00e8mes techniques.<\/p>\n<p> La lecture de ce contenu est susceptible d\u2019entra\u00eener un d\u00e9p\u00f4t de cookies de la part de l\u2019op\u00e9rateur tiers qui l\u2019h\u00e9berge. Compte-tenu des choix que vous avez exprim\u00e9s en mati\u00e8re de d\u00e9p\u00f4t de cookies, nous avons bloqu\u00e9 l\u2019affichage de ce contenu. Si vous souhaitez y acc\u00e9der, vous devez accepter la cat\u00e9gorie de cookies \u201cContenus tiers\u201d en cliquant sur le bouton ci-dessous. <\/p>\n<p> Lire la Vid\u00e9o        <strong>Miss Midi-Pyr\u00e9n\u00e9es\u00a0:<\/strong>    <\/p>\n<p class=\"asset asset-text\">L\u00e9a Chabrel a 24\u00a0ans, et est ost\u00e9opathe. Elle a \u00e9t\u00e9 \u00e9lue le 6\u00a0septembre \u00e0 Villemur-sur-Tarn, en Haute-Garonne.<\/p>\n<p> La lecture de ce contenu est susceptible d\u2019entra\u00eener un d\u00e9p\u00f4t de cookies de la part de l\u2019op\u00e9rateur tiers qui l\u2019h\u00e9berge. Compte-tenu des choix que vous avez exprim\u00e9s en mati\u00e8re de d\u00e9p\u00f4t de cookies, nous avons bloqu\u00e9 l\u2019affichage de ce contenu. Si vous souhaitez y acc\u00e9der, vous devez accepter la cat\u00e9gorie de cookies \u201cContenus tiers\u201d en cliquant sur le bouton ci-dessous. <\/p>\n<p> Lire la Vid\u00e9o        <strong>Miss Nord-Pas-de-Calais\u00a0:<\/strong>    <\/p>\n<p class=\"asset asset-text\">Lola Lacher\u00e9 a 20\u00a0ans, et est \u00e9tudiante en BUT commerce \u00e9v\u00e9nementiel. Elle a \u00e9t\u00e9 \u00e9lue le 27\u00a0septembre \u00e0 Li\u00e9vin, dans le Pas-de-Calais.<\/p>\n<p> La lecture de ce contenu est susceptible d\u2019entra\u00eener un d\u00e9p\u00f4t de cookies de la part de l\u2019op\u00e9rateur tiers qui l\u2019h\u00e9berge. Compte-tenu des choix que vous avez exprim\u00e9s en mati\u00e8re de d\u00e9p\u00f4t de cookies, nous avons bloqu\u00e9 l\u2019affichage de ce contenu. Si vous souhaitez y acc\u00e9der, vous devez accepter la cat\u00e9gorie de cookies \u201cContenus tiers\u201d en cliquant sur le bouton ci-dessous. <\/p>\n<p> Lire la Vid\u00e9o        <strong>Miss Normandie\u00a0:<\/strong>    <\/p>\n<p class=\"asset asset-text\">Victoire Dupuis a 19\u00a0ans, et suit des \u00e9tudes de marketing, communication et publicit\u00e9. Elle a \u00e9t\u00e9 \u00e9lue \u00e0 Caen, le 13\u00a0juin dernier.<\/p>\n<p> La lecture de ce contenu est susceptible d\u2019entra\u00eener un d\u00e9p\u00f4t de cookies de la part de l\u2019op\u00e9rateur tiers qui l\u2019h\u00e9berge. Compte-tenu des choix que vous avez exprim\u00e9s en mati\u00e8re de d\u00e9p\u00f4t de cookies, nous avons bloqu\u00e9 l\u2019affichage de ce contenu. Si vous souhaitez y acc\u00e9der, vous devez accepter la cat\u00e9gorie de cookies \u201cContenus tiers\u201d en cliquant sur le bouton ci-dessous. <\/p>\n<p> Lire la Vid\u00e9o        <strong>Miss Nouvelle-Cal\u00e9donie\u00a0:<\/strong>    <\/p>\n<p class=\"asset asset-text\">Juliette Collet a 23\u00a0ans, et est dipl\u00f4m\u00e9e d\u2019une licence en biologie marine et d\u2019un master en gestion des risques naturels. Elle a \u00e9t\u00e9 \u00e9lue le 6\u00a0septembre \u00e0 Noum\u00e9a.<\/p>\n<p> La lecture de ce contenu est susceptible d\u2019entra\u00eener un d\u00e9p\u00f4t de cookies de la part de l\u2019op\u00e9rateur tiers qui l\u2019h\u00e9berge. Compte-tenu des choix que vous avez exprim\u00e9s en mati\u00e8re de d\u00e9p\u00f4t de cookies, nous avons bloqu\u00e9 l\u2019affichage de ce contenu. Si vous souhaitez y acc\u00e9der, vous devez accepter la cat\u00e9gorie de cookies \u201cContenus tiers\u201d en cliquant sur le bouton ci-dessous. <\/p>\n<p> Lire la Vid\u00e9o        <strong>Miss Pays de la Loire\u00a0:<\/strong>    <\/p>\n<p class=\"asset asset-text\">Lola Winter a 19\u00a0ans, et est \u00e9tudiante en droit \u00e0 Nantes. Elle a \u00e9t\u00e9 \u00e9lue le 10\u00a0octobre \u00e0 Ch\u00e2teau-Gontier-sur-Mayenne.<\/p>\n<p> La lecture de ce contenu est susceptible d\u2019entra\u00eener un d\u00e9p\u00f4t de cookies de la part de l\u2019op\u00e9rateur tiers qui l\u2019h\u00e9berge. Compte-tenu des choix que vous avez exprim\u00e9s en mati\u00e8re de d\u00e9p\u00f4t de cookies, nous avons bloqu\u00e9 l\u2019affichage de ce contenu. Si vous souhaitez y acc\u00e9der, vous devez accepter la cat\u00e9gorie de cookies \u201cContenus tiers\u201d en cliquant sur le bouton ci-dessous. <\/p>\n<p> Lire la Vid\u00e9o        <strong>Miss Picardie\u00a0:<\/strong>    <\/p>\n<p class=\"asset asset-text\">Emma Boivin a 24\u00a0ans, et suit actuellement des \u00e9tudes pour devenir infirmi\u00e8re. Elle a \u00e9t\u00e9 \u00e9lue le 28\u00a0septembre \u00e0 Beauvais.<\/p>\n<p> La lecture de ce contenu est susceptible d\u2019entra\u00eener un d\u00e9p\u00f4t de cookies de la part de l\u2019op\u00e9rateur tiers qui l\u2019h\u00e9berge. Compte-tenu des choix que vous avez exprim\u00e9s en mati\u00e8re de d\u00e9p\u00f4t de cookies, nous avons bloqu\u00e9 l\u2019affichage de ce contenu. Si vous souhaitez y acc\u00e9der, vous devez accepter la cat\u00e9gorie de cookies \u201cContenus tiers\u201d en cliquant sur le bouton ci-dessous. <\/p>\n<p> Lire la Vid\u00e9o        <strong>Miss Poitou-Charentes\u00a0:<\/strong>    <\/p>\n<p class=\"asset asset-text\">Agathe Michelet a 26\u00a0ans, et travaille en tant que dentiste. Elle a \u00e9t\u00e9 \u00e9lue le 3\u00a0octobre au Futuroscope, pr\u00e8s des Poitiers.<\/p>\n<p> La lecture de ce contenu est susceptible d\u2019entra\u00eener un d\u00e9p\u00f4t de cookies de la part de l\u2019op\u00e9rateur tiers qui l\u2019h\u00e9berge. Compte-tenu des choix que vous avez exprim\u00e9s en mati\u00e8re de d\u00e9p\u00f4t de cookies, nous avons bloqu\u00e9 l\u2019affichage de ce contenu. Si vous souhaitez y acc\u00e9der, vous devez accepter la cat\u00e9gorie de cookies \u201cContenus tiers\u201d en cliquant sur le bouton ci-dessous. <\/p>\n<p> Lire la Vid\u00e9o        <strong>Miss Provence\u00a0:<\/strong>    <\/p>\n<p class=\"asset asset-text\">Julie Zitouni a 26\u00a0ans, et est assistante administrative. Elle a \u00e9t\u00e9 \u00e9lue le 25\u00a0juillet \u00e0 Saint-Rapha\u00ebl, dans le Var.<\/p>\n<p> La lecture de ce contenu est susceptible d\u2019entra\u00eener un d\u00e9p\u00f4t de cookies de la part de l\u2019op\u00e9rateur tiers qui l\u2019h\u00e9berge. Compte-tenu des choix que vous avez exprim\u00e9s en mati\u00e8re de d\u00e9p\u00f4t de cookies, nous avons bloqu\u00e9 l\u2019affichage de ce contenu. Si vous souhaitez y acc\u00e9der, vous devez accepter la cat\u00e9gorie de cookies \u201cContenus tiers\u201d en cliquant sur le bouton ci-dessous. <\/p>\n<p> Lire la Vid\u00e9o        <strong>Miss R\u00e9union\u00a0:<\/strong>    <\/p>\n<p class=\"asset asset-text\">Priya Padavatan a 19\u00a0ans, et est \u00e9tudiante en troisi\u00e8me ann\u00e9e de droit. Elle a \u00e9t\u00e9 \u00e9lue le 23\u00a0ao\u00fbt \u00e0 Saint-Denis, chef-lieu de la R\u00e9union.<\/p>\n<p> La lecture de ce contenu est susceptible d\u2019entra\u00eener un d\u00e9p\u00f4t de cookies de la part de l\u2019op\u00e9rateur tiers qui l\u2019h\u00e9berge. Compte-tenu des choix que vous avez exprim\u00e9s en mati\u00e8re de d\u00e9p\u00f4t de cookies, nous avons bloqu\u00e9 l\u2019affichage de ce contenu. Si vous souhaitez y acc\u00e9der, vous devez accepter la cat\u00e9gorie de cookies \u201cContenus tiers\u201d en cliquant sur le bouton ci-dessous. <\/p>\n<p> Lire la Vid\u00e9o        <strong>Miss Rh\u00f4ne-Alpes\u00a0:<\/strong>    <\/p>\n<p class=\"asset asset-text\">No\u00e9mie Baiamonte a 21\u00a0ans, et est \u00e9tudiante en \u00e9cole de cin\u00e9ma pour devenir plasticienne maquilleuse FX sp\u00e9cialiste des effets sp\u00e9ciaux. Elle a \u00e9t\u00e9 \u00e9lue le 19\u00a0septembre \u00e0 Villefranche-sur-Sa\u00f4ne.<\/p>\n<p> La lecture de ce contenu est susceptible d\u2019entra\u00eener un d\u00e9p\u00f4t de cookies de la part de l\u2019op\u00e9rateur tiers qui l\u2019h\u00e9berge. Compte-tenu des choix que vous avez exprim\u00e9s en mati\u00e8re de d\u00e9p\u00f4t de cookies, nous avons bloqu\u00e9 l\u2019affichage de ce contenu. Si vous souhaitez y acc\u00e9der, vous devez accepter la cat\u00e9gorie de cookies \u201cContenus tiers\u201d en cliquant sur le bouton ci-dessous. <\/p>\n<p> Lire la Vid\u00e9o        <strong>Miss Roussillon\u00a0:<\/strong>    <\/p>\n<p class=\"asset asset-text\">D\u00e9borah Adelin Chabal a 18\u00a0ans, et est \u00e9tudiante en licence d\u2019espagnol. Elle a \u00e9t\u00e9 \u00e9lue le 2\u00a0ao\u00fbt au Barcar\u00e8s, commune des Pyr\u00e9n\u00e9es-Orientales.<\/p>\n<p> La lecture de ce contenu est susceptible d\u2019entra\u00eener un d\u00e9p\u00f4t de cookies de la part de l\u2019op\u00e9rateur tiers qui l\u2019h\u00e9berge. Compte-tenu des choix que vous avez exprim\u00e9s en mati\u00e8re de d\u00e9p\u00f4t de cookies, nous avons bloqu\u00e9 l\u2019affichage de ce contenu. Si vous souhaitez y acc\u00e9der, vous devez accepter la cat\u00e9gorie de cookies \u201cContenus tiers\u201d en cliquant sur le bouton ci-dessous. <\/p>\n<p> Lire la Vid\u00e9o        <strong>Miss Tahiti\u00a0:<\/strong>    <\/p>\n<p class=\"asset asset-text\">Hinaupoko Dev\u00e8ze a 23\u00a0ans, et est employ\u00e9e en administration et tourisme. Elle a \u00e9t\u00e9 \u00e9lue au Pirae le 28\u00a0juin dernier.<\/p>\n<p> La lecture de ce contenu est susceptible d\u2019entra\u00eener un d\u00e9p\u00f4t de cookies de la part de l\u2019op\u00e9rateur tiers qui l\u2019h\u00e9berge. Compte-tenu des choix que vous avez exprim\u00e9s en mati\u00e8re de d\u00e9p\u00f4t de cookies, nous avons bloqu\u00e9 l\u2019affichage de ce contenu. Si vous souhaitez y acc\u00e9der, vous devez accepter la cat\u00e9gorie de cookies \u201cContenus tiers\u201d en cliquant sur le bouton ci-dessous. <\/p>\n<p> Lire la Vid\u00e9o        <\/p>\n<p class=\"asset asset-text\">Le 15\u00a0d\u00e9cembre\u00a02024, c\u2019est Ang\u00e9lique Angarni-Filopon qui a remport\u00e9 le titre de Miss France 2025\u00a0\u00e0 l\u2019issue de\u00a0la 95e \u00e9dition du c\u00e9l\u00e8bre concours de beaut\u00e9\u00a0retransmise en direct sur TF1\u00a0depuis l\u2019Arena Futuroscope. L\u2019h\u00f4tesse de l\u2019air martiniquaise n\u2019en \u00e9tait pas \u00e0 son coup d\u2019essai.<\/p>\n<p class=\"asset asset-text\">Elle avait d\u00e9j\u00e0 tent\u00e9 sa chance en 2010\u00a0\u00e0 l\u2019\u00e2ge de 20\u00a0ans, mais l\u2019exp\u00e9rience s\u2019\u00e9tait sold\u00e9e par un \u00e9chec. Comme elle l\u2019a expliqu\u00e9 lors de la c\u00e9r\u00e9monie, elle a pr\u00e9cis\u00e9 vouloir retenter sa chance en 2024 apr\u00e8s la d\u00e9cision des organisateurs de lever la limite d\u2019\u00e2ge. Cette derni\u00e8re \u00e9tait au moment de son sacre \u00e2g\u00e9e de 34\u00a0ans. Auparavant, Miss\u00a0France\u00a0ne devait pas avoir plus de 24\u00a0ans.<\/p>\n<p class=\"asset asset-text\">Toujours dans le collimateur des associations f\u00e9ministes, le concours tente de se moderniser depuis plusieurs ann\u00e9es, comme en t\u00e9moigne \u00e9galement son ouverture r\u00e9cente aux femmes mari\u00e9es ou en couple, y compris aux m\u00e8res de famille.\u00a0De plus, une refonte du r\u00e8glement autorise d\u00e9sormais les candidatures de femmes transgenres \u00ab\u00a0avec changement d\u2019\u00e9tat civil\u00a0\u00bb, bien qu\u2019aucune d\u2019entre elles ne soit arriv\u00e9e jusqu\u2019\u00e0 la s\u00e9lection finale pour l\u2019instant.<\/p>\n","protected":false},"excerpt":{"rendered":"ROMAIN PERROCHEAU \/ AFP Le concours de Miss France 2026\u00a0se tiendra \u00e0 Amiens, le 6\u00a0d\u00e9cembre prochain. T\u00c9L\u00c9VISION &#8211;&hellip;\n","protected":false},"author":2,"featured_media":459821,"comment_status":"","ping_status":"","sticky":false,"template":"","format":"standard","meta":{"footnotes":""},"categories":[8],"tags":[58,59,1011,27,3034,252,199],"class_list":{"0":"post-459820","1":"post","2":"type-post","3":"status-publish","4":"format-standard","5":"has-post-thumbnail","7":"category-divertissement","8":"tag-divertissement","9":"tag-entertainment","10":"tag-fr","11":"tag-france","12":"tag-miss-france","13":"tag-television","14":"tag-tf1"},"share_on_mastodon":{"url":"https:\/\/pubeurope.com\/@fr\/115366830416373048","error":""},"_links":{"self":[{"href":"https:\/\/www.europesays.com\/fr\/wp-json\/wp\/v2\/posts\/459820","targetHints":{"allow":["GET"]}}],"collection":[{"href":"https:\/\/www.europesays.com\/fr\/wp-json\/wp\/v2\/posts"}],"about":[{"href":"https:\/\/www.europesays.com\/fr\/wp-json\/wp\/v2\/types\/post"}],"author":[{"embeddable":true,"href":"https:\/\/www.europesays.com\/fr\/wp-json\/wp\/v2\/users\/2"}],"replies":[{"embeddable":true,"href":"https:\/\/www.europesays.com\/fr\/wp-json\/wp\/v2\/comments?post=459820"}],"version-history":[{"count":0,"href":"https:\/\/www.europesays.com\/fr\/wp-json\/wp\/v2\/posts\/459820\/revisions"}],"wp:featuredmedia":[{"embeddable":true,"href":"https:\/\/www.europesays.com\/fr\/wp-json\/wp\/v2\/media\/459821"}],"wp:attachment":[{"href":"https:\/\/www.europesays.com\/fr\/wp-json\/wp\/v2\/media?parent=459820"}],"wp:term":[{"taxonomy":"category","embeddable":true,"href":"https:\/\/www.europesays.com\/fr\/wp-json\/wp\/v2\/categories?post=459820"},{"taxonomy":"post_tag","embeddable":true,"href":"https:\/\/www.europesays.com\/fr\/wp-json\/wp\/v2\/tags?post=459820"}],"curies":[{"name":"wp","href":"https:\/\/api.w.org\/{rel}","templated":true}]}}