{"id":459831,"date":"2025-10-13T12:26:12","date_gmt":"2025-10-13T12:26:12","guid":{"rendered":"https:\/\/www.europesays.com\/fr\/459831\/"},"modified":"2025-10-13T12:26:12","modified_gmt":"2025-10-13T12:26:12","slug":"saint-etienne-pourquoi-cette-ecole-maternelle-doit-rester-fermee","status":"publish","type":"post","link":"https:\/\/www.europesays.com\/fr\/459831\/","title":{"rendered":"Saint-\u00c9tienne : pourquoi cette \u00e9cole maternelle doit rester ferm\u00e9e ?"},"content":{"rendered":"<p>L&rsquo;\u00e9cole maternelle Fauriel est ferm\u00e9e lundi 13 et mardi 14 octobre, \u00e0 Saint-\u00c9tienne. En cause : l&rsquo;affaissement d&rsquo;une partie d&rsquo;une galerie d&rsquo;assainissement.<\/p>\n<p>Pas d&rsquo;accueil, ce lundi, \u00e0 l&rsquo;<b>\u00e9cole maternelle Fauriel<\/b>.<\/p>\n<p>L&rsquo;\u00e9tablissement, situ\u00e9 rue des Francs Ma\u00e7ons, \u00e0 <b>Saint-\u00c9tienne<\/b>, doit rester ferm\u00e9 pendant deux jours, <b>lundi 13 et mardi 14 octobre<\/b>.<\/p>\n<p>Un accueil provisoire \u00e0 l&rsquo;\u00e9cole \u00e9l\u00e9mentaire<\/p>\n<p>La ville de Saint-\u00c9tienne annonce, en effet, avoir constat\u00e9, vendredi 10 octobre, en fin d&rsquo;apr\u00e8s-midi,<b> l&rsquo;affaissement d&rsquo;une partie d&rsquo;une galerie d&rsquo;assainissement<\/b>. Cette derni\u00e8re passe sous une zone de l&rsquo;\u00e9cole, o\u00f9 se trouve notamment l&rsquo;ensemble du p\u00f4le sanitaire.<\/p>\n<p>Ce dernier n&rsquo;est donc plus accessible. En attendant <b>l&rsquo;installation de toilettes provisoires<\/b>, l&rsquo;\u00e9cole maternelle reste ferm\u00e9e.<\/p>\n<p>\u00ab\u00a0Pour r\u00e9pondre \u00e0 l&rsquo;attente des familles qui seraient dans l&rsquo;impossibilit\u00e9 de garder leurs enfants, lundi 13 et mardi 14 octobre, la ville de Saint-Etienne met en place d\u00e8s lundi matin, <b>un accueil \u00e0 l&rsquo;\u00e9cole \u00e9l\u00e9mentaire Fauriel<\/b> (entr\u00e9e par le 18 cours Fauriel) de 8h20 \u00e0 16h30&Prime;, pr\u00e9cise la municipalit\u00e9.<\/p>\n<p><img loading=\"lazy\" decoding=\"async\" src=\"https:\/\/www.europesays.com\/fr\/wp-content\/uploads\/2025\/10\/1760358372_273_img\" width=\"350\" height=\"200\" border=\"0\" title=\"Une voiture de la police nationale\"\/><\/p>\n<p>\u25baFaits divers<\/p>\n<p style=\"font-size: 22px;\"><b>Pi\u00e9ton gri\u00e8vement bless\u00e9 \u00e0 Saint-\u00c9tienne : un appel \u00e0 t\u00e9moins lanc\u00e9<\/b><\/p>\n<p>Un homme de 50 ans a \u00e9t\u00e9 gri\u00e8vement bless\u00e9,&#8230;<\/p>\n<p><\/p>\n","protected":false},"excerpt":{"rendered":"L&rsquo;\u00e9cole maternelle Fauriel est ferm\u00e9e lundi 13 et mardi 14 octobre, \u00e0 Saint-\u00c9tienne. En cause : l&rsquo;affaissement d&rsquo;une&hellip;\n","protected":false},"author":2,"featured_media":459832,"comment_status":"","ping_status":"","sticky":false,"template":"","format":"standard","meta":{"footnotes":""},"categories":[9653],"tags":[5071,1111,11,21863,2430,1777,674,1011,27,5758,12,25,9920,4001,25992,13917],"class_list":{"0":"post-459831","1":"post","2":"type-post","3":"status-publish","4":"format-standard","5":"has-post-thumbnail","7":"category-saint-etienne","8":"tag-cole","9":"tag-actu","10":"tag-actualites","11":"tag-affaissement","12":"tag-auvergne-rhone-alpes","13":"tag-eu","14":"tag-europe","15":"tag-fr","16":"tag-france","17":"tag-maternelle","18":"tag-news","19":"tag-republique-francaise","20":"tag-saint-tienne","21":"tag-saint-etienne","22":"tag-sanitaire","23":"tag-toilettes"},"share_on_mastodon":{"url":"https:\/\/pubeurope.com\/@fr\/115366854201259856","error":""},"_links":{"self":[{"href":"https:\/\/www.europesays.com\/fr\/wp-json\/wp\/v2\/posts\/459831","targetHints":{"allow":["GET"]}}],"collection":[{"href":"https:\/\/www.europesays.com\/fr\/wp-json\/wp\/v2\/posts"}],"about":[{"href":"https:\/\/www.europesays.com\/fr\/wp-json\/wp\/v2\/types\/post"}],"author":[{"embeddable":true,"href":"https:\/\/www.europesays.com\/fr\/wp-json\/wp\/v2\/users\/2"}],"replies":[{"embeddable":true,"href":"https:\/\/www.europesays.com\/fr\/wp-json\/wp\/v2\/comments?post=459831"}],"version-history":[{"count":0,"href":"https:\/\/www.europesays.com\/fr\/wp-json\/wp\/v2\/posts\/459831\/revisions"}],"wp:featuredmedia":[{"embeddable":true,"href":"https:\/\/www.europesays.com\/fr\/wp-json\/wp\/v2\/media\/459832"}],"wp:attachment":[{"href":"https:\/\/www.europesays.com\/fr\/wp-json\/wp\/v2\/media?parent=459831"}],"wp:term":[{"taxonomy":"category","embeddable":true,"href":"https:\/\/www.europesays.com\/fr\/wp-json\/wp\/v2\/categories?post=459831"},{"taxonomy":"post_tag","embeddable":true,"href":"https:\/\/www.europesays.com\/fr\/wp-json\/wp\/v2\/tags?post=459831"}],"curies":[{"name":"wp","href":"https:\/\/api.w.org\/{rel}","templated":true}]}}