{"id":459849,"date":"2025-10-13T12:38:10","date_gmt":"2025-10-13T12:38:10","guid":{"rendered":"https:\/\/www.europesays.com\/fr\/459849\/"},"modified":"2025-10-13T12:38:10","modified_gmt":"2025-10-13T12:38:10","slug":"grenoble-tout-proche-dune-qualification-historique-en-coupe-deurope","status":"publish","type":"post","link":"https:\/\/www.europesays.com\/fr\/459849\/","title":{"rendered":"Grenoble tout proche d&rsquo;une qualification historique en coupe d&rsquo;Europe"},"content":{"rendered":"<p>&#13;<br \/>\n\t\t\t\t\t\t\t\t\t\t\t\tPar Beno\u00eet Lagneux, Louis ANDRE&#13;<br \/>\n\t\t\t\t\t\t\t\t\t\t\t\t&#13;<br \/>\n\t\t\t\t\t\t\tPubli\u00e9&#13;<br \/>\n\t\t\t\t\t\t\t\t\t\t\t\t\t\t\taujourd&rsquo;hui \u00e0 12:17&#13;<br \/>\n\t\t\t\t\t\t\t&#13;<br \/>\n\t\t\t\t\t\t\t&#8211; Temps de lecture : &#13;<br \/>\n\t\t\t\t\t\t&#13;\n\t\t\t\t\t<\/p>\n<p>Les Br\u00fbleurs de Loups se d\u00e9placent \u00e0 Prague mardi soir (18h30) pour un match qui a tout d&rsquo;un moment historique pour le hockey fran\u00e7ais. Pour la premi\u00e8re fois, une formation tricolore pourrait rejoindre les play-offs de la CHL, la grande Coupe d&rsquo;Europe du hockey, o\u00f9 se c\u00f4toient les 16 meilleurs clubs. Un point suffit aux Grenoblois pour rejoindre ce cercle ferm\u00e9. Avant ce d\u00e9placement au Sparta Prague, l&rsquo;entra\u00eeneur Edo Terglav et l&rsquo;attaquant Nicolas Deschamps \u00e9voquent leur envie de r\u00e9ussir un grand coup.<\/p>\n","protected":false},"excerpt":{"rendered":"&#13; Par Beno\u00eet Lagneux, Louis ANDRE&#13; &#13; Publi\u00e9&#13; aujourd&rsquo;hui \u00e0 12:17&#13; &#13; &#8211; Temps de lecture : &#13;&hellip;\n","protected":false},"author":2,"featured_media":459850,"comment_status":"","ping_status":"","sticky":false,"template":"","format":"standard","meta":{"footnotes":""},"categories":[9566],"tags":[1111,11,2430,1777,674,1011,27,2731,12,25],"class_list":{"0":"post-459849","1":"post","2":"type-post","3":"status-publish","4":"format-standard","5":"has-post-thumbnail","7":"category-grenoble","8":"tag-actu","9":"tag-actualites","10":"tag-auvergne-rhone-alpes","11":"tag-eu","12":"tag-europe","13":"tag-fr","14":"tag-france","15":"tag-grenoble","16":"tag-news","17":"tag-republique-francaise"},"share_on_mastodon":{"url":"https:\/\/pubeurope.com\/@fr\/115366900840369553","error":""},"_links":{"self":[{"href":"https:\/\/www.europesays.com\/fr\/wp-json\/wp\/v2\/posts\/459849","targetHints":{"allow":["GET"]}}],"collection":[{"href":"https:\/\/www.europesays.com\/fr\/wp-json\/wp\/v2\/posts"}],"about":[{"href":"https:\/\/www.europesays.com\/fr\/wp-json\/wp\/v2\/types\/post"}],"author":[{"embeddable":true,"href":"https:\/\/www.europesays.com\/fr\/wp-json\/wp\/v2\/users\/2"}],"replies":[{"embeddable":true,"href":"https:\/\/www.europesays.com\/fr\/wp-json\/wp\/v2\/comments?post=459849"}],"version-history":[{"count":0,"href":"https:\/\/www.europesays.com\/fr\/wp-json\/wp\/v2\/posts\/459849\/revisions"}],"wp:featuredmedia":[{"embeddable":true,"href":"https:\/\/www.europesays.com\/fr\/wp-json\/wp\/v2\/media\/459850"}],"wp:attachment":[{"href":"https:\/\/www.europesays.com\/fr\/wp-json\/wp\/v2\/media?parent=459849"}],"wp:term":[{"taxonomy":"category","embeddable":true,"href":"https:\/\/www.europesays.com\/fr\/wp-json\/wp\/v2\/categories?post=459849"},{"taxonomy":"post_tag","embeddable":true,"href":"https:\/\/www.europesays.com\/fr\/wp-json\/wp\/v2\/tags?post=459849"}],"curies":[{"name":"wp","href":"https:\/\/api.w.org\/{rel}","templated":true}]}}