{"id":459851,"date":"2025-10-13T12:39:14","date_gmt":"2025-10-13T12:39:14","guid":{"rendered":"https:\/\/www.europesays.com\/fr\/459851\/"},"modified":"2025-10-13T12:39:14","modified_gmt":"2025-10-13T12:39:14","slug":"ils-volent-une-voiture-avant-de-finir-dans-le-decor-deux-adolescents-interpelles-a-rennes","status":"publish","type":"post","link":"https:\/\/www.europesays.com\/fr\/459851\/","title":{"rendered":"Ils volent une voiture avant de finir dans le d\u00e9cor\u00a0: deux adolescents interpell\u00e9s \u00e0 Rennes"},"content":{"rendered":"<p>Vers 5h du matin, ce dimanche 12 octobre, deux adolescents, qui venaient de voler une voiture dans un quartier pavillonnaire de Thorign\u00e9-Fouillard, ont \u00e9t\u00e9 pris en chasse par une patrouille de police apr\u00e8s avoir commis un refus d\u2018obtemp\u00e9rer.<\/p>\n<p>La cavale n\u2018aura pas dur\u00e9. Les deux adolescents ont perdu le contr\u00f4le du v\u00e9hicule dans le quartier des Gayeulles, finissant leur course dans le d\u00e9cor. Plac\u00e9s en garde \u00e0 vue, ils ont depuis \u00e9t\u00e9 rel\u00e2ch\u00e9s. Une enqu\u00eate est en cours.<\/p>\n","protected":false},"excerpt":{"rendered":"Vers 5h du matin, ce dimanche 12 octobre, deux adolescents, qui venaient de voler une voiture dans un&hellip;\n","protected":false},"author":2,"featured_media":459852,"comment_status":"","ping_status":"","sticky":false,"template":"","format":"standard","meta":{"footnotes":""},"categories":[2821],"tags":[1111,11,829,1777,674,3383,1011,27,848,12,584,25],"class_list":{"0":"post-459851","1":"post","2":"type-post","3":"status-publish","4":"format-standard","5":"has-post-thumbnail","7":"category-rennes","8":"tag-actu","9":"tag-actualites","10":"tag-bretagne","11":"tag-eu","12":"tag-europe","13":"tag-faits-divers-a-rennes","14":"tag-fr","15":"tag-france","16":"tag-ille-et-vilaine","17":"tag-news","18":"tag-rennes","19":"tag-republique-francaise"},"share_on_mastodon":{"url":"https:\/\/pubeurope.com\/@fr\/115366904862727243","error":""},"_links":{"self":[{"href":"https:\/\/www.europesays.com\/fr\/wp-json\/wp\/v2\/posts\/459851","targetHints":{"allow":["GET"]}}],"collection":[{"href":"https:\/\/www.europesays.com\/fr\/wp-json\/wp\/v2\/posts"}],"about":[{"href":"https:\/\/www.europesays.com\/fr\/wp-json\/wp\/v2\/types\/post"}],"author":[{"embeddable":true,"href":"https:\/\/www.europesays.com\/fr\/wp-json\/wp\/v2\/users\/2"}],"replies":[{"embeddable":true,"href":"https:\/\/www.europesays.com\/fr\/wp-json\/wp\/v2\/comments?post=459851"}],"version-history":[{"count":0,"href":"https:\/\/www.europesays.com\/fr\/wp-json\/wp\/v2\/posts\/459851\/revisions"}],"wp:featuredmedia":[{"embeddable":true,"href":"https:\/\/www.europesays.com\/fr\/wp-json\/wp\/v2\/media\/459852"}],"wp:attachment":[{"href":"https:\/\/www.europesays.com\/fr\/wp-json\/wp\/v2\/media?parent=459851"}],"wp:term":[{"taxonomy":"category","embeddable":true,"href":"https:\/\/www.europesays.com\/fr\/wp-json\/wp\/v2\/categories?post=459851"},{"taxonomy":"post_tag","embeddable":true,"href":"https:\/\/www.europesays.com\/fr\/wp-json\/wp\/v2\/tags?post=459851"}],"curies":[{"name":"wp","href":"https:\/\/api.w.org\/{rel}","templated":true}]}}