{"id":459855,"date":"2025-10-13T12:41:17","date_gmt":"2025-10-13T12:41:17","guid":{"rendered":"https:\/\/www.europesays.com\/fr\/459855\/"},"modified":"2025-10-13T12:41:17","modified_gmt":"2025-10-13T12:41:17","slug":"je-suis-coince-derriere-ma-fenetre-a-rever-ryad-raconte-lisolement-des-personnes-handicapees","status":"publish","type":"post","link":"https:\/\/www.europesays.com\/fr\/459855\/","title":{"rendered":"\u00ab\u00a0Je suis coinc\u00e9 derri\u00e8re ma fen\u00eatre \u00e0 r\u00eaver\u00a0\u00bb, Ryad raconte l&rsquo;isolement des personnes handicap\u00e9es"},"content":{"rendered":"<p class=\"wp-block-post-excerpt__excerpt\">\u00c0 22 ans, Ryad Besseghir a quitt\u00e9 le domicile familial pour vivre dans un studio adapt\u00e9 \u00e0 son handicap \u00e0 Strasbourg. Une \u00e9tape vers l\u2019ind\u00e9pendance, qui ne suffit pas \u00e0 combler le vide laiss\u00e9 par l\u2019absence d\u2019activit\u00e9s et de vie sociale. <\/p>\n<p class=\"font-sans\">\n\t\t\tCet article est en acc\u00e8s libre. Pour soutenir Rue89 Strasbourg,<br \/>\n\t\t\t<a class=\"underline\" href=\"https:\/\/www.rue89strasbourg.com\/abonnement\" target=\"_blank\" rel=\"noopener\">abonnez-vous<\/a>.\n\t\t<\/p>\n<p>Line Baudriller<\/p>\n<p>Publi\u00e9 le 13 octobre 2025\u00a0\u00a0\u00b7\u00a0\u00a0<\/p>\n<p>Imprim\u00e9 le 13 octobre 2025 \u00e0 14h18\u00a0\u00a0\u00b7\u00a0\u00a0<\/p>\n<p>\t\t\t\t\t5\u00a0minutes\n<\/p>\n<p class=\"has-drop-cap\">Install\u00e9 dans son fauteuil roulant qu\u2019il dirige de sa main droite, Ryad Besseghir se d\u00e9place de la chambre \u00e0 la cuisine de son appartement. En emm\u00e9nageant dans ce studio adapt\u00e9 \u00e0 son handicap, le jeune homme de 22 ans a gagn\u00e9 en ind\u00e9pendance. Mais entre ces murs, il habite seul, tributaire de l\u2019aide d\u2019auxiliaires de vie, sans travail ni projet d\u2019avenir. <\/p>\n<p>Comme Ryad, en France, plus d\u2019<a href=\"https:\/\/www.apf-francehandicap.org\/agir-contre-lisolement-personnes-situation-handicap\" target=\"_blank\" rel=\"noreferrer noopener\">un million de personnes en situation de handicap souffrent de solitude<\/a>. \u00ab\u00a0Habiter dans cet appartement, n\u2019est qu\u2019une illusion de la normalit\u00e9\u00a0\u00bb, constate sa m\u00e8re, Dalila Besseghir. <\/p>\n<p>Ryad est n\u00e9 avec une infirmit\u00e9 motrice c\u00e9r\u00e9brale. Son cerveau a manqu\u00e9 d\u2019oxyg\u00e8ne pendant la grossesse de sa m\u00e8re, affectant certaines de ses fonctionnalit\u00e9s. Le raidissement de ses muscles l\u2019emp\u00eache de marcher, d\u2019utiliser son bras et sa main gauche et provoque des difficult\u00e9s d\u2019\u00e9locution. \u00ab\u00a0Il ne peut ni se doucher, ni aller aux toilettes, ni pr\u00e9parer un repas seul\u00a0\u00bb, pr\u00e9cise Dalila.<\/p>\n<p><a href=\"https:\/\/www.rue89strasbourg.com\/la-newsletter\" target=\"_blank\" rel=\"noopener\"><img loading=\"lazy\" decoding=\"async\" width=\"1940\" height=\"500\" src=\"https:\/\/www.europesays.com\/fr\/wp-content\/uploads\/2025\/09\/banner-desktop-970x250-1.png\" alt=\"\" class=\"wp-image-360885\" style=\"object-fit:cover;width:970px;height:250px\"  \/><\/a><\/p>\n<p>Prendre son ind\u00e9pendance<\/p>\n<p>En 2023, le jeune homme s\u2019installe dans un Habitat adapt\u00e9 inclusif (HAI) dans le quartier de Koenigshoffen \u00e0 Strasbourg. G\u00e9r\u00e9 par <a href=\"https:\/\/www.arasc.fr\" target=\"_blank\" rel=\"noopener\">l\u2019association Arasc<\/a>, l\u2019immeuble dispose de studios adapt\u00e9s aux personnes en situation de handicap. Ryad y habite quatre jours par semaine et rentre chez ses parents \u00e0 Illkirch-Graffenstaden pour le week-end. <\/p>\n<p>La <a href=\"https:\/\/www.rue89strasbourg.com\/mdph-bas-rhin-lente-donner-allocation-adultes-handicapes-235461\" target=\"_blank\" rel=\"noopener\">Maison d\u00e9partementale des personnes handicap\u00e9es<\/a> (MDPH) l\u2019orientait davantage vers un Foyer d\u2019accueil m\u00e9dicalis\u00e9 (FAM), au vu de son handicap. Mais pour sa m\u00e8re, il en \u00e9tait hors de question : <\/p>\n<blockquote class=\"wp-block-quote is-layout-flow wp-block-quote-is-layout-flow\">\n<p>\u00ab\u00a0Ces foyers sont des \u00e9tablissements ferm\u00e9s o\u00f9 tout tourne autour du handicap. Il n\u2019y a aucune ouverture sur l\u2019ext\u00e9rieur, aucune mixit\u00e9, aucune inclusion dans la soci\u00e9t\u00e9. Ils restent entre eux.\u00a0\u00bb<\/p>\n<\/blockquote>\n<p>Le retour \u00e0 domicile permanent n\u2019\u00e9tait pas non plus une option. Dalila aurait d\u00fb quitter son travail de responsable de formation aupr\u00e8s de jeunes en alternance. \u00ab\u00a0De toute fa\u00e7on, au quotidien, on ne se serait pas support\u00e9s\u00a0\u00bb, plaisante Dalila, en lan\u00e7ant un regard complice \u00e0 son fils. Pour elle, l\u2019HAI \u00e9tait la meilleure alternative :<\/p>\n<blockquote class=\"wp-block-quote is-layout-flow wp-block-quote-is-layout-flow\">\n<p>\u00ab\u00a0Cet habitat lui donne de la libert\u00e9. Il peut d\u00e9cider d\u2019entrer et de sortir quand il veut, il peut faire ses courses et choisir ce qu\u2019il veut manger. Il est accompagn\u00e9 par des auxiliaires de vie, mais il reste plus ind\u00e9pendant que dans un foyer d\u2019accueil m\u00e9dicalis\u00e9. C\u2019\u00e9tait important pour Ryad d\u2019avoir son propre studio, mais \u00e7a ne suffit pas encore pour avoir une vie \u00e9quilibr\u00e9e.\u00a0\u00bb <\/p>\n<\/blockquote>\n<p><img loading=\"lazy\" decoding=\"async\" width=\"792\" height=\"528\" src=\"https:\/\/www.europesays.com\/fr\/wp-content\/uploads\/2025\/10\/206a0549-792x528.jpg\" alt=\"\" class=\"wp-image-362191\"  \/> Ryad vit seul dans son appartement mais b\u00e9n\u00e9ficie de l\u2019aide d\u2019auxiliaires de vie pour se doucher ou cuisiner. <\/p>\n<p>\t\tEnnui et solitude<\/p>\n<p>Ne disposant pas d\u2019une mobilit\u00e9 suffisante pour travailler en <a href=\"https:\/\/www.rue89strasbourg.com\/laetitia-handicap-marche-de-noel-322482\" target=\"_blank\" rel=\"noopener\">\u00c9tablissement et service d\u2019accompagnement par le travail<\/a> (ESAT) comme d\u2019autres personnes en situation de handicap, Ryad n\u2019a pas d\u2019activit\u00e9 pour occuper ses journ\u00e9es. Concentr\u00e9 sur l\u2019articulation de chaque mot, le jeune homme d\u00e9taille lentement \u00e0 quoi ressemble son quotidien. Assise \u00e0 ses c\u00f4t\u00e9s, sa m\u00e8re intervient ponctuellement pour expliciter certaines phrases parfois difficilement compr\u00e9hensibles :<\/p>\n<blockquote class=\"wp-block-quote is-layout-flow wp-block-quote-is-layout-flow\">\n<p>\u00ab\u00a0Le lundi matin, je vais chez le kin\u00e9. L\u2019apr\u00e8s-midi, je fais les courses et je prends une douche. Le mardi je n\u2019ai rien de pr\u00e9vu. Je regarde la t\u00e9l\u00e9 et je r\u00e9fl\u00e9chis \u00e0 ma vie mais moralement c\u2019est compliqu\u00e9 de rester seul sans aucune perspective ou objectif concret.\u00a0\u00bb<\/p>\n<\/blockquote>\n<p>M\u00eame ennui le mercredi. Dans cet appartement spacieux, pens\u00e9 pour laisser au fauteuil roulant la place de man\u0153uvrer, c\u2019est surtout le poids de la solitude qui r\u00e9sonne. <\/p>\n<p>Un projet ou une activit\u00e9, aussi minime soit-elle, pourrait faire basculer cette routine monotone. \u00ab\u00a0D\u00e8s qu\u2019il doit s\u2019organiser autrement, une activit\u00e9 impr\u00e9vue ou un rendez-vous d\u00e9cal\u00e9, \u00e7a casse la routine. C\u2019est dans ces moments-l\u00e0 qu\u2019il se sent vraiment vivre\u00a0\u00bb, d\u00e9crit Dalila.<\/p>\n<p>Manque de mixit\u00e9<\/p>\n<p>Totalement conscient de son \u00e9tat, Ryad est un gar\u00e7on \u00ab\u00a0exigent et ambitieux\u00a0\u00bb, d\u00e9crit sa m\u00e8re. \u00ab\u00a0J\u2019en veux toujours plus\u00a0\u00bb, confirme-t-il. Passionn\u00e9 de th\u00e9\u00e2tre, le jeune gar\u00e7on a rejoint une troupe compos\u00e9e d\u2019autres personnes en situation de handicap. \u00ab\u00a0\u00c7a me permet de m\u2019exprimer autrement et d\u2019ext\u00e9rioriser, mais \u00e7a manque encore de mixit\u00e9\u00a0\u00bb, regrette Ryad qui aimerait c\u00f4toyer des gens ext\u00e9rieurs au handicap. <\/p>\n<p>Ce n\u2019est qu\u2019\u00e0 la mosqu\u00e9e, une fois par semaine, que le jeune retrouve un semblant de vie sociale. Il y retrouve Yacine, un \u00e9tudiant en m\u00e9decine et ami de la famille. \u00c0 la mention de ce nom, un large sourire illumine le visage de Ryad. \u00ab\u00a0Quand il vient me voir, je sais qu\u2019il n\u2019est pas l\u00e0 pour faire du social\u00a0\u00bb, explique-t-il.<\/p>\n<p><img loading=\"lazy\" decoding=\"async\" width=\"2048\" height=\"1365\" src=\"https:\/\/www.europesays.com\/fr\/wp-content\/uploads\/2025\/10\/54826371987-40b5bd5599-k.jpg\" alt=\"\" class=\"wp-image-362186\"  \/> Dalila, 58 ans, a r\u00e9duit son temps de travail pour trouver de quoi occuper le quotidien de son fils. Photo\u00a0: Line Baudriller \/ Rue89 Strasbourg<\/p>\n<p>Depuis pr\u00e8s d\u2019un an, ce grand amateur de cin\u00e9ma s\u2019est lanc\u00e9 sur les r\u00e9seaux sociaux. De son pseudo, \u00ab\u00a0rymob6713\u00a0\u00bb, il partage sur TikTok et Instagram des vid\u00e9os qui expliquent son quotidien pour <a href=\"https:\/\/www.instagram.com\/rymob6713\/\" target=\"_blank\" rel=\"noopener\">sensibiliser \u00e0 l\u2019isolement des personnes handicap\u00e9es<\/a>. Son r\u00eave ultime : faire un film \u00e0 partir de son histoire. <\/p>\n<p>En attendant, avec l\u2019aide de sa m\u00e8re, il tente de proposer ses services \u00e0 la mairie pour tester les am\u00e9nagements pour personnes handicap\u00e9es dans l\u2019espace public et faire en sorte qu\u2019ils soient plus adapt\u00e9s aux besoins r\u00e9els. \u00ab\u00a0J\u2019aimerais bien aussi faire un partenariat avec des marques de v\u00eatements qui proposent des collections adapt\u00e9es aux handicaps moteurs comme Jules ou Kiabi\u00a0\u00bb, continue Ryad qui ne manque pas d\u2019id\u00e9es. <\/p>\n<p>Mais comme celles-ci ne se concr\u00e9tisent pas, le jeune homme a du mal \u00e0 se projeter :<\/p>\n<blockquote class=\"wp-block-quote is-layout-flow wp-block-quote-is-layout-flow\">\n<p>\u00ab\u00a0Je d\u00e9teste mon anniversaire : ce jour-l\u00e0, je fais le bilan de ma vie et je pense \u00e0 tout ce que je voudrais faire. Mais je suis coinc\u00e9, derri\u00e8re ma fen\u00eatre \u00e0 r\u00eaver.\u00a0\u00bb\u00a0<\/p>\n<\/blockquote>\n<p>Difficile pour une m\u00e8re d\u2019entendre son fils regretter le jour de sa naissance. Dalila ne peut retenir ses larmes. \u00ab\u00a0Je n\u2019arr\u00eaterai pas de me battre pour qu\u2019il trouve une occupation et un sens \u00e0 sa vie\u00a0\u00bb, confie-t-elle, la gorge nou\u00e9e par l\u2019\u00e9motion. C\u2019est le combat de toute une famille.  <\/p>\n<p><script async src=\"\/\/www.instagram.com\/embed.js\"><\/script><\/p>\n","protected":false},"excerpt":{"rendered":"\u00c0 22 ans, Ryad Besseghir a quitt\u00e9 le domicile familial pour vivre dans un studio adapt\u00e9 \u00e0 son&hellip;\n","protected":false},"author":2,"featured_media":459856,"comment_status":"","ping_status":"","sticky":false,"template":"","format":"standard","meta":{"footnotes":""},"categories":[2820],"tags":[1111,11,1777,674,1011,27,775,1943,4075,1393,12,25,104,640,3847],"class_list":{"0":"post-459855","1":"post","2":"type-post","3":"status-publish","4":"format-standard","5":"has-post-thumbnail","7":"category-strasbourg","8":"tag-actu","9":"tag-actualites","10":"tag-eu","11":"tag-europe","12":"tag-fr","13":"tag-france","14":"tag-grand-est","15":"tag-handicap","16":"tag-jeunesse","17":"tag-loisirs","18":"tag-news","19":"tag-republique-francaise","20":"tag-societe","21":"tag-strasbourg","22":"tag-travail"},"share_on_mastodon":{"url":"https:\/\/pubeurope.com\/@fr\/115366913181880343","error":""},"_links":{"self":[{"href":"https:\/\/www.europesays.com\/fr\/wp-json\/wp\/v2\/posts\/459855","targetHints":{"allow":["GET"]}}],"collection":[{"href":"https:\/\/www.europesays.com\/fr\/wp-json\/wp\/v2\/posts"}],"about":[{"href":"https:\/\/www.europesays.com\/fr\/wp-json\/wp\/v2\/types\/post"}],"author":[{"embeddable":true,"href":"https:\/\/www.europesays.com\/fr\/wp-json\/wp\/v2\/users\/2"}],"replies":[{"embeddable":true,"href":"https:\/\/www.europesays.com\/fr\/wp-json\/wp\/v2\/comments?post=459855"}],"version-history":[{"count":0,"href":"https:\/\/www.europesays.com\/fr\/wp-json\/wp\/v2\/posts\/459855\/revisions"}],"wp:featuredmedia":[{"embeddable":true,"href":"https:\/\/www.europesays.com\/fr\/wp-json\/wp\/v2\/media\/459856"}],"wp:attachment":[{"href":"https:\/\/www.europesays.com\/fr\/wp-json\/wp\/v2\/media?parent=459855"}],"wp:term":[{"taxonomy":"category","embeddable":true,"href":"https:\/\/www.europesays.com\/fr\/wp-json\/wp\/v2\/categories?post=459855"},{"taxonomy":"post_tag","embeddable":true,"href":"https:\/\/www.europesays.com\/fr\/wp-json\/wp\/v2\/tags?post=459855"}],"curies":[{"name":"wp","href":"https:\/\/api.w.org\/{rel}","templated":true}]}}