{"id":459857,"date":"2025-10-13T12:42:12","date_gmt":"2025-10-13T12:42:12","guid":{"rendered":"https:\/\/www.europesays.com\/fr\/459857\/"},"modified":"2025-10-13T12:42:12","modified_gmt":"2025-10-13T12:42:12","slug":"des-retours-importants-face-a-strasbourg","status":"publish","type":"post","link":"https:\/\/www.europesays.com\/fr\/459857\/","title":{"rendered":"Des retours importants face \u00e0 Strasbourg ?"},"content":{"rendered":"<p class=\"date\">\n                                                            Axel Allag, Media365, publi\u00e9 le lundi 13 octobre 2025 \u00e0 14h10\n                                                    <\/p>\n<p>Le PSG pourrait afficher un visage d\u00e9bordant de sant\u00e9 face \u00e0 Strasbourg, vendredi au Parc des Princes, alors que des bless\u00e9s sont attendus de retour.<\/p>\n<p>A l&rsquo;occasion de l&rsquo;ouverture de la huiti\u00e8me journ\u00e9e de Ligue 1, et le match PSG-Strasbourg pr\u00e9vu vendredi au Parc des Princes (20h45), le club de la capitale devrait s&rsquo;appuyer sur plusieurs futurs anciens bless\u00e9s qui fr\u00e9quent l&rsquo;infirmerie depuis de longues semaines. Ainsi, la situation v\u00e9cue \u00e0 Lille (1-1), quand Luis Enrique \u00e9tait priv\u00e9 de sept joueurs sur blessures pourrait ressembler \u00e0 un lointain souvenir. Selon les informations d&rsquo;un insider connu de la communaut\u00e9 du PSG &#8211; Djamel sur X -, plusieurs joueurs devraient \u00eatre en mesure de d\u00e9fier le club alsacien dans quatre jours.<\/p>\n<p>Demb\u00e9l\u00e9 et Dou\u00e9 de retour, comme Kvaratskhelia et Barcola ?<\/p>\n<p>Bless\u00e9s depuis la tr\u00eave internationale de septembre, Ousmane Demb\u00e9l\u00e9 et D\u00e9sir\u00e9 Dou\u00e9 seraient de ceux-l\u00e0. Selon la source, les deux joueurs ont repris l&rsquo;entra\u00eenement collectif et visent un retour \u00e0 l&rsquo;occasion de la r\u00e9ception du Racing. Selon cette m\u00eame source, Dou\u00e9 a m\u00eame repris les s\u00e9ances collectives au cours de la semaine pass\u00e9e tandis que Ousmane Demb\u00e9l\u00e9 est lui dans les temps apr\u00e8s avoir subi une l\u00e9sion s\u00e9v\u00e8re de l&rsquo;ischio-jambier droit face \u00e0 l&rsquo;Ukraine et il devrait donc faire son retour \u00e0 l&rsquo;occasion de ce match face \u00e0 l&rsquo;actuel troisi\u00e8me de Ligue 1.<\/p>\n<p>Bless\u00e9 lors du PSG-Auxerre (2-0) du 27 septembre dernier, Khvicha Kvaratskhelia est lui dans un meilleur \u00e9tat car il a d\u00e9j\u00e0 repris l&rsquo;entra\u00eenement avec la G\u00e9orgie et \u00e9tait m\u00eame titulaire pour le match contre l\u00a0\u00bbEspagne samedi soir (il a jou\u00e9 70 minutes lors de la d\u00e9faite 2-0). A moins d&rsquo;une rechute \u00e0 l&rsquo;occasion de la rencontre face \u00e0 la Turquie mercredi soir, il devrait donc \u00eatre en \u00e9tat de jouer face \u00e0 Strasbourg. Touch\u00e9s face \u00e0 Lille, Bradley Barcola et\u00a0Senny Mayulu devraient continuer \u00e0 se tester afin d&rsquo;en savoir plus sur leur \u00e9tat physique, alors que la pr\u00e9caution est de mise pour Fabian Ruiz, touch\u00e9 \u00e0 la cuisse face au Bar\u00e7a juste avant la tr\u00eave actuelle. Rien n&rsquo;a filtr\u00e9 concernant Marquinhos (touch\u00e9 face \u00e0 l&rsquo;OM) et Jo\u00e3o\u00a0Neves, qui n&rsquo;a plus jou\u00e9 depuis le match contre l&rsquo;Atalanta Bergame en C1 en raison d&rsquo;une blessure aux ischio-jambiers gauches.<\/p>\n","protected":false},"excerpt":{"rendered":"Axel Allag, Media365, publi\u00e9 le lundi 13 octobre 2025 \u00e0 14h10 Le PSG pourrait afficher un visage d\u00e9bordant&hellip;\n","protected":false},"author":2,"featured_media":459858,"comment_status":"","ping_status":"","sticky":false,"template":"","format":"standard","meta":{"footnotes":""},"categories":[2820],"tags":[1111,11,1777,674,1011,27,775,12,25,640],"class_list":{"0":"post-459857","1":"post","2":"type-post","3":"status-publish","4":"format-standard","5":"has-post-thumbnail","7":"category-strasbourg","8":"tag-actu","9":"tag-actualites","10":"tag-eu","11":"tag-europe","12":"tag-fr","13":"tag-france","14":"tag-grand-est","15":"tag-news","16":"tag-republique-francaise","17":"tag-strasbourg"},"share_on_mastodon":{"url":"https:\/\/pubeurope.com\/@fr\/115366916581685936","error":""},"_links":{"self":[{"href":"https:\/\/www.europesays.com\/fr\/wp-json\/wp\/v2\/posts\/459857","targetHints":{"allow":["GET"]}}],"collection":[{"href":"https:\/\/www.europesays.com\/fr\/wp-json\/wp\/v2\/posts"}],"about":[{"href":"https:\/\/www.europesays.com\/fr\/wp-json\/wp\/v2\/types\/post"}],"author":[{"embeddable":true,"href":"https:\/\/www.europesays.com\/fr\/wp-json\/wp\/v2\/users\/2"}],"replies":[{"embeddable":true,"href":"https:\/\/www.europesays.com\/fr\/wp-json\/wp\/v2\/comments?post=459857"}],"version-history":[{"count":0,"href":"https:\/\/www.europesays.com\/fr\/wp-json\/wp\/v2\/posts\/459857\/revisions"}],"wp:featuredmedia":[{"embeddable":true,"href":"https:\/\/www.europesays.com\/fr\/wp-json\/wp\/v2\/media\/459858"}],"wp:attachment":[{"href":"https:\/\/www.europesays.com\/fr\/wp-json\/wp\/v2\/media?parent=459857"}],"wp:term":[{"taxonomy":"category","embeddable":true,"href":"https:\/\/www.europesays.com\/fr\/wp-json\/wp\/v2\/categories?post=459857"},{"taxonomy":"post_tag","embeddable":true,"href":"https:\/\/www.europesays.com\/fr\/wp-json\/wp\/v2\/tags?post=459857"}],"curies":[{"name":"wp","href":"https:\/\/api.w.org\/{rel}","templated":true}]}}