{"id":459859,"date":"2025-10-13T12:43:12","date_gmt":"2025-10-13T12:43:12","guid":{"rendered":"https:\/\/www.europesays.com\/fr\/459859\/"},"modified":"2025-10-13T12:43:12","modified_gmt":"2025-10-13T12:43:12","slug":"le-magasin-de-tissus-toto-a-finalement-rouvert-rue-de-france-a-nice","status":"publish","type":"post","link":"https:\/\/www.europesays.com\/fr\/459859\/","title":{"rendered":"le magasin de tissus Toto a finalement rouvert rue de France \u00e0 Nice"},"content":{"rendered":"<p class=\"fs-5 \">Tissus, mercerie, laine : les essentiels des couturi\u00e8res et tricoteuses sont de retour au 36, rue de France sous l\u2019enseigne que l\u2019on croyait disparue : Toto (groupe Neuftex).<\/p>\n<p class=\"fs-5 \">La petite boutique \u00e0 la devanture jaune et noire a relev\u00e9 son rideau le vendredi 3 octobre 2025. Uniquement elle, pas celle de l\u2019avenue Malauss\u00e9na. Car la cha\u00eene a \u00e9t\u00e9 rachet\u00e9e par Les Tissus des Ursules qui conservent moins de la moiti\u00e9 de la vingtaine de points de vente r\u00e9partis dans l\u2019Hexagone.<\/p>\n<p class=\"fs-5 \">D\u00e8s l\u2019ouverture, les clients \u00e9taient d\u00e9j\u00e0 nombreux dans le magasin. Beaucoup d\u2019entre eux sont venus par hasard, en passant devant, se rendant compte que la lumi\u00e8re \u00e9tait allum\u00e9e et les rayonnages achaland\u00e9s. \u00ab Mais c\u2019est ouvert ! Je croyais que c\u2019\u00e9tait ferm\u00e9 depuis des lustres, constate une dame en balade avec une amie. C\u2019est chouette, \u00e7a manquait, je ne savais plus o\u00f9 aller acheter mon tissu. \u00bb<\/p>\n<p>                                                                                Une r\u00e9surrection<\/p>\n<p class=\"fs-5 \">Car Toto a connu de longs mois d\u2019atermoiements : <a href=\"https:\/\/www.nicematin.com\/economie\/cette-enseigne-emblematique-de-tissus-liquide-son-stock-avant-sa-fermeture-definitive-a-nice-923827\" rel=\"nofollow noopener\" target=\"_blank\">menace de fermeture<\/a> \u00e0 l\u2019\u00e9t\u00e9 2024,<a href=\"https:\/\/www.nicematin.com\/societe\/social\/bonne-nouvelle-les-magasins-de-tissu-toto-de-nice-et-cannes-ne-ferment-finalement-pas-951778\" rel=\"nofollow noopener\" target=\"_blank\"> sortie de crise <\/a>\u00e0 l\u2019automne avant de replonger au printemps 2025 pour fermer au <a href=\"https:\/\/www.nicematin.com\/societe\/vie-locale\/il-ne-vous-reste-plus-que-quelques-jours-pour-acheter-vos-tissus-l-enseigne-toto-va-definitivement-baisser-le-rideau-a-nice-988840\" rel=\"nofollow noopener\" target=\"_blank\">tout d\u00e9but de l\u2019\u00e9t\u00e9<\/a>. Alors personne ne s\u2019attendait \u00e0 la r\u00e9surrection du paradis des \u00e9toffes. \u00ab Nos clients sont revenus lorsqu\u2019ils ont su qu\u2019on rouvrait, souffle l\u2019un des trois employ\u00e9s qui ont \u00e9t\u00e9 repris. Ils sont sinc\u00e8rement contents et \u00e7a nous fait plaisir de les retrouver. \u00bb<\/p>\n<p class=\"fs-5 \">En plus, le magasin a fait de menus travaux. Fini le joyeux bazar d\u2019antan, c\u2019est plus a\u00e9r\u00e9, mieux rang\u00e9. On y trouve une s\u00e9lection des produits des Ursules (qui a un magasin avenue Gustave-Eiffel \u00e0 Saint-Isidore) : rouleaux de popeline, de tissus d\u2019ameublement, pelotes de laines, aiguilles en tous genres mais aussi rubanerie et autres zips&#8230; Il est ouvert du lundi au samedi, de 10h \u00e0 12h et de 14h \u00e0 19h.<\/p>\n","protected":false},"excerpt":{"rendered":"Tissus, mercerie, laine : les essentiels des couturi\u00e8res et tricoteuses sont de retour au 36, rue de France&hellip;\n","protected":false},"author":2,"featured_media":459860,"comment_status":"","ping_status":"","sticky":false,"template":"","format":"standard","meta":{"footnotes":""},"categories":[2819],"tags":[1111,11,1777,674,1011,27,12,2401,882,25],"class_list":{"0":"post-459859","1":"post","2":"type-post","3":"status-publish","4":"format-standard","5":"has-post-thumbnail","7":"category-nice","8":"tag-actu","9":"tag-actualites","10":"tag-eu","11":"tag-europe","12":"tag-fr","13":"tag-france","14":"tag-news","15":"tag-nice","16":"tag-provence-alpes-cote-dazur","17":"tag-republique-francaise"},"share_on_mastodon":{"url":"https:\/\/pubeurope.com\/@fr\/115366920601830757","error":""},"_links":{"self":[{"href":"https:\/\/www.europesays.com\/fr\/wp-json\/wp\/v2\/posts\/459859","targetHints":{"allow":["GET"]}}],"collection":[{"href":"https:\/\/www.europesays.com\/fr\/wp-json\/wp\/v2\/posts"}],"about":[{"href":"https:\/\/www.europesays.com\/fr\/wp-json\/wp\/v2\/types\/post"}],"author":[{"embeddable":true,"href":"https:\/\/www.europesays.com\/fr\/wp-json\/wp\/v2\/users\/2"}],"replies":[{"embeddable":true,"href":"https:\/\/www.europesays.com\/fr\/wp-json\/wp\/v2\/comments?post=459859"}],"version-history":[{"count":0,"href":"https:\/\/www.europesays.com\/fr\/wp-json\/wp\/v2\/posts\/459859\/revisions"}],"wp:featuredmedia":[{"embeddable":true,"href":"https:\/\/www.europesays.com\/fr\/wp-json\/wp\/v2\/media\/459860"}],"wp:attachment":[{"href":"https:\/\/www.europesays.com\/fr\/wp-json\/wp\/v2\/media?parent=459859"}],"wp:term":[{"taxonomy":"category","embeddable":true,"href":"https:\/\/www.europesays.com\/fr\/wp-json\/wp\/v2\/categories?post=459859"},{"taxonomy":"post_tag","embeddable":true,"href":"https:\/\/www.europesays.com\/fr\/wp-json\/wp\/v2\/tags?post=459859"}],"curies":[{"name":"wp","href":"https:\/\/api.w.org\/{rel}","templated":true}]}}