{"id":459861,"date":"2025-10-13T12:44:23","date_gmt":"2025-10-13T12:44:23","guid":{"rendered":"https:\/\/www.europesays.com\/fr\/459861\/"},"modified":"2025-10-13T12:44:23","modified_gmt":"2025-10-13T12:44:23","slug":"a-nice-en-quoi-lextension-sur-8-hectares-de-la-coulee-verte-sera-t-elle-tres-differente-de-la-version-de-2013","status":"publish","type":"post","link":"https:\/\/www.europesays.com\/fr\/459861\/","title":{"rendered":"\u00c0 Nice, en quoi l&rsquo;extension sur 8 hectares de la coul\u00e9e verte sera-t-elle tr\u00e8s diff\u00e9rente de la version de 2013 ?"},"content":{"rendered":"<p><strong>Alors que Nice s\u2019appr\u00eate \u00e0\u00a0inaugurer la deuxi\u00e8me phase de sa coul\u00e9e verte, la Ville mise plus que jamais sur le retour du v\u00e9g\u00e9tal. Pierre-Paul L\u00e9onelli, adjoint au maire et pilier de la majorit\u00e9 Estrosi, d\u00e9taille la strat\u00e9gie de verdissement dans Nice-Presse Dimanche.<\/strong><\/p>\n<p><strong>SYNTH\u00c8SE &#8211; <\/strong>Les pelleteuses ont laiss\u00e9 place aux pelles et aux arrosoirs. L\u2019ann\u00e9e 2025 sera verte, avec des chantiers qui transforment la ville. Et ce n\u2019est pas\u00a0fini\u00a0!\u00a0<\/p>\n<p>Le Grand parc de la Plaine du Var, dont un premier tron\u00e7on de trois hectares vient d\u2019\u00eatre ouvert, en est le symbole. \u00c0\u00a0terme, trente hectares s\u2019\u00e9tendront en un long ruban vert, m\u00ealant espaces agricoles, zones sauvages et aires familiales. \u00ab\u00a0On dirait que le parc a\u00a0toujours exist\u00e9\u00a0\u00bb, confie Pierre-Paul L\u00e9onelli, non sans fiert\u00e9. L\u2019objectif, rendre \u00e0\u00a0la nature des terrains industriels longtemps sacrifi\u00e9s, avec un vrai travail de d\u00e9pollution et de d\u00e9simperm\u00e9abilisation.<\/p>\n<blockquote class=\"twitter-tweet\">\n<p lang=\"fr\" dir=\"ltr\">\ud83d\udd35 Propret\u00e9 des rues, gestion des d\u00e9chets par la M\u00e9tropole, mais aussi inauguration de la coul\u00e9e verte \u00ab\u00a0saison 2\u00a0\u00bb et de nouveaux jardins\u2026<a href=\"https:\/\/twitter.com\/PPLeonelli?ref_src=twsrc%5Etfw\" target=\"_blank\" rel=\"noopener external noreferrer nofollow\" data-wpel-link=\"external\" class=\"wpel-icon-right\">@PPLeonelli<\/a>, l\u2019un des principaux adjoints de Christian Estrosi, est l\u2019invit\u00e9 de Nice-Presse Dimanche<\/p>\n<p>\u27a1\ufe0f <a href=\"https:\/\/t.co\/6ng1wwrOHy\" data-wpel-link=\"external\" target=\"_blank\" rel=\"external noopener noreferrer nofollow\" class=\"wpel-icon-right\">https:\/\/t.co\/6ng1wwrOHy<\/a> <a href=\"https:\/\/t.co\/2KbYZJazfR\" data-wpel-link=\"external\" target=\"_blank\" rel=\"external noopener noreferrer nofollow\" class=\"wpel-icon-right\">pic.twitter.com\/2KbYZJazfR<\/a><\/p>\n<p>\u2014 Nice-Presse \u00b7 Top infos (@NicePresse) <a href=\"https:\/\/twitter.com\/NicePresse\/status\/1974866806407049408?ref_src=twsrc%5Etfw\" target=\"_blank\" rel=\"noopener external noreferrer nofollow\" data-wpel-link=\"external\" class=\"wpel-icon-right\">October 5,\u00a02025<\/a><\/p><\/blockquote>\n<p>Une coul\u00e9e verte \u00ab\u00a0plus touffue, plus sauvage\u00a0\u00bb<\/p>\n<p>Dans le centre-ville, c\u2019est un autre projet qui attire l\u2019attention. Le 18 octobre, la deuxi\u00e8me partie de la coul\u00e9e verte sera inaugur\u00e9e, huit hectares suppl\u00e9mentaires de respiration urbaine. Cette \u00ab\u00a0saison 2\u00a0\u00bb tranche volontairement avec la premi\u00e8re phase de 2013. Fini les grandes dalles min\u00e9rales et les pelouses br\u00fbl\u00e9es par les \u00e9v\u00e8nements. Place \u00e0\u00a0une for\u00eat urbaine, touffue, ombrag\u00e9e, plus fra\u00eeche et plus apais\u00e9e.<\/p>\n<p><img loading=\"lazy\" decoding=\"async\" width=\"1119\" height=\"630\" src=\"data:image\/svg+xml,%3Csvg%20xmlns=\" http:=\"\" alt=\"ACROPOLIS VUE CALADE ET FORET hires 2048x1153 1\" class=\"wp-image-253796\" title=\"\u00c0 Nice, en quoi l'extension sur 8 hectares de la coul\u00e9e verte sera-t-elle tr\u00e8s diff\u00e9rente de la version de 2013 ? 1\" data-lazy- data-lazy- data-lazy-src=\"https:\/\/www.europesays.com\/fr\/wp-content\/uploads\/2025\/10\/ACROPOLIS-VUE-CALADE-ET-FORET_hires-2048x1153-1-1119x630.png\"\/>\u00a9 DR<\/p>\n<p><img loading=\"lazy\" decoding=\"async\" width=\"1120\" height=\"630\" src=\"data:image\/svg+xml,%3Csvg%20xmlns=\" http:=\"\" alt=\"ACROPOLIS VUE ALLEE CENTRALE ET BASSIN hires 2048x1152 1\" class=\"wp-image-253797\" title=\"\u00c0 Nice, en quoi l'extension sur 8 hectares de la coul\u00e9e verte sera-t-elle tr\u00e8s diff\u00e9rente de la version de 2013 ? 2\" data-lazy- data-lazy- data-lazy-src=\"https:\/\/www.europesays.com\/fr\/wp-content\/uploads\/2025\/10\/ACROPOLIS-VUE-ALLEE-CENTRALE-ET-BASSIN_hires-2048x1152-1-1120x630.png\"\/>\u00a9 DR<\/p>\n<p>La municipalit\u00e9 met un point d\u2019honneur \u00e0\u00a0concilier \u00e9cologie et tranquillit\u00e9 publique. Des cl\u00f4tures, des cam\u00e9ras et l\u2019embauche de gardes-champ\u00eatres accompagneront ce nouvel \u00e9crin de verdure. Un choix qui traduit une vision de la nature urbaine \u00e0\u00a0la fois accueillante et prot\u00e9g\u00e9e, loin de tout laxisme s\u00e9curitaire.<\/p>\n<p>Verdissement massif et strat\u00e9gie municipale<\/p>\n<p>Nice n\u2019a jamais plant\u00e9 autant d\u2019arbres. L\u2019\u00e9quipe Estrosi revendique d\u00e9j\u00e0 220.000 plantations sur les 260.000 promises avant la fin du mandat. Un arbre par habitant, ou presque. Une promesse que Pierre-Paul L\u00e9onelli assure pouvoir tenir. Selon lui, les donn\u00e9es ind\u00e9pendantes, notamment celles de la startup Kermap, confirment la baisse des \u00eelots de chaleur et l\u2019am\u00e9lioration de la qualit\u00e9 de l\u2019air. Une r\u00e9ussite \u00e9cologique qui, au passage, nourrit aussi le r\u00e9cit politique de la majorit\u00e9 sortante, \u00e0\u00a0quelques mois des municipales.<\/p>\n<p>Les prochaines \u00e9tapes\u00a0? L\u2019ach\u00e8vement des trames vertes du quartier du V\u0153u, autour de l\u2019H\u00f4tel des Postes, et le prolongement vers le parvis Nicolas Sarkozy, avant de s\u2019attaquer au secteur du Port. L\u2019\u00e9lu reste prudent, campagne oblige, mais ne cache pas sa satisfaction de voir le projet avancer \u00e0\u00a0grands pas.<\/p>\n<p><a href=\"https:\/\/www.nice.fr\/agenda\/nice-son-passe-a-de-lavenir\/20251016-1000\/\" data-wpel-link=\"external\" target=\"_blank\" rel=\"external noopener noreferrer nofollow\"><img loading=\"lazy\" decoding=\"async\" width=\"300\" height=\"300\" src=\"data:image\/svg+xml,%3Csvg%20xmlns=\" http:=\"\" alt=\"\" class=\"wp-image-253717\" data-lazy-src=\"https:\/\/www.europesays.com\/fr\/wp-content\/uploads\/2025\/10\/VILLA-MASSENA-300x300-9-25-nicepress.jpg\"\/><\/a><\/p>\n<p>\t<script async src=\"https:\/\/platform.twitter.com\/widgets.js\" charset=\"utf-8\"><\/script><\/p>\n","protected":false},"excerpt":{"rendered":"Alors que Nice s\u2019appr\u00eate \u00e0\u00a0inaugurer la deuxi\u00e8me phase de sa coul\u00e9e verte, la Ville mise plus que jamais&hellip;\n","protected":false},"author":2,"featured_media":459862,"comment_status":"","ping_status":"","sticky":false,"template":"","format":"standard","meta":{"footnotes":""},"categories":[2819],"tags":[1111,11,1777,674,1011,27,12,2401,882,25],"class_list":{"0":"post-459861","1":"post","2":"type-post","3":"status-publish","4":"format-standard","5":"has-post-thumbnail","7":"category-nice","8":"tag-actu","9":"tag-actualites","10":"tag-eu","11":"tag-europe","12":"tag-fr","13":"tag-france","14":"tag-news","15":"tag-nice","16":"tag-provence-alpes-cote-dazur","17":"tag-republique-francaise"},"share_on_mastodon":{"url":"https:\/\/pubeurope.com\/@fr\/115366924421446100","error":""},"_links":{"self":[{"href":"https:\/\/www.europesays.com\/fr\/wp-json\/wp\/v2\/posts\/459861","targetHints":{"allow":["GET"]}}],"collection":[{"href":"https:\/\/www.europesays.com\/fr\/wp-json\/wp\/v2\/posts"}],"about":[{"href":"https:\/\/www.europesays.com\/fr\/wp-json\/wp\/v2\/types\/post"}],"author":[{"embeddable":true,"href":"https:\/\/www.europesays.com\/fr\/wp-json\/wp\/v2\/users\/2"}],"replies":[{"embeddable":true,"href":"https:\/\/www.europesays.com\/fr\/wp-json\/wp\/v2\/comments?post=459861"}],"version-history":[{"count":0,"href":"https:\/\/www.europesays.com\/fr\/wp-json\/wp\/v2\/posts\/459861\/revisions"}],"wp:featuredmedia":[{"embeddable":true,"href":"https:\/\/www.europesays.com\/fr\/wp-json\/wp\/v2\/media\/459862"}],"wp:attachment":[{"href":"https:\/\/www.europesays.com\/fr\/wp-json\/wp\/v2\/media?parent=459861"}],"wp:term":[{"taxonomy":"category","embeddable":true,"href":"https:\/\/www.europesays.com\/fr\/wp-json\/wp\/v2\/categories?post=459861"},{"taxonomy":"post_tag","embeddable":true,"href":"https:\/\/www.europesays.com\/fr\/wp-json\/wp\/v2\/tags?post=459861"}],"curies":[{"name":"wp","href":"https:\/\/api.w.org\/{rel}","templated":true}]}}