{"id":459884,"date":"2025-10-13T12:56:12","date_gmt":"2025-10-13T12:56:12","guid":{"rendered":"https:\/\/www.europesays.com\/fr\/459884\/"},"modified":"2025-10-13T12:56:12","modified_gmt":"2025-10-13T12:56:12","slug":"les-matchs-des-bleuets-diffuses-en-exclusivite-par-le-streamer-lyonnais-zack-nani","status":"publish","type":"post","link":"https:\/\/www.europesays.com\/fr\/459884\/","title":{"rendered":"les matchs des Bleuets diffus\u00e9s en exclusivit\u00e9 par le streamer lyonnais Zack Nani"},"content":{"rendered":"<p>La F\u00e9d\u00e9ration Fran\u00e7aise de Football (FFF) a annonc\u00e9 ce dimanche soir \u00ab\u00a0un partenariat innovant avec Zack Nani\u00a0\u00bb qui devient le nouveau diffuseur officiel de l\u2019\u00c9quipe de France Espoirs pour les deux prochaines saisons.<\/p>\n<p>Le c\u00e9l\u00e8bre YouTuber et streamer lyonnais qui rassemble pr\u00e8s d\u20191,55\u00a0million d\u2019abonn\u00e9s sur You Tube et Twich propose de retrouver gratuitement, en direct et en exclusivit\u00e9, les matchs des Bleuets.<\/p>\n<p>  Lancement ce lundi 13\u00a0octobre \u00e0 l\u2019occasion du match France-Estonie<\/p>\n<p>Cette nouvelle collaboration d\u00e9butera ce lundi 13\u00a0octobre \u00e0 l\u2019occasion du match France-Estonie au Stade des Alpes de Grenoble (Is\u00e8re) \u00e0 18\u00a0h\u00a030, comptant pour les qualifications \u00e0 l\u2019Euro 2027. Les matchs seront diffus\u00e9s jusqu\u2019au lancement de l\u2019Euro 2027, hors phase finale.<\/p>\n<p>Avec ce nouveau diffuseur, <a href=\"https:\/\/www.fff.fr\/article\/15500-zack-nani-nouveau-diffuseur-des-espoirs.html\" target=\"_blank\" rel=\"nofollow noopener\"> la FFF<\/a> affirme sa volont\u00e9 de \u00ab\u00a0mettre en valeur sa s\u00e9lection Espoirs de mani\u00e8re adapt\u00e9e aux nouveaux modes de consommation de ses jeunes supporters et du grand public\u00a0\u00bb.<\/p>\n<p>Zack Nani s\u2019est f\u00e9licit\u00e9 de cette nouvelle acquisition en \u00e9crivant sur X\u00a0: \u00ab\u00a0France 98. France 2018. Des g\u00e9n\u00e9rations qui ont fait r\u00eaver beaucoup de monde. \u00c0 mon tour de vous pr\u00e9senter ceux qui \u00e9criront la suite.\u00a0\u00bb<\/p>\n<p>Le Lyonnais avait marqu\u00e9 l\u2019actualit\u00e9 des droits TV du football <a href=\"https:\/\/www.leprogres.fr\/culture-loisirs\/2025\/08\/09\/le-streameur-lyonnais-zack-nani-va-diffuser-gratuitement-les-matchs-de-benzema-lacazette-et-ronaldo-en-saoudi-pro-league\" target=\"_blank\" rel=\"nofollow noopener\">en ao\u00fbt dernier<\/a> en r\u00e9cup\u00e9rant, apr\u00e8s la fin du contrat avec Canal +, la diffusion de la Saudi Pro League, le championnat de football d\u2019Arabie saoudite, dans lequel \u00e9voluent <a href=\"https:\/\/www.leprogres.fr\/p\/cristiano-ronaldo\" target=\"_blank\" rel=\"nofollow noopener\">Cristiano Ronaldo<\/a> ou encore des anciens Lyonnais Alexandre Lacazette et Karim Benzema.<\/p>\n","protected":false},"excerpt":{"rendered":"La F\u00e9d\u00e9ration Fran\u00e7aise de Football (FFF) a annonc\u00e9 ce dimanche soir \u00ab\u00a0un partenariat innovant avec Zack Nani\u00a0\u00bb qui&hellip;\n","protected":false},"author":2,"featured_media":459885,"comment_status":"","ping_status":"","sticky":false,"template":"","format":"standard","meta":{"footnotes":""},"categories":[1889],"tags":[1111,11,2430,2757,1777,674,63,1011,27,2428,2756,12,973,25,2429,104,517],"class_list":{"0":"post-459884","1":"post","2":"type-post","3":"status-publish","4":"format-standard","5":"has-post-thumbnail","7":"category-lyon","8":"tag-actu","9":"tag-actualites","10":"tag-auvergne-rhone-alpes","11":"tag-edition-lyon-villeurbanne","12":"tag-eu","13":"tag-europe","14":"tag-football","15":"tag-fr","16":"tag-france","17":"tag-lyon","18":"tag-lyon-bassin","19":"tag-news","20":"tag-people","21":"tag-republique-francaise","22":"tag-rhone","23":"tag-societe","24":"tag-sport"},"share_on_mastodon":{"url":"","error":""},"_links":{"self":[{"href":"https:\/\/www.europesays.com\/fr\/wp-json\/wp\/v2\/posts\/459884","targetHints":{"allow":["GET"]}}],"collection":[{"href":"https:\/\/www.europesays.com\/fr\/wp-json\/wp\/v2\/posts"}],"about":[{"href":"https:\/\/www.europesays.com\/fr\/wp-json\/wp\/v2\/types\/post"}],"author":[{"embeddable":true,"href":"https:\/\/www.europesays.com\/fr\/wp-json\/wp\/v2\/users\/2"}],"replies":[{"embeddable":true,"href":"https:\/\/www.europesays.com\/fr\/wp-json\/wp\/v2\/comments?post=459884"}],"version-history":[{"count":0,"href":"https:\/\/www.europesays.com\/fr\/wp-json\/wp\/v2\/posts\/459884\/revisions"}],"wp:featuredmedia":[{"embeddable":true,"href":"https:\/\/www.europesays.com\/fr\/wp-json\/wp\/v2\/media\/459885"}],"wp:attachment":[{"href":"https:\/\/www.europesays.com\/fr\/wp-json\/wp\/v2\/media?parent=459884"}],"wp:term":[{"taxonomy":"category","embeddable":true,"href":"https:\/\/www.europesays.com\/fr\/wp-json\/wp\/v2\/categories?post=459884"},{"taxonomy":"post_tag","embeddable":true,"href":"https:\/\/www.europesays.com\/fr\/wp-json\/wp\/v2\/tags?post=459884"}],"curies":[{"name":"wp","href":"https:\/\/api.w.org\/{rel}","templated":true}]}}