{"id":459888,"date":"2025-10-13T12:58:12","date_gmt":"2025-10-13T12:58:12","guid":{"rendered":"https:\/\/www.europesays.com\/fr\/459888\/"},"modified":"2025-10-13T12:58:12","modified_gmt":"2025-10-13T12:58:12","slug":"le-perqo-retour-sur-le-demo-day-de-la-saison-5","status":"publish","type":"post","link":"https:\/\/www.europesays.com\/fr\/459888\/","title":{"rendered":"Le Perqo : retour sur le Demo Day de la saison 5"},"content":{"rendered":"<p>    Les 2 laur\u00e9ats du Demo Day<\/p>\n<p>Apr\u00e8s des pitchs inspirants, 2 prix ont \u00e9t\u00e9 d\u00e9cern\u00e9s :<\/p>\n<p><strong>\u25b6 \u00a0Prix du Public :<\/strong> May Cassius pour Blabbs<\/p>\n<p>                  <img fetchpriority=\"high\" decoding=\"async\" loading=\"eager\" width=\"1140\" height=\"1520\" src=\"https:\/\/www.europesays.com\/fr\/wp-content\/uploads\/2025\/10\/img_5260--1-.jpg.webp\" alt=\"\"\/><\/p>\n<p>                    <strong>Cr\u00e9dit photo :<\/strong><br \/>\n                    \u00a9 R\u00e9gion \u00cele-de-France<\/p>\n<p><strong>\u25b6 \u00a0Prix du Jury : <\/strong>Laura Israel pour ROUTINE<\/p>\n<p>                  <img decoding=\"async\" loading=\"eager\" width=\"1140\" height=\"855\" src=\"https:\/\/www.europesays.com\/fr\/wp-content\/uploads\/2025\/10\/img_0575--1-.jpg.webp\" alt=\"\"\/><\/p>\n<p>                    <strong>Cr\u00e9dit photo :<\/strong><br \/>\n                    \u00a9 R\u00e9gion \u00cele-de-France<\/p>\n<p>Les projets ont \u00e9t\u00e9 \u00e9valu\u00e9s selon des crit\u00e8res d\u2019innovation, d\u2019impact social et environnemental ainsi que de viabilit\u00e9 \u00e9conomique, par un jury compos\u00e9 de :<\/p>\n<ul>\n<li><strong>Milo Richard<\/strong>, Principal, 50 Partners.<\/li>\n<li><strong>Sandrine Egron<\/strong>, Directrice des investissements en sant\u00e9 et impact, Impactivist.<\/li>\n<li><strong>Isabelle Luguenot-Jouanna<\/strong>, investisseuse \u00e0 impact, Business Angel, Pr\u00e9sidente AgroParisTech Innovation SAS.<\/li>\n<\/ul>\n<p>Une saison 5 sous le signe du partage et de l\u2019inspiration<\/p>\n<p>Le Demo Day a \u00e9galement permis d\u2019ouvrir une nouvelle page pour l\u2019incubateur : <strong>plusieurs start-up de la saison 6 ont eu l\u2019occasion de se pr\u00e9senter rapidement, lan\u00e7ant ainsi leur aventure entrepreneuriale au sein du Perqo.<\/strong><\/p>\n<p>Le Demo Day s\u2019est conclu par un cocktail convivial, qui a \u00e9galement permis aux start-up de <strong>la formule Lungo<\/strong> de pr\u00e9senter leurs solutions au sein d\u2019un village d\u00e9di\u00e9 :<\/p>\n<ul>\n<li><a href=\"https:\/\/www.linkedin.com\/in\/s%C3%A9bastien-jallier-b4a59b137\/\" target=\"_blank\" rel=\"noopener\">COMP\u00c8 <\/a>: une boisson 100\u00a0% bio \u00e0 base de gingembre qui vise \u00e0 booster naturellement les performances physiques des sportifs.<\/li>\n<li><a href=\"https:\/\/maisondatus.com\/?srsltid=AfmBOoox4CuVkEcoV7Dbx__38QyE9xYqb_OEq-R2B74qsLeuxVS8GjAp\" target=\"_blank\" rel=\"noopener\">Datus <\/a>: un producteur de boisson innovante \u00e0 base de noyaux de dattes, alternative \u00e9nergisante et antioxydante au caf\u00e9, sans caf\u00e9ine (<a href=\"https:\/\/www.iledefrance.fr\/toutes-les-actualites\/datus-lalternative-au-cafe-infusee-au-perqo\" data-entity-type=\"node\" data-entity-uuid=\"d9cd4b38-04b4-47fc-b8c4-70a92189bdfd\" data-entity-substitution=\"canonical\" target=\"_blank\" rel=\"noopener\">lire l&rsquo;interview<\/a>).<\/li>\n<li><a href=\"https:\/\/street-co.com\/fr\/\" target=\"_blank\" rel=\"noopener\">Streetco <\/a>: une application qui propose des itin\u00e9raires accessibles aux personnes \u00e0 mobilit\u00e9 r\u00e9duite, optimisant les d\u00e9placements selon l\u2019accessibilit\u00e9 des parcours.<\/li>\n<li><a href=\"https:\/\/mailchi.mp\/f5de55eea908\/bulledaide\" target=\"_blank\" rel=\"noopener\">Bulle d\u2019aide<\/a> : un m\u00e9dia d\u00e9di\u00e9 aux aidants, offrant informations et ressources pour accompagner au quotidien les personnes en situation de d\u00e9pendance.<\/li>\n<li><a href=\"https:\/\/www.luniwave.com\/\" target=\"_blank\" rel=\"noopener\">Luniwave <\/a>: une entreprise qui accompagne l\u2019h\u00f4tellerie dans sa transition \u00e9cologique gr\u00e2ce \u00e0 une solution cl\u00e9 en main, ils sensibilisent les utilisateurs avec un dispositif innovant int\u00e9gr\u00e9 aux douches pour r\u00e9duire leur consommation d\u2019eau.<\/li>\n<\/ul>\n","protected":false},"excerpt":{"rendered":"Les 2 laur\u00e9ats du Demo Day Apr\u00e8s des pitchs inspirants, 2 prix ont \u00e9t\u00e9 d\u00e9cern\u00e9s : \u25b6 \u00a0Prix&hellip;\n","protected":false},"author":2,"featured_media":459889,"comment_status":"","ping_status":"","sticky":false,"template":"","format":"standard","meta":{"footnotes":""},"categories":[1592],"tags":[1111,11,1777,674,1011,27,662,12,626,25],"class_list":{"0":"post-459888","1":"post","2":"type-post","3":"status-publish","4":"format-standard","5":"has-post-thumbnail","7":"category-ile-de-france","8":"tag-actu","9":"tag-actualites","10":"tag-eu","11":"tag-europe","12":"tag-fr","13":"tag-france","14":"tag-ile-de-france","15":"tag-news","16":"tag-paris","17":"tag-republique-francaise"},"share_on_mastodon":{"url":"https:\/\/pubeurope.com\/@fr\/115366981113353581","error":""},"_links":{"self":[{"href":"https:\/\/www.europesays.com\/fr\/wp-json\/wp\/v2\/posts\/459888","targetHints":{"allow":["GET"]}}],"collection":[{"href":"https:\/\/www.europesays.com\/fr\/wp-json\/wp\/v2\/posts"}],"about":[{"href":"https:\/\/www.europesays.com\/fr\/wp-json\/wp\/v2\/types\/post"}],"author":[{"embeddable":true,"href":"https:\/\/www.europesays.com\/fr\/wp-json\/wp\/v2\/users\/2"}],"replies":[{"embeddable":true,"href":"https:\/\/www.europesays.com\/fr\/wp-json\/wp\/v2\/comments?post=459888"}],"version-history":[{"count":0,"href":"https:\/\/www.europesays.com\/fr\/wp-json\/wp\/v2\/posts\/459888\/revisions"}],"wp:featuredmedia":[{"embeddable":true,"href":"https:\/\/www.europesays.com\/fr\/wp-json\/wp\/v2\/media\/459889"}],"wp:attachment":[{"href":"https:\/\/www.europesays.com\/fr\/wp-json\/wp\/v2\/media?parent=459888"}],"wp:term":[{"taxonomy":"category","embeddable":true,"href":"https:\/\/www.europesays.com\/fr\/wp-json\/wp\/v2\/categories?post=459888"},{"taxonomy":"post_tag","embeddable":true,"href":"https:\/\/www.europesays.com\/fr\/wp-json\/wp\/v2\/tags?post=459888"}],"curies":[{"name":"wp","href":"https:\/\/api.w.org\/{rel}","templated":true}]}}